{"id":8040,"date":"2017-12-06T09:55:13","date_gmt":"2017-12-06T12:55:13","guid":{"rendered":"http:\/\/www.polisrecreio.com.br\/site\/?p=8040"},"modified":"2017-12-06T10:01:45","modified_gmt":"2017-12-06T13:01:45","slug":"recreio-vive-expectativa-de-resgatar-icms-esportivo","status":"publish","type":"post","link":"https:\/\/www.polisrecreio.com.br\/site\/2017\/12\/06\/recreio-vive-expectativa-de-resgatar-icms-esportivo\/","title":{"rendered":"Recreio vive expectativa de resgatar ICMS Esportivo"},"content":{"rendered":"<p style=\"text-align: justify;\">A Secretaria de Estado de Esportes de Minas Gerais divulgou as datas para as cidades participarem do ICMS Solid\u00e1rio \u2013 Crit\u00e9rio Esportes ano base 2017. O munic\u00edpio de Recreio vive a expectativa de resgatar o recurso que foi perdido\u00a0este ano\u00a0por falta de funcionamento do Conselho de Esportes, de desenvolvimento e apoio as atividades esportivas e de cadastramento de projetos\u00a0em 2016.<\/p>\n<p style=\"text-align: justify;\"><!--more--><\/p>\n<figure id=\"attachment_8041\" aria-describedby=\"caption-attachment-8041\" style=\"width: 750px\" class=\"wp-caption aligncenter\"><a href=\"http:\/\/www.polisrecreio.com.br\/site\/wp-content\/uploads\/2017\/12\/esporte2.jpg\"><img loading=\"lazy\" class=\"size-full wp-image-8041\" src=\"http:\/\/www.polisrecreio.com.br\/site\/wp-content\/uploads\/2017\/12\/esporte2.jpg\" alt=\"Prefeito de Recreio e secret\u00e1rio de Esportes.\" width=\"750\" height=\"428\" srcset=\"https:\/\/www.polisrecreio.com.br\/site\/wp-content\/uploads\/2017\/12\/esporte2.jpg 750w, https:\/\/www.polisrecreio.com.br\/site\/wp-content\/uploads\/2017\/12\/esporte2-300x171.jpg 300w\" sizes=\"(max-width: 750px) 100vw, 750px\" \/><\/a><figcaption id=\"caption-attachment-8041\" class=\"wp-caption-text\">Prefeito de Recreio e secret\u00e1rio de Esportes.<\/figcaption><\/figure>\n<p style=\"text-align: justify;\">Segundo divulga\u00e7\u00e3o do Estado, todas as informa\u00e7\u00f5es dever\u00e3o ser feitas via Sistema de Informa\u00e7\u00e3o ICMS Esportivo. A declara\u00e7\u00e3o de funcionamento do Conselho Municipal de Esportes dever\u00e1 ser realizada at\u00e9 31 de janeiro de 2018. Ap\u00f3s o Conselho ser declarado ativo pela Secretaria de Estado de Esportes iniciasse a fase cadastramento e comprova\u00e7\u00e3o de programas e projetos esportivos que aconteceram no munic\u00edpio e em outros locais at\u00e9 30 de mar\u00e7o de 2018.<\/p>\n<p style=\"text-align: justify;\">De acordo com o secret\u00e1rio de Esportes de Recreio, Leandro Ferreira Medeiros \u201cLeo Medeiros\u201d, \u201co Conselho est\u00e1 em pleno funcionamento, diversas atividades foram desempenhadas em 2017 e todos os documentos necess\u00e1rios para recuperar o recurso est\u00e3o sendo juntados e ser\u00e3o enviados ao Estado dentro dos prazos previstos\u201d.<\/p>\n<p style=\"text-align: justify;\">O prefeito Z\u00e9 Maria Barros destacou os trabalhos desempenhados pelo secret\u00e1rio Leo Medeiros em 2017: \u201cn\u00e3o \u00e9 f\u00e1cil fazer o que fizemos para o esporte da nossa cidade durante este ano, sem nenhum recurso e com muita expectativa dos esportistas. Ao findar 2017 temos que enfatizar o empenho do nosso secret\u00e1rio\u201d.<\/p>\n<p style=\"text-align: justify;\">A primeira vez que Recreio recebeu o ICMS Esportivo foi em 2015, R$ 4.087,51\/ano. No ano seguinte houve um crescimento para R$ 10.968,10\/ano, entretanto, em 2017 o recurso foi perdido por falta de falta de funcionamento do Conselho de Esportes, de desenvolvimento e apoio a atividades esportivas e de cadastramento de projetos, durante o ano de 2016.<\/p>\n<p style=\"text-align: justify;\">Os repasses financeiros s\u00e3o feitos no ano seguinte ao ano de an\u00e1lise dos documentos e depositados semanalmente no caixa \u00fanico da Prefeitura, ou seja, a neglig\u00eancia administrativa de 2016 ainda vai custar mais um ano de aus\u00eancia de ICMS Esportivo ao munic\u00edpio de Recreio.<\/p>\n","protected":false},"excerpt":{"rendered":"<p>A Secretaria de Estado de Esportes de Minas Gerais divulgou as datas para as cidades participarem do ICMS Solid\u00e1rio \u2013 Crit\u00e9rio Esportes ano base 2017. O munic\u00edpio de Recreio vive a expectativa de resgatar o recurso que foi perdido\u00a0este ano\u00a0por falta de funcionamento do Conselho de Esportes, de desenvolvimento e apoio as atividades esportivas e [&hellip;]<\/p>\n","protected":false},"author":3,"featured_media":8041,"comment_status":"open","ping_status":"open","sticky":false,"template":"","format":"standard","meta":[],"categories":[4],"tags":[],"yoast_head":"<!-- This site is optimized with the Yoast SEO plugin v15.6.2 - https:\/\/yoast.com\/wordpress\/plugins\/seo\/ -->\n<meta name=\"robots\" content=\"index, follow, max-snippet:-1, max-image-preview:large, max-video-preview:-1\" \/>\n<link rel=\"canonical\" href=\"http:\/\/www.polisrecreio.com.br\/site\/2017\/12\/06\/recreio-vive-expectativa-de-resgatar-icms-esportivo\/\" \/>\n<meta property=\"og:locale\" content=\"pt_BR\" \/>\n<meta property=\"og:type\" content=\"article\" \/>\n<meta property=\"og:title\" content=\"Recreio vive expectativa de resgatar ICMS Esportivo - P\u00f3lis Recreio\" \/>\n<meta property=\"og:description\" content=\"A Secretaria de Estado de Esportes de Minas Gerais divulgou as datas para as cidades participarem do ICMS Solid\u00e1rio \u2013 Crit\u00e9rio Esportes ano base 2017. O munic\u00edpio de Recreio vive a expectativa de resgatar o recurso que foi perdido\u00a0este ano\u00a0por falta de funcionamento do Conselho de Esportes, de desenvolvimento e apoio as atividades esportivas e [&hellip;]\" \/>\n<meta property=\"og:url\" content=\"http:\/\/www.polisrecreio.com.br\/site\/2017\/12\/06\/recreio-vive-expectativa-de-resgatar-icms-esportivo\/\" \/>\n<meta property=\"og:site_name\" content=\"P\u00f3lis Recreio\" \/>\n<meta property=\"article:publisher\" content=\"https:\/\/www.facebook.com\/Site-P%c3%b3lis-Recreio-MG-181941708571019\/\" \/>\n<meta property=\"article:published_time\" content=\"2017-12-06T12:55:13+00:00\" \/>\n<meta property=\"article:modified_time\" content=\"2017-12-06T13:01:45+00:00\" \/>\n<meta property=\"og:image\" content=\"https:\/\/www.polisrecreio.com.br\/site\/wp-content\/uploads\/2017\/12\/esporte2.jpg\" \/>\n\t<meta property=\"og:image:width\" content=\"750\" \/>\n\t<meta property=\"og:image:height\" content=\"428\" \/>\n<meta name=\"twitter:card\" content=\"summary_large_image\" \/>\n<meta name=\"twitter:creator\" content=\"@PolisRecreio\" \/>\n<meta name=\"twitter:site\" content=\"@PolisRecreio\" \/>\n<meta name=\"twitter:label1\" content=\"Est. reading time\">\n\t<meta name=\"twitter:data1\" content=\"2 minutos\">\n<script type=\"application\/ld+json\" class=\"yoast-schema-graph\">{\"@context\":\"https:\/\/schema.org\",\"@graph\":[{\"@type\":\"WebSite\",\"@id\":\"https:\/\/www.polisrecreio.com.br\/site\/#website\",\"url\":\"https:\/\/www.polisrecreio.com.br\/site\/\",\"name\":\"P\\u00f3lis Recreio\",\"description\":\"\",\"potentialAction\":[{\"@type\":\"SearchAction\",\"target\":\"https:\/\/www.polisrecreio.com.br\/site\/?s={search_term_string}\",\"query-input\":\"required name=search_term_string\"}],\"inLanguage\":\"pt-BR\"},{\"@type\":\"ImageObject\",\"@id\":\"http:\/\/www.polisrecreio.com.br\/site\/2017\/12\/06\/recreio-vive-expectativa-de-resgatar-icms-esportivo\/#primaryimage\",\"inLanguage\":\"pt-BR\",\"url\":\"https:\/\/www.polisrecreio.com.br\/site\/wp-content\/uploads\/2017\/12\/esporte2.jpg\",\"width\":750,\"height\":428,\"caption\":\"Prefeito de Recreio e secret\\u00e1rio de Esportes.\"},{\"@type\":\"WebPage\",\"@id\":\"http:\/\/www.polisrecreio.com.br\/site\/2017\/12\/06\/recreio-vive-expectativa-de-resgatar-icms-esportivo\/#webpage\",\"url\":\"http:\/\/www.polisrecreio.com.br\/site\/2017\/12\/06\/recreio-vive-expectativa-de-resgatar-icms-esportivo\/\",\"name\":\"Recreio vive expectativa de resgatar ICMS Esportivo - P\\u00f3lis Recreio\",\"isPartOf\":{\"@id\":\"https:\/\/www.polisrecreio.com.br\/site\/#website\"},\"primaryImageOfPage\":{\"@id\":\"http:\/\/www.polisrecreio.com.br\/site\/2017\/12\/06\/recreio-vive-expectativa-de-resgatar-icms-esportivo\/#primaryimage\"},\"datePublished\":\"2017-12-06T12:55:13+00:00\",\"dateModified\":\"2017-12-06T13:01:45+00:00\",\"author\":{\"@id\":\"https:\/\/www.polisrecreio.com.br\/site\/#\/schema\/person\/3363c1c78e1e28e1329d97adb387638e\"},\"inLanguage\":\"pt-BR\",\"potentialAction\":[{\"@type\":\"ReadAction\",\"target\":[\"http:\/\/www.polisrecreio.com.br\/site\/2017\/12\/06\/recreio-vive-expectativa-de-resgatar-icms-esportivo\/\"]}]},{\"@type\":\"Person\",\"@id\":\"https:\/\/www.polisrecreio.com.br\/site\/#\/schema\/person\/3363c1c78e1e28e1329d97adb387638e\",\"name\":\"Leonardo Ribeiro\",\"image\":{\"@type\":\"ImageObject\",\"@id\":\"https:\/\/www.polisrecreio.com.br\/site\/#personlogo\",\"inLanguage\":\"pt-BR\",\"url\":\"https:\/\/secure.gravatar.com\/avatar\/6ba92a37d621e1a83e23710251178a12?s=96&d=mm&r=g\",\"caption\":\"Leonardo Ribeiro\"},\"sameAs\":[\"http:\/\/www.polisrecreio.com.br\"]}]}<\/script>\n<!-- \/ Yoast SEO plugin. -->","_links":{"self":[{"href":"https:\/\/www.polisrecreio.com.br\/site\/wp-json\/wp\/v2\/posts\/8040"}],"collection":[{"href":"https:\/\/www.polisrecreio.com.br\/site\/wp-json\/wp\/v2\/posts"}],"about":[{"href":"https:\/\/www.polisrecreio.com.br\/site\/wp-json\/wp\/v2\/types\/post"}],"author":[{"embeddable":true,"href":"https:\/\/www.polisrecreio.com.br\/site\/wp-json\/wp\/v2\/users\/3"}],"replies":[{"embeddable":true,"href":"https:\/\/www.polisrecreio.com.br\/site\/wp-json\/wp\/v2\/comments?post=8040"}],"version-history":[{"count":3,"href":"https:\/\/www.polisrecreio.com.br\/site\/wp-json\/wp\/v2\/posts\/8040\/revisions"}],"predecessor-version":[{"id":8044,"href":"https:\/\/www.polisrecreio.com.br\/site\/wp-json\/wp\/v2\/posts\/8040\/revisions\/8044"}],"wp:featuredmedia":[{"embeddable":true,"href":"https:\/\/www.polisrecreio.com.br\/site\/wp-json\/wp\/v2\/media\/8041"}],"wp:attachment":[{"href":"https:\/\/www.polisrecreio.com.br\/site\/wp-json\/wp\/v2\/media?parent=8040"}],"wp:term":[{"taxonomy":"category","embeddable":true,"href":"https:\/\/www.polisrecreio.com.br\/site\/wp-json\/wp\/v2\/categories?post=8040"},{"taxonomy":"post_tag","embeddable":true,"href":"https:\/\/www.polisrecreio.com.br\/site\/wp-json\/wp\/v2\/tags?post=8040"}],"curies":[{"name":"wp","href":"https:\/\/api.w.org\/{rel}","templated":true}]}}