{"id":8045,"date":"2017-12-06T19:02:29","date_gmt":"2017-12-06T22:02:29","guid":{"rendered":"http:\/\/www.polisrecreio.com.br\/site\/?p=8045"},"modified":"2017-12-06T19:05:15","modified_gmt":"2017-12-06T22:05:15","slug":"centro-comunitario-do-barreiros-entra-na-fase-de-construcao-da-cobertura","status":"publish","type":"post","link":"https:\/\/www.polisrecreio.com.br\/site\/2017\/12\/06\/centro-comunitario-do-barreiros-entra-na-fase-de-construcao-da-cobertura\/","title":{"rendered":"Centro Comunit\u00e1rio do Barreiros entra na fase de constru\u00e7\u00e3o da cobertura"},"content":{"rendered":"<p style=\"text-align: justify;\">A obra de recupera\u00e7\u00e3o do Centro Comunit\u00e1rio do povoado do Barreiros entrou na fase de constru\u00e7\u00e3o da cobertura. H\u00e1 cerca de 4 meses o prefeito de Recreio, Z\u00e9 Maria Barros,\u00a0e\u00a0o secret\u00e1rio de Desenvolvimento Rural, Juarez Paiva, criaram um projeto para reerguer o pr\u00e9dio em parceria com a comunidade e amigos do Barreiros. O espa\u00e7o estava abandonado havia quase 20 anos.<\/p>\n<p style=\"text-align: justify;\"><!--more--><\/p>\n<figure id=\"attachment_8046\" aria-describedby=\"caption-attachment-8046\" style=\"width: 750px\" class=\"wp-caption aligncenter\"><a href=\"http:\/\/www.polisrecreio.com.br\/site\/wp-content\/uploads\/2017\/12\/barreiros.jpg\"><img loading=\"lazy\" class=\"size-full wp-image-8046\" src=\"http:\/\/www.polisrecreio.com.br\/site\/wp-content\/uploads\/2017\/12\/barreiros.jpg\" alt=\"Jos\u00e9 Mota, funcion\u00e1rio da obra, e secret\u00e1rio Juarez Paiva.\" width=\"750\" height=\"421\" srcset=\"https:\/\/www.polisrecreio.com.br\/site\/wp-content\/uploads\/2017\/12\/barreiros.jpg 750w, https:\/\/www.polisrecreio.com.br\/site\/wp-content\/uploads\/2017\/12\/barreiros-300x168.jpg 300w\" sizes=\"(max-width: 750px) 100vw, 750px\" \/><\/a><figcaption id=\"caption-attachment-8046\" class=\"wp-caption-text\">Jos\u00e9 Mota, funcion\u00e1rio da obra, e secret\u00e1rio Rural, Juarez Paiva.<\/figcaption><\/figure>\n<p style=\"text-align: justify;\">No in\u00edcio da d\u00e9cada de 2000 o pr\u00e9dio sofreu com um forte temporal que destruiu a cobertura. A partir da\u00ed a a\u00e7\u00e3o do tempo foi danificando as paredes e nenhuma medida, at\u00e9 este ano, havia sido tomada pelos ex-gestores municipais que assumiram a Prefeitura de Recreio neste per\u00edodo.<\/p>\n<p style=\"text-align: justify;\">No primeiro ano de seu governo, o prefeito Z\u00e9 Maria Barros, e o secret\u00e1rio de Desenvolvimento Rural, Juarez Paiva, resolveram reestruturar o espa\u00e7o. A proposta ganhou apoio de v\u00e1rios moradores do povoado e de amigos do Barreiros. A obra come\u00e7ou em setembro com m\u00e3o de obra da Prefeitura e materiais adquiridos em parcerias.<\/p>\n<p style=\"text-align: justify;\">Neste in\u00edcio de dezembro a cobertura em material de metalon com telhas de zinco come\u00e7ou a ser instalada. O Centro Comunit\u00e1rio era um espa\u00e7o de confraterniza\u00e7\u00f5es, encontros e reuni\u00f5es dos moradores do Barreiros. A previs\u00e3o \u00e9 que a obra esteja conclu\u00edda nos primeiros meses de 2018.<\/p>\n","protected":false},"excerpt":{"rendered":"<p>A obra de recupera\u00e7\u00e3o do Centro Comunit\u00e1rio do povoado do Barreiros entrou na fase de constru\u00e7\u00e3o da cobertura. H\u00e1 cerca de 4 meses o prefeito de Recreio, Z\u00e9 Maria Barros,\u00a0e\u00a0o secret\u00e1rio de Desenvolvimento Rural, Juarez Paiva, criaram um projeto para reerguer o pr\u00e9dio em parceria com a comunidade e amigos do Barreiros. O espa\u00e7o estava [&hellip;]<\/p>\n","protected":false},"author":3,"featured_media":8046,"comment_status":"open","ping_status":"open","sticky":false,"template":"","format":"standard","meta":[],"categories":[15],"tags":[],"yoast_head":"<!-- This site is optimized with the Yoast SEO plugin v15.6.2 - https:\/\/yoast.com\/wordpress\/plugins\/seo\/ -->\n<meta name=\"robots\" content=\"index, follow, max-snippet:-1, max-image-preview:large, max-video-preview:-1\" \/>\n<link rel=\"canonical\" href=\"http:\/\/www.polisrecreio.com.br\/site\/2017\/12\/06\/centro-comunitario-do-barreiros-entra-na-fase-de-construcao-da-cobertura\/\" \/>\n<meta property=\"og:locale\" content=\"pt_BR\" \/>\n<meta property=\"og:type\" content=\"article\" \/>\n<meta property=\"og:title\" content=\"Centro Comunit\u00e1rio do Barreiros entra na fase de constru\u00e7\u00e3o da cobertura - P\u00f3lis Recreio\" \/>\n<meta property=\"og:description\" content=\"A obra de recupera\u00e7\u00e3o do Centro Comunit\u00e1rio do povoado do Barreiros entrou na fase de constru\u00e7\u00e3o da cobertura. H\u00e1 cerca de 4 meses o prefeito de Recreio, Z\u00e9 Maria Barros,\u00a0e\u00a0o secret\u00e1rio de Desenvolvimento Rural, Juarez Paiva, criaram um projeto para reerguer o pr\u00e9dio em parceria com a comunidade e amigos do Barreiros. O espa\u00e7o estava [&hellip;]\" \/>\n<meta property=\"og:url\" content=\"http:\/\/www.polisrecreio.com.br\/site\/2017\/12\/06\/centro-comunitario-do-barreiros-entra-na-fase-de-construcao-da-cobertura\/\" \/>\n<meta property=\"og:site_name\" content=\"P\u00f3lis Recreio\" \/>\n<meta property=\"article:publisher\" content=\"https:\/\/www.facebook.com\/Site-P%c3%b3lis-Recreio-MG-181941708571019\/\" \/>\n<meta property=\"article:published_time\" content=\"2017-12-06T22:02:29+00:00\" \/>\n<meta property=\"article:modified_time\" content=\"2017-12-06T22:05:15+00:00\" \/>\n<meta property=\"og:image\" content=\"https:\/\/www.polisrecreio.com.br\/site\/wp-content\/uploads\/2017\/12\/barreiros.jpg\" \/>\n\t<meta property=\"og:image:width\" content=\"750\" \/>\n\t<meta property=\"og:image:height\" content=\"421\" \/>\n<meta name=\"twitter:card\" content=\"summary_large_image\" \/>\n<meta name=\"twitter:creator\" content=\"@PolisRecreio\" \/>\n<meta name=\"twitter:site\" content=\"@PolisRecreio\" \/>\n<meta name=\"twitter:label1\" content=\"Est. reading time\">\n\t<meta name=\"twitter:data1\" content=\"1 minuto\">\n<script type=\"application\/ld+json\" class=\"yoast-schema-graph\">{\"@context\":\"https:\/\/schema.org\",\"@graph\":[{\"@type\":\"WebSite\",\"@id\":\"https:\/\/www.polisrecreio.com.br\/site\/#website\",\"url\":\"https:\/\/www.polisrecreio.com.br\/site\/\",\"name\":\"P\\u00f3lis Recreio\",\"description\":\"\",\"potentialAction\":[{\"@type\":\"SearchAction\",\"target\":\"https:\/\/www.polisrecreio.com.br\/site\/?s={search_term_string}\",\"query-input\":\"required name=search_term_string\"}],\"inLanguage\":\"pt-BR\"},{\"@type\":\"ImageObject\",\"@id\":\"http:\/\/www.polisrecreio.com.br\/site\/2017\/12\/06\/centro-comunitario-do-barreiros-entra-na-fase-de-construcao-da-cobertura\/#primaryimage\",\"inLanguage\":\"pt-BR\",\"url\":\"https:\/\/www.polisrecreio.com.br\/site\/wp-content\/uploads\/2017\/12\/barreiros.jpg\",\"width\":750,\"height\":421,\"caption\":\"Jos\\u00e9 Mota, funcion\\u00e1rio da obra, e secret\\u00e1rio Juarez Paiva.\"},{\"@type\":\"WebPage\",\"@id\":\"http:\/\/www.polisrecreio.com.br\/site\/2017\/12\/06\/centro-comunitario-do-barreiros-entra-na-fase-de-construcao-da-cobertura\/#webpage\",\"url\":\"http:\/\/www.polisrecreio.com.br\/site\/2017\/12\/06\/centro-comunitario-do-barreiros-entra-na-fase-de-construcao-da-cobertura\/\",\"name\":\"Centro Comunit\\u00e1rio do Barreiros entra na fase de constru\\u00e7\\u00e3o da cobertura - P\\u00f3lis Recreio\",\"isPartOf\":{\"@id\":\"https:\/\/www.polisrecreio.com.br\/site\/#website\"},\"primaryImageOfPage\":{\"@id\":\"http:\/\/www.polisrecreio.com.br\/site\/2017\/12\/06\/centro-comunitario-do-barreiros-entra-na-fase-de-construcao-da-cobertura\/#primaryimage\"},\"datePublished\":\"2017-12-06T22:02:29+00:00\",\"dateModified\":\"2017-12-06T22:05:15+00:00\",\"author\":{\"@id\":\"https:\/\/www.polisrecreio.com.br\/site\/#\/schema\/person\/3363c1c78e1e28e1329d97adb387638e\"},\"inLanguage\":\"pt-BR\",\"potentialAction\":[{\"@type\":\"ReadAction\",\"target\":[\"http:\/\/www.polisrecreio.com.br\/site\/2017\/12\/06\/centro-comunitario-do-barreiros-entra-na-fase-de-construcao-da-cobertura\/\"]}]},{\"@type\":\"Person\",\"@id\":\"https:\/\/www.polisrecreio.com.br\/site\/#\/schema\/person\/3363c1c78e1e28e1329d97adb387638e\",\"name\":\"Leonardo Ribeiro\",\"image\":{\"@type\":\"ImageObject\",\"@id\":\"https:\/\/www.polisrecreio.com.br\/site\/#personlogo\",\"inLanguage\":\"pt-BR\",\"url\":\"https:\/\/secure.gravatar.com\/avatar\/6ba92a37d621e1a83e23710251178a12?s=96&d=mm&r=g\",\"caption\":\"Leonardo Ribeiro\"},\"sameAs\":[\"http:\/\/www.polisrecreio.com.br\"]}]}<\/script>\n<!-- \/ Yoast SEO plugin. -->","_links":{"self":[{"href":"https:\/\/www.polisrecreio.com.br\/site\/wp-json\/wp\/v2\/posts\/8045"}],"collection":[{"href":"https:\/\/www.polisrecreio.com.br\/site\/wp-json\/wp\/v2\/posts"}],"about":[{"href":"https:\/\/www.polisrecreio.com.br\/site\/wp-json\/wp\/v2\/types\/post"}],"author":[{"embeddable":true,"href":"https:\/\/www.polisrecreio.com.br\/site\/wp-json\/wp\/v2\/users\/3"}],"replies":[{"embeddable":true,"href":"https:\/\/www.polisrecreio.com.br\/site\/wp-json\/wp\/v2\/comments?post=8045"}],"version-history":[{"count":3,"href":"https:\/\/www.polisrecreio.com.br\/site\/wp-json\/wp\/v2\/posts\/8045\/revisions"}],"predecessor-version":[{"id":8049,"href":"https:\/\/www.polisrecreio.com.br\/site\/wp-json\/wp\/v2\/posts\/8045\/revisions\/8049"}],"wp:featuredmedia":[{"embeddable":true,"href":"https:\/\/www.polisrecreio.com.br\/site\/wp-json\/wp\/v2\/media\/8046"}],"wp:attachment":[{"href":"https:\/\/www.polisrecreio.com.br\/site\/wp-json\/wp\/v2\/media?parent=8045"}],"wp:term":[{"taxonomy":"category","embeddable":true,"href":"https:\/\/www.polisrecreio.com.br\/site\/wp-json\/wp\/v2\/categories?post=8045"},{"taxonomy":"post_tag","embeddable":true,"href":"https:\/\/www.polisrecreio.com.br\/site\/wp-json\/wp\/v2\/tags?post=8045"}],"curies":[{"name":"wp","href":"https:\/\/api.w.org\/{rel}","templated":true}]}}