{"id":8050,"date":"2017-12-07T07:50:13","date_gmt":"2017-12-07T10:50:13","guid":{"rendered":"http:\/\/www.polisrecreio.com.br\/site\/?p=8050"},"modified":"2017-12-07T07:51:23","modified_gmt":"2017-12-07T10:51:23","slug":"nesta-quinta-feira-7-encontro-de-pecuaristas-em-recreio-debate-mastite","status":"publish","type":"post","link":"https:\/\/www.polisrecreio.com.br\/site\/2017\/12\/07\/nesta-quinta-feira-7-encontro-de-pecuaristas-em-recreio-debate-mastite\/","title":{"rendered":"Nesta quinta-feira (7) encontro de pecuaristas em Recreio debate \u201cmastite\u201d"},"content":{"rendered":"<p style=\"text-align: justify;\">Nesta quinta-feira (7), a partir das 19h, a \u201cmastite bovina\u201d ser\u00e1 tema de um encontro de pecuaristas de Recreio e regi\u00e3o promovido pela Agropecu\u00e1rias VG \u2013 Recreio e Volta Grande \u2013 na Associa\u00e7\u00e3o de Moradores do Canto dos Ferreira.<\/p>\n<p style=\"text-align: justify;\"><!--more--><\/p>\n<p style=\"text-align: justify;\"><a href=\"http:\/\/www.polisrecreio.com.br\/site\/wp-content\/uploads\/2017\/12\/2602_vaca_leite.jpg\"><img loading=\"lazy\" class=\"aligncenter wp-image-8051\" src=\"http:\/\/www.polisrecreio.com.br\/site\/wp-content\/uploads\/2017\/12\/2602_vaca_leite.jpg\" alt=\"2602_vaca_leite\" width=\"750\" height=\"506\" srcset=\"https:\/\/www.polisrecreio.com.br\/site\/wp-content\/uploads\/2017\/12\/2602_vaca_leite.jpg 600w, https:\/\/www.polisrecreio.com.br\/site\/wp-content\/uploads\/2017\/12\/2602_vaca_leite-300x203.jpg 300w\" sizes=\"(max-width: 750px) 100vw, 750px\" \/><\/a><\/p>\n<p style=\"text-align: justify;\">O assunto ser\u00e1 apresentado pelo m\u00e9dico veterin\u00e1rio, Guilherme Garcia, formado pela Universidade de Lavras. O palestrante trabalha h\u00e1 mais de 10 anos na zona da mata como coordenador t\u00e9cnico da MSD &#8211; Sa\u00fade Animal.<\/p>\n<p style=\"text-align: justify;\">A \u201cmastite\u201d \u00e9 um processo de inflama\u00e7\u00e3o da gl\u00e2ndula mam\u00e1ria do gado. Ela ocorre por diferentes fatores, sendo as principais causadas por bact\u00e9rias, cerca de 90%. Vacas com \u201cmastite\u201d apresentam sinais de secre\u00e7\u00e3o de leite com pus, tetos e \u00fabere com vermelhid\u00e3o, duros, inchados e quentes. Em alguns casos o animal pode apresentar febre, perda do apetite e at\u00e9 chegar \u00e0 morte em casos mais graves.<\/p>\n","protected":false},"excerpt":{"rendered":"<p>Nesta quinta-feira (7), a partir das 19h, a \u201cmastite bovina\u201d ser\u00e1 tema de um encontro de pecuaristas de Recreio e regi\u00e3o promovido pela Agropecu\u00e1rias VG \u2013 Recreio e Volta Grande \u2013 na Associa\u00e7\u00e3o de Moradores do Canto dos Ferreira.<\/p>\n","protected":false},"author":3,"featured_media":8051,"comment_status":"open","ping_status":"open","sticky":false,"template":"","format":"standard","meta":[],"categories":[15],"tags":[],"yoast_head":"<!-- This site is optimized with the Yoast SEO plugin v15.6.2 - https:\/\/yoast.com\/wordpress\/plugins\/seo\/ -->\n<meta name=\"robots\" content=\"index, follow, max-snippet:-1, max-image-preview:large, max-video-preview:-1\" \/>\n<link rel=\"canonical\" href=\"http:\/\/www.polisrecreio.com.br\/site\/2017\/12\/07\/nesta-quinta-feira-7-encontro-de-pecuaristas-em-recreio-debate-mastite\/\" \/>\n<meta property=\"og:locale\" content=\"pt_BR\" \/>\n<meta property=\"og:type\" content=\"article\" \/>\n<meta property=\"og:title\" content=\"Nesta quinta-feira (7) encontro de pecuaristas em Recreio debate \u201cmastite\u201d - P\u00f3lis Recreio\" \/>\n<meta property=\"og:description\" content=\"Nesta quinta-feira (7), a partir das 19h, a \u201cmastite bovina\u201d ser\u00e1 tema de um encontro de pecuaristas de Recreio e regi\u00e3o promovido pela Agropecu\u00e1rias VG \u2013 Recreio e Volta Grande \u2013 na Associa\u00e7\u00e3o de Moradores do Canto dos Ferreira.\" \/>\n<meta property=\"og:url\" content=\"http:\/\/www.polisrecreio.com.br\/site\/2017\/12\/07\/nesta-quinta-feira-7-encontro-de-pecuaristas-em-recreio-debate-mastite\/\" \/>\n<meta property=\"og:site_name\" content=\"P\u00f3lis Recreio\" \/>\n<meta property=\"article:publisher\" content=\"https:\/\/www.facebook.com\/Site-P%c3%b3lis-Recreio-MG-181941708571019\/\" \/>\n<meta property=\"article:published_time\" content=\"2017-12-07T10:50:13+00:00\" \/>\n<meta property=\"article:modified_time\" content=\"2017-12-07T10:51:23+00:00\" \/>\n<meta property=\"og:image\" content=\"https:\/\/www.polisrecreio.com.br\/site\/wp-content\/uploads\/2017\/12\/2602_vaca_leite.jpg\" \/>\n\t<meta property=\"og:image:width\" content=\"600\" \/>\n\t<meta property=\"og:image:height\" content=\"405\" \/>\n<meta name=\"twitter:card\" content=\"summary_large_image\" \/>\n<meta name=\"twitter:creator\" content=\"@PolisRecreio\" \/>\n<meta name=\"twitter:site\" content=\"@PolisRecreio\" \/>\n<meta name=\"twitter:label1\" content=\"Est. reading time\">\n\t<meta name=\"twitter:data1\" content=\"1 minuto\">\n<script type=\"application\/ld+json\" class=\"yoast-schema-graph\">{\"@context\":\"https:\/\/schema.org\",\"@graph\":[{\"@type\":\"WebSite\",\"@id\":\"https:\/\/www.polisrecreio.com.br\/site\/#website\",\"url\":\"https:\/\/www.polisrecreio.com.br\/site\/\",\"name\":\"P\\u00f3lis Recreio\",\"description\":\"\",\"potentialAction\":[{\"@type\":\"SearchAction\",\"target\":\"https:\/\/www.polisrecreio.com.br\/site\/?s={search_term_string}\",\"query-input\":\"required name=search_term_string\"}],\"inLanguage\":\"pt-BR\"},{\"@type\":\"ImageObject\",\"@id\":\"http:\/\/www.polisrecreio.com.br\/site\/2017\/12\/07\/nesta-quinta-feira-7-encontro-de-pecuaristas-em-recreio-debate-mastite\/#primaryimage\",\"inLanguage\":\"pt-BR\",\"url\":\"https:\/\/www.polisrecreio.com.br\/site\/wp-content\/uploads\/2017\/12\/2602_vaca_leite.jpg\",\"width\":600,\"height\":405},{\"@type\":\"WebPage\",\"@id\":\"http:\/\/www.polisrecreio.com.br\/site\/2017\/12\/07\/nesta-quinta-feira-7-encontro-de-pecuaristas-em-recreio-debate-mastite\/#webpage\",\"url\":\"http:\/\/www.polisrecreio.com.br\/site\/2017\/12\/07\/nesta-quinta-feira-7-encontro-de-pecuaristas-em-recreio-debate-mastite\/\",\"name\":\"Nesta quinta-feira (7) encontro de pecuaristas em Recreio debate \\u201cmastite\\u201d - P\\u00f3lis Recreio\",\"isPartOf\":{\"@id\":\"https:\/\/www.polisrecreio.com.br\/site\/#website\"},\"primaryImageOfPage\":{\"@id\":\"http:\/\/www.polisrecreio.com.br\/site\/2017\/12\/07\/nesta-quinta-feira-7-encontro-de-pecuaristas-em-recreio-debate-mastite\/#primaryimage\"},\"datePublished\":\"2017-12-07T10:50:13+00:00\",\"dateModified\":\"2017-12-07T10:51:23+00:00\",\"author\":{\"@id\":\"https:\/\/www.polisrecreio.com.br\/site\/#\/schema\/person\/3363c1c78e1e28e1329d97adb387638e\"},\"inLanguage\":\"pt-BR\",\"potentialAction\":[{\"@type\":\"ReadAction\",\"target\":[\"http:\/\/www.polisrecreio.com.br\/site\/2017\/12\/07\/nesta-quinta-feira-7-encontro-de-pecuaristas-em-recreio-debate-mastite\/\"]}]},{\"@type\":\"Person\",\"@id\":\"https:\/\/www.polisrecreio.com.br\/site\/#\/schema\/person\/3363c1c78e1e28e1329d97adb387638e\",\"name\":\"Leonardo Ribeiro\",\"image\":{\"@type\":\"ImageObject\",\"@id\":\"https:\/\/www.polisrecreio.com.br\/site\/#personlogo\",\"inLanguage\":\"pt-BR\",\"url\":\"https:\/\/secure.gravatar.com\/avatar\/6ba92a37d621e1a83e23710251178a12?s=96&d=mm&r=g\",\"caption\":\"Leonardo Ribeiro\"},\"sameAs\":[\"http:\/\/www.polisrecreio.com.br\"]}]}<\/script>\n<!-- \/ Yoast SEO plugin. -->","_links":{"self":[{"href":"https:\/\/www.polisrecreio.com.br\/site\/wp-json\/wp\/v2\/posts\/8050"}],"collection":[{"href":"https:\/\/www.polisrecreio.com.br\/site\/wp-json\/wp\/v2\/posts"}],"about":[{"href":"https:\/\/www.polisrecreio.com.br\/site\/wp-json\/wp\/v2\/types\/post"}],"author":[{"embeddable":true,"href":"https:\/\/www.polisrecreio.com.br\/site\/wp-json\/wp\/v2\/users\/3"}],"replies":[{"embeddable":true,"href":"https:\/\/www.polisrecreio.com.br\/site\/wp-json\/wp\/v2\/comments?post=8050"}],"version-history":[{"count":2,"href":"https:\/\/www.polisrecreio.com.br\/site\/wp-json\/wp\/v2\/posts\/8050\/revisions"}],"predecessor-version":[{"id":8053,"href":"https:\/\/www.polisrecreio.com.br\/site\/wp-json\/wp\/v2\/posts\/8050\/revisions\/8053"}],"wp:featuredmedia":[{"embeddable":true,"href":"https:\/\/www.polisrecreio.com.br\/site\/wp-json\/wp\/v2\/media\/8051"}],"wp:attachment":[{"href":"https:\/\/www.polisrecreio.com.br\/site\/wp-json\/wp\/v2\/media?parent=8050"}],"wp:term":[{"taxonomy":"category","embeddable":true,"href":"https:\/\/www.polisrecreio.com.br\/site\/wp-json\/wp\/v2\/categories?post=8050"},{"taxonomy":"post_tag","embeddable":true,"href":"https:\/\/www.polisrecreio.com.br\/site\/wp-json\/wp\/v2\/tags?post=8050"}],"curies":[{"name":"wp","href":"https:\/\/api.w.org\/{rel}","templated":true}]}}