{"id":8054,"date":"2017-12-07T18:07:43","date_gmt":"2017-12-07T21:07:43","guid":{"rendered":"http:\/\/www.polisrecreio.com.br\/site\/?p=8054"},"modified":"2017-12-07T18:16:51","modified_gmt":"2017-12-07T21:16:51","slug":"rede-de-esgoto-do-conjunto-habitacional-de-conceicao-vai-sendo-concluida","status":"publish","type":"post","link":"https:\/\/www.polisrecreio.com.br\/site\/2017\/12\/07\/rede-de-esgoto-do-conjunto-habitacional-de-conceicao-vai-sendo-concluida\/","title":{"rendered":"Rede de esgoto do Conjunto Habitacional de Concei\u00e7\u00e3o vai sendo conclu\u00edda"},"content":{"rendered":"<p style=\"text-align: justify;\">A instala\u00e7\u00e3o da rede de esgoto na parceria entre a Prefeitura Municipal e o SAAE com a finalidade de atender o futuro Conjunto Habitacional do distrito de Concei\u00e7\u00e3o da Boa Vista vai sendo conclu\u00edda. A constru\u00e7\u00e3o das casas populares, abandonada em 2015, voltou este ano.<\/p>\n<p style=\"text-align: justify;\"><!--more--><\/p>\n<figure id=\"attachment_8055\" aria-describedby=\"caption-attachment-8055\" style=\"width: 750px\" class=\"wp-caption aligncenter\"><a href=\"http:\/\/www.polisrecreio.com.br\/site\/wp-content\/uploads\/2017\/12\/rede-concei\u00e7\u00e3o1.jpg\"><img loading=\"lazy\" class=\"size-full wp-image-8055\" src=\"http:\/\/www.polisrecreio.com.br\/site\/wp-content\/uploads\/2017\/12\/rede-concei\u00e7\u00e3o1.jpg\" alt=\"Rede de esgoto em constru\u00e7\u00e3o.\" width=\"750\" height=\"500\" srcset=\"https:\/\/www.polisrecreio.com.br\/site\/wp-content\/uploads\/2017\/12\/rede-concei\u00e7\u00e3o1.jpg 750w, https:\/\/www.polisrecreio.com.br\/site\/wp-content\/uploads\/2017\/12\/rede-concei\u00e7\u00e3o1-300x200.jpg 300w\" sizes=\"(max-width: 750px) 100vw, 750px\" \/><\/a><figcaption id=\"caption-attachment-8055\" class=\"wp-caption-text\">Rede de esgoto em constru\u00e7\u00e3o.<\/figcaption><\/figure>\n<p style=\"text-align: justify;\">As 31 unidades habitacionais edificadas por meio do programa federal \u201cMinha Casa, Minha Vida \u2013 sub-50\u201d deveriam ter sido entregues aos benefici\u00e1rios no primeiro semestre de 2013, mas, somente quatro depois \u00e9 que o sonho da casa pr\u00f3pria, enfim, vai se tornando uma realidade em uma das \u00e1reas com altos \u00edndices de vulnerabilidade social do Munic\u00edpio. A obra\u00a0havia sido\u00a0abandonada h\u00e1 dois anos durante a gest\u00e3o 2013\/2016 da Prefeitura de Recreio.<\/p>\n<p style=\"text-align: justify;\">O retorno da constru\u00e7\u00e3o das casas era uma das propostas de governo do atual prefeito, Z\u00e9 Maria Barros, e de seu vice-prefeito, Jo\u00e3o D\u00f3lar, durante a campanha eleitoral de 2016. Na \u00e9poca eles estiveram pessoalmente na \u00e1rea do Conjunto Habitacional e firmaram o compromisso de resgatar o empreendimento. No primeiro ano \u00e0 frente da Prefeitura os gestores conseguiram cumprir com o acordo.<\/p>\n<figure id=\"attachment_8058\" aria-describedby=\"caption-attachment-8058\" style=\"width: 750px\" class=\"wp-caption aligncenter\"><a href=\"http:\/\/www.polisrecreio.com.br\/site\/wp-content\/uploads\/2017\/12\/rede-concei\u00e7\u00e3o4.jpg\"><img loading=\"lazy\" class=\"size-full wp-image-8058\" src=\"http:\/\/www.polisrecreio.com.br\/site\/wp-content\/uploads\/2017\/12\/rede-concei\u00e7\u00e3o4.jpg\" alt=\"Casa em fase de acabamento.\" width=\"750\" height=\"500\" srcset=\"https:\/\/www.polisrecreio.com.br\/site\/wp-content\/uploads\/2017\/12\/rede-concei\u00e7\u00e3o4.jpg 750w, https:\/\/www.polisrecreio.com.br\/site\/wp-content\/uploads\/2017\/12\/rede-concei\u00e7\u00e3o4-300x200.jpg 300w\" sizes=\"(max-width: 750px) 100vw, 750px\" \/><\/a><figcaption id=\"caption-attachment-8058\" class=\"wp-caption-text\">Casa em fase de acabamento.<\/figcaption><\/figure>\n<p style=\"text-align: justify;\">As obras reiniciaram no in\u00edcio de setembro. Todas as 31 unidades est\u00e3o em fase de acabamento. A instala\u00e7\u00e3o da rede de esgoto tem expectativa de ser finalizada neste m\u00eas de dezembro. Nos primeiros meses de 2018 o Conjunto Habitacional dever\u00e1 estar conclu\u00eddo para ser entregue as fam\u00edlias benefici\u00e1rias.<\/p>\n<figure id=\"attachment_8060\" aria-describedby=\"caption-attachment-8060\" style=\"width: 750px\" class=\"wp-caption aligncenter\"><a href=\"http:\/\/www.polisrecreio.com.br\/site\/wp-content\/uploads\/2017\/12\/rede-concei\u00e7\u00e3o6.jpg\"><img loading=\"lazy\" class=\"size-full wp-image-8060\" src=\"http:\/\/www.polisrecreio.com.br\/site\/wp-content\/uploads\/2017\/12\/rede-concei\u00e7\u00e3o6.jpg\" alt=\"Obra do Conjunto Habitacional.\" width=\"750\" height=\"500\" srcset=\"https:\/\/www.polisrecreio.com.br\/site\/wp-content\/uploads\/2017\/12\/rede-concei\u00e7\u00e3o6.jpg 750w, https:\/\/www.polisrecreio.com.br\/site\/wp-content\/uploads\/2017\/12\/rede-concei\u00e7\u00e3o6-300x200.jpg 300w\" sizes=\"(max-width: 750px) 100vw, 750px\" \/><\/a><figcaption id=\"caption-attachment-8060\" class=\"wp-caption-text\">Obra do Conjunto Habitacional.<\/figcaption><\/figure>\n<figure id=\"attachment_8056\" aria-describedby=\"caption-attachment-8056\" style=\"width: 750px\" class=\"wp-caption aligncenter\"><a href=\"http:\/\/www.polisrecreio.com.br\/site\/wp-content\/uploads\/2017\/12\/rede-concei\u00e7\u00e3o2.jpg\"><img loading=\"lazy\" class=\"size-full wp-image-8056\" src=\"http:\/\/www.polisrecreio.com.br\/site\/wp-content\/uploads\/2017\/12\/rede-concei\u00e7\u00e3o2.jpg\" alt=\"Rede de esgoto em constru\u00e7\u00e3o.\" width=\"750\" height=\"500\" srcset=\"https:\/\/www.polisrecreio.com.br\/site\/wp-content\/uploads\/2017\/12\/rede-concei\u00e7\u00e3o2.jpg 750w, https:\/\/www.polisrecreio.com.br\/site\/wp-content\/uploads\/2017\/12\/rede-concei\u00e7\u00e3o2-300x200.jpg 300w\" sizes=\"(max-width: 750px) 100vw, 750px\" \/><\/a><figcaption id=\"caption-attachment-8056\" class=\"wp-caption-text\">Rede de esgoto em constru\u00e7\u00e3o.<\/figcaption><\/figure>\n<figure id=\"attachment_8059\" aria-describedby=\"caption-attachment-8059\" style=\"width: 750px\" class=\"wp-caption aligncenter\"><a href=\"http:\/\/www.polisrecreio.com.br\/site\/wp-content\/uploads\/2017\/12\/rede-concei\u00e7\u00e3o5.jpg\"><img loading=\"lazy\" class=\"size-full wp-image-8059\" src=\"http:\/\/www.polisrecreio.com.br\/site\/wp-content\/uploads\/2017\/12\/rede-concei\u00e7\u00e3o5.jpg\" alt=\"Constru\u00e7\u00e3o do Conjunto Habitacional.\" width=\"750\" height=\"500\" srcset=\"https:\/\/www.polisrecreio.com.br\/site\/wp-content\/uploads\/2017\/12\/rede-concei\u00e7\u00e3o5.jpg 750w, https:\/\/www.polisrecreio.com.br\/site\/wp-content\/uploads\/2017\/12\/rede-concei\u00e7\u00e3o5-300x200.jpg 300w\" sizes=\"(max-width: 750px) 100vw, 750px\" \/><\/a><figcaption id=\"caption-attachment-8059\" class=\"wp-caption-text\">Constru\u00e7\u00e3o do Conjunto Habitacional.<\/figcaption><\/figure>\n<figure id=\"attachment_8057\" aria-describedby=\"caption-attachment-8057\" style=\"width: 750px\" class=\"wp-caption aligncenter\"><a href=\"http:\/\/www.polisrecreio.com.br\/site\/wp-content\/uploads\/2017\/12\/rede-concei\u00e7\u00e3o3.jpg\"><img loading=\"lazy\" class=\"size-full wp-image-8057\" src=\"http:\/\/www.polisrecreio.com.br\/site\/wp-content\/uploads\/2017\/12\/rede-concei\u00e7\u00e3o3.jpg\" alt=\"Casa em fase de acabamento.\" width=\"750\" height=\"500\" srcset=\"https:\/\/www.polisrecreio.com.br\/site\/wp-content\/uploads\/2017\/12\/rede-concei\u00e7\u00e3o3.jpg 750w, https:\/\/www.polisrecreio.com.br\/site\/wp-content\/uploads\/2017\/12\/rede-concei\u00e7\u00e3o3-300x200.jpg 300w\" sizes=\"(max-width: 750px) 100vw, 750px\" \/><\/a><figcaption id=\"caption-attachment-8057\" class=\"wp-caption-text\">Casa em fase de acabamento.<\/figcaption><\/figure>\n<figure id=\"attachment_8061\" aria-describedby=\"caption-attachment-8061\" style=\"width: 750px\" class=\"wp-caption aligncenter\"><a href=\"http:\/\/www.polisrecreio.com.br\/site\/wp-content\/uploads\/2017\/12\/rede-concei\u00e7\u00e3o7.jpg\"><img loading=\"lazy\" class=\"size-full wp-image-8061\" src=\"http:\/\/www.polisrecreio.com.br\/site\/wp-content\/uploads\/2017\/12\/rede-concei\u00e7\u00e3o7.jpg\" alt=\"Rede de esgoto em constru\u00e7\u00e3o.\" width=\"750\" height=\"500\" srcset=\"https:\/\/www.polisrecreio.com.br\/site\/wp-content\/uploads\/2017\/12\/rede-concei\u00e7\u00e3o7.jpg 750w, https:\/\/www.polisrecreio.com.br\/site\/wp-content\/uploads\/2017\/12\/rede-concei\u00e7\u00e3o7-300x200.jpg 300w\" sizes=\"(max-width: 750px) 100vw, 750px\" \/><\/a><figcaption id=\"caption-attachment-8061\" class=\"wp-caption-text\">Rede de esgoto em constru\u00e7\u00e3o.<\/figcaption><\/figure>\n","protected":false},"excerpt":{"rendered":"<p>A instala\u00e7\u00e3o da rede de esgoto na parceria entre a Prefeitura Municipal e o SAAE com a finalidade de atender o futuro Conjunto Habitacional do distrito de Concei\u00e7\u00e3o da Boa Vista vai sendo conclu\u00edda. A constru\u00e7\u00e3o das casas populares, abandonada em 2015, voltou este ano.<\/p>\n","protected":false},"author":3,"featured_media":8056,"comment_status":"open","ping_status":"open","sticky":false,"template":"","format":"standard","meta":[],"categories":[12],"tags":[],"yoast_head":"<!-- This site is optimized with the Yoast SEO plugin v15.6.2 - https:\/\/yoast.com\/wordpress\/plugins\/seo\/ -->\n<meta name=\"robots\" content=\"index, follow, max-snippet:-1, max-image-preview:large, max-video-preview:-1\" \/>\n<link rel=\"canonical\" href=\"http:\/\/www.polisrecreio.com.br\/site\/2017\/12\/07\/rede-de-esgoto-do-conjunto-habitacional-de-conceicao-vai-sendo-concluida\/\" \/>\n<meta property=\"og:locale\" content=\"pt_BR\" \/>\n<meta property=\"og:type\" content=\"article\" \/>\n<meta property=\"og:title\" content=\"Rede de esgoto do Conjunto Habitacional de Concei\u00e7\u00e3o vai sendo conclu\u00edda - P\u00f3lis Recreio\" \/>\n<meta property=\"og:description\" content=\"A instala\u00e7\u00e3o da rede de esgoto na parceria entre a Prefeitura Municipal e o SAAE com a finalidade de atender o futuro Conjunto Habitacional do distrito de Concei\u00e7\u00e3o da Boa Vista vai sendo conclu\u00edda. A constru\u00e7\u00e3o das casas populares, abandonada em 2015, voltou este ano.\" \/>\n<meta property=\"og:url\" content=\"http:\/\/www.polisrecreio.com.br\/site\/2017\/12\/07\/rede-de-esgoto-do-conjunto-habitacional-de-conceicao-vai-sendo-concluida\/\" \/>\n<meta property=\"og:site_name\" content=\"P\u00f3lis Recreio\" \/>\n<meta property=\"article:publisher\" content=\"https:\/\/www.facebook.com\/Site-P%c3%b3lis-Recreio-MG-181941708571019\/\" \/>\n<meta property=\"article:published_time\" content=\"2017-12-07T21:07:43+00:00\" \/>\n<meta property=\"article:modified_time\" content=\"2017-12-07T21:16:51+00:00\" \/>\n<meta property=\"og:image\" content=\"https:\/\/www.polisrecreio.com.br\/site\/wp-content\/uploads\/2017\/12\/rede-concei\u00e7\u00e3o2.jpg\" \/>\n\t<meta property=\"og:image:width\" content=\"750\" \/>\n\t<meta property=\"og:image:height\" content=\"500\" \/>\n<meta name=\"twitter:card\" content=\"summary_large_image\" \/>\n<meta name=\"twitter:creator\" content=\"@PolisRecreio\" \/>\n<meta name=\"twitter:site\" content=\"@PolisRecreio\" \/>\n<meta name=\"twitter:label1\" content=\"Est. reading time\">\n\t<meta name=\"twitter:data1\" content=\"2 minutos\">\n<script type=\"application\/ld+json\" class=\"yoast-schema-graph\">{\"@context\":\"https:\/\/schema.org\",\"@graph\":[{\"@type\":\"WebSite\",\"@id\":\"https:\/\/www.polisrecreio.com.br\/site\/#website\",\"url\":\"https:\/\/www.polisrecreio.com.br\/site\/\",\"name\":\"P\\u00f3lis Recreio\",\"description\":\"\",\"potentialAction\":[{\"@type\":\"SearchAction\",\"target\":\"https:\/\/www.polisrecreio.com.br\/site\/?s={search_term_string}\",\"query-input\":\"required name=search_term_string\"}],\"inLanguage\":\"pt-BR\"},{\"@type\":\"ImageObject\",\"@id\":\"http:\/\/www.polisrecreio.com.br\/site\/2017\/12\/07\/rede-de-esgoto-do-conjunto-habitacional-de-conceicao-vai-sendo-concluida\/#primaryimage\",\"inLanguage\":\"pt-BR\",\"url\":\"https:\/\/www.polisrecreio.com.br\/site\/wp-content\/uploads\/2017\/12\/rede-concei\\u00e7\\u00e3o2.jpg\",\"width\":750,\"height\":500,\"caption\":\"Rede de esgoto em constru\\u00e7\\u00e3o.\"},{\"@type\":\"WebPage\",\"@id\":\"http:\/\/www.polisrecreio.com.br\/site\/2017\/12\/07\/rede-de-esgoto-do-conjunto-habitacional-de-conceicao-vai-sendo-concluida\/#webpage\",\"url\":\"http:\/\/www.polisrecreio.com.br\/site\/2017\/12\/07\/rede-de-esgoto-do-conjunto-habitacional-de-conceicao-vai-sendo-concluida\/\",\"name\":\"Rede de esgoto do Conjunto Habitacional de Concei\\u00e7\\u00e3o vai sendo conclu\\u00edda - P\\u00f3lis Recreio\",\"isPartOf\":{\"@id\":\"https:\/\/www.polisrecreio.com.br\/site\/#website\"},\"primaryImageOfPage\":{\"@id\":\"http:\/\/www.polisrecreio.com.br\/site\/2017\/12\/07\/rede-de-esgoto-do-conjunto-habitacional-de-conceicao-vai-sendo-concluida\/#primaryimage\"},\"datePublished\":\"2017-12-07T21:07:43+00:00\",\"dateModified\":\"2017-12-07T21:16:51+00:00\",\"author\":{\"@id\":\"https:\/\/www.polisrecreio.com.br\/site\/#\/schema\/person\/3363c1c78e1e28e1329d97adb387638e\"},\"inLanguage\":\"pt-BR\",\"potentialAction\":[{\"@type\":\"ReadAction\",\"target\":[\"http:\/\/www.polisrecreio.com.br\/site\/2017\/12\/07\/rede-de-esgoto-do-conjunto-habitacional-de-conceicao-vai-sendo-concluida\/\"]}]},{\"@type\":\"Person\",\"@id\":\"https:\/\/www.polisrecreio.com.br\/site\/#\/schema\/person\/3363c1c78e1e28e1329d97adb387638e\",\"name\":\"Leonardo Ribeiro\",\"image\":{\"@type\":\"ImageObject\",\"@id\":\"https:\/\/www.polisrecreio.com.br\/site\/#personlogo\",\"inLanguage\":\"pt-BR\",\"url\":\"https:\/\/secure.gravatar.com\/avatar\/6ba92a37d621e1a83e23710251178a12?s=96&d=mm&r=g\",\"caption\":\"Leonardo Ribeiro\"},\"sameAs\":[\"http:\/\/www.polisrecreio.com.br\"]}]}<\/script>\n<!-- \/ Yoast SEO plugin. -->","_links":{"self":[{"href":"https:\/\/www.polisrecreio.com.br\/site\/wp-json\/wp\/v2\/posts\/8054"}],"collection":[{"href":"https:\/\/www.polisrecreio.com.br\/site\/wp-json\/wp\/v2\/posts"}],"about":[{"href":"https:\/\/www.polisrecreio.com.br\/site\/wp-json\/wp\/v2\/types\/post"}],"author":[{"embeddable":true,"href":"https:\/\/www.polisrecreio.com.br\/site\/wp-json\/wp\/v2\/users\/3"}],"replies":[{"embeddable":true,"href":"https:\/\/www.polisrecreio.com.br\/site\/wp-json\/wp\/v2\/comments?post=8054"}],"version-history":[{"count":4,"href":"https:\/\/www.polisrecreio.com.br\/site\/wp-json\/wp\/v2\/posts\/8054\/revisions"}],"predecessor-version":[{"id":8065,"href":"https:\/\/www.polisrecreio.com.br\/site\/wp-json\/wp\/v2\/posts\/8054\/revisions\/8065"}],"wp:featuredmedia":[{"embeddable":true,"href":"https:\/\/www.polisrecreio.com.br\/site\/wp-json\/wp\/v2\/media\/8056"}],"wp:attachment":[{"href":"https:\/\/www.polisrecreio.com.br\/site\/wp-json\/wp\/v2\/media?parent=8054"}],"wp:term":[{"taxonomy":"category","embeddable":true,"href":"https:\/\/www.polisrecreio.com.br\/site\/wp-json\/wp\/v2\/categories?post=8054"},{"taxonomy":"post_tag","embeddable":true,"href":"https:\/\/www.polisrecreio.com.br\/site\/wp-json\/wp\/v2\/tags?post=8054"}],"curies":[{"name":"wp","href":"https:\/\/api.w.org\/{rel}","templated":true}]}}