{"id":8066,"date":"2017-12-08T11:46:47","date_gmt":"2017-12-08T14:46:47","guid":{"rendered":"http:\/\/www.polisrecreio.com.br\/site\/?p=8066"},"modified":"2017-12-08T11:46:47","modified_gmt":"2017-12-08T14:46:47","slug":"dias-13-14-e-15-de-dezembro-sera-pago-o-13o-salario-informa-prefeito-de-recreio","status":"publish","type":"post","link":"https:\/\/www.polisrecreio.com.br\/site\/2017\/12\/08\/dias-13-14-e-15-de-dezembro-sera-pago-o-13o-salario-informa-prefeito-de-recreio\/","title":{"rendered":"\u201cDias 13, 14 e 15 de dezembro ser\u00e1 pago o 13\u00ba sal\u00e1rio\u201d, informa prefeito de Recreio"},"content":{"rendered":"<p style=\"text-align: justify;\">Com diversos prefeitos do Brasil e governadores de Estados sem saber como ir\u00e3o pagar o 13\u00ba sal\u00e1rio aos seus servidores devido \u00e0 grave crise financeira que est\u00e3o enfrentando, em Recreio, o prefeito Z\u00e9 Maria Barros anunciou o pagamento para os dias 13, 14 e 15 de dezembro.<\/p>\n<p style=\"text-align: justify;\"><!--more--><\/p>\n<figure id=\"attachment_8067\" aria-describedby=\"caption-attachment-8067\" style=\"width: 750px\" class=\"wp-caption aligncenter\"><a href=\"http:\/\/www.polisrecreio.com.br\/site\/wp-content\/uploads\/2017\/12\/z\u00e9maria.jpg\"><img loading=\"lazy\" class=\"size-full wp-image-8067\" src=\"http:\/\/www.polisrecreio.com.br\/site\/wp-content\/uploads\/2017\/12\/z\u00e9maria.jpg\" alt=\"Prefeito de Recreio, Z\u00e9 Maria Barros.\" width=\"750\" height=\"487\" srcset=\"https:\/\/www.polisrecreio.com.br\/site\/wp-content\/uploads\/2017\/12\/z\u00e9maria.jpg 750w, https:\/\/www.polisrecreio.com.br\/site\/wp-content\/uploads\/2017\/12\/z\u00e9maria-300x195.jpg 300w\" sizes=\"(max-width: 750px) 100vw, 750px\" \/><\/a><figcaption id=\"caption-attachment-8067\" class=\"wp-caption-text\">Prefeito de Recreio, Z\u00e9 Maria Barros.<\/figcaption><\/figure>\n<p style=\"text-align: justify;\">A gratifica\u00e7\u00e3o de Natal, popularmente chamada de 13\u00ba sal\u00e1rio, foi institu\u00edda no Brasil pela Lei Federal n\u00ba 4.090 de 13 de julho de 1962, ela garante que o trabalhador receba correspondente a 1\/12 (um doze avos) da remunera\u00e7\u00e3o por m\u00eas trabalhado. Ou seja, consiste no pagamento de um sal\u00e1rio extra ao servidor e deve ser pago at\u00e9 o dia 20 de dezembro de cada ano conforme determina a Lei Federal n\u00ba 4.749 de 12 de agosto de 1965.<\/p>\n<p style=\"text-align: justify;\">Confira o cronograma:<\/p>\n<p style=\"text-align: justify;\">13\/12 \u2013 quarta-feira: Obras, Aposentados, Desenvolvimento Social e Administra\u00e7\u00e3o;<\/p>\n<p style=\"text-align: justify;\">14\/12 \u2013 quinta-feira: Sa\u00fade;<\/p>\n<p style=\"text-align: justify;\">15\/12 \u2013 sexta-feira: Educa\u00e7\u00e3o.<\/p>\n<p style=\"text-align: justify;\">O escalonamento adotado pelo prefeito em seu primeiro \u00e0 frente da Prefeitura de Recreio conforme a estrutura administrativa tem o objetivo de dar mais agilidade, comodidade e seguran\u00e7a, na hora dos recebimentos.<\/p>\n<p style=\"text-align: justify;\">Segundo Z\u00e9 Maria Barros, \u201c2017 foi um ano de muitas dificuldades, enfrentadas n\u00e3o s\u00f3 por Recreio, mas, por grande parte dos munic\u00edpios e pela maioria dos Estados. Manter pagamentos de servidores em dia est\u00e1 cada vez mais dif\u00edcil no nosso pa\u00eds, entretanto, em Recreio o nosso funcionalismo ser\u00e1 sempre respeitado conforme as condi\u00e7\u00f5es financeiras da Prefeitura\u201d, disse.<\/p>\n<p>&nbsp;<\/p>\n","protected":false},"excerpt":{"rendered":"<p>Com diversos prefeitos do Brasil e governadores de Estados sem saber como ir\u00e3o pagar o 13\u00ba sal\u00e1rio aos seus servidores devido \u00e0 grave crise financeira que est\u00e3o enfrentando, em Recreio, o prefeito Z\u00e9 Maria Barros anunciou o pagamento para os dias 13, 14 e 15 de dezembro.<\/p>\n","protected":false},"author":3,"featured_media":8067,"comment_status":"open","ping_status":"open","sticky":false,"template":"","format":"standard","meta":[],"categories":[6],"tags":[],"yoast_head":"<!-- This site is optimized with the Yoast SEO plugin v15.6.2 - https:\/\/yoast.com\/wordpress\/plugins\/seo\/ -->\n<meta name=\"robots\" content=\"index, follow, max-snippet:-1, max-image-preview:large, max-video-preview:-1\" \/>\n<link rel=\"canonical\" href=\"http:\/\/www.polisrecreio.com.br\/site\/2017\/12\/08\/dias-13-14-e-15-de-dezembro-sera-pago-o-13o-salario-informa-prefeito-de-recreio\/\" \/>\n<meta property=\"og:locale\" content=\"pt_BR\" \/>\n<meta property=\"og:type\" content=\"article\" \/>\n<meta property=\"og:title\" content=\"\u201cDias 13, 14 e 15 de dezembro ser\u00e1 pago o 13\u00ba sal\u00e1rio\u201d, informa prefeito de Recreio - P\u00f3lis Recreio\" \/>\n<meta property=\"og:description\" content=\"Com diversos prefeitos do Brasil e governadores de Estados sem saber como ir\u00e3o pagar o 13\u00ba sal\u00e1rio aos seus servidores devido \u00e0 grave crise financeira que est\u00e3o enfrentando, em Recreio, o prefeito Z\u00e9 Maria Barros anunciou o pagamento para os dias 13, 14 e 15 de dezembro.\" \/>\n<meta property=\"og:url\" content=\"http:\/\/www.polisrecreio.com.br\/site\/2017\/12\/08\/dias-13-14-e-15-de-dezembro-sera-pago-o-13o-salario-informa-prefeito-de-recreio\/\" \/>\n<meta property=\"og:site_name\" content=\"P\u00f3lis Recreio\" \/>\n<meta property=\"article:publisher\" content=\"https:\/\/www.facebook.com\/Site-P%c3%b3lis-Recreio-MG-181941708571019\/\" \/>\n<meta property=\"article:published_time\" content=\"2017-12-08T14:46:47+00:00\" \/>\n<meta property=\"og:image\" content=\"https:\/\/www.polisrecreio.com.br\/site\/wp-content\/uploads\/2017\/12\/z\u00e9maria.jpg\" \/>\n\t<meta property=\"og:image:width\" content=\"750\" \/>\n\t<meta property=\"og:image:height\" content=\"487\" \/>\n<meta name=\"twitter:card\" content=\"summary_large_image\" \/>\n<meta name=\"twitter:creator\" content=\"@PolisRecreio\" \/>\n<meta name=\"twitter:site\" content=\"@PolisRecreio\" \/>\n<meta name=\"twitter:label1\" content=\"Est. reading time\">\n\t<meta name=\"twitter:data1\" content=\"1 minuto\">\n<script type=\"application\/ld+json\" class=\"yoast-schema-graph\">{\"@context\":\"https:\/\/schema.org\",\"@graph\":[{\"@type\":\"WebSite\",\"@id\":\"https:\/\/www.polisrecreio.com.br\/site\/#website\",\"url\":\"https:\/\/www.polisrecreio.com.br\/site\/\",\"name\":\"P\\u00f3lis Recreio\",\"description\":\"\",\"potentialAction\":[{\"@type\":\"SearchAction\",\"target\":\"https:\/\/www.polisrecreio.com.br\/site\/?s={search_term_string}\",\"query-input\":\"required name=search_term_string\"}],\"inLanguage\":\"pt-BR\"},{\"@type\":\"ImageObject\",\"@id\":\"http:\/\/www.polisrecreio.com.br\/site\/2017\/12\/08\/dias-13-14-e-15-de-dezembro-sera-pago-o-13o-salario-informa-prefeito-de-recreio\/#primaryimage\",\"inLanguage\":\"pt-BR\",\"url\":\"https:\/\/www.polisrecreio.com.br\/site\/wp-content\/uploads\/2017\/12\/z\\u00e9maria.jpg\",\"width\":750,\"height\":487,\"caption\":\"Prefeito de Recreio, Z\\u00e9 Maria Barros.\"},{\"@type\":\"WebPage\",\"@id\":\"http:\/\/www.polisrecreio.com.br\/site\/2017\/12\/08\/dias-13-14-e-15-de-dezembro-sera-pago-o-13o-salario-informa-prefeito-de-recreio\/#webpage\",\"url\":\"http:\/\/www.polisrecreio.com.br\/site\/2017\/12\/08\/dias-13-14-e-15-de-dezembro-sera-pago-o-13o-salario-informa-prefeito-de-recreio\/\",\"name\":\"\\u201cDias 13, 14 e 15 de dezembro ser\\u00e1 pago o 13\\u00ba sal\\u00e1rio\\u201d, informa prefeito de Recreio - P\\u00f3lis Recreio\",\"isPartOf\":{\"@id\":\"https:\/\/www.polisrecreio.com.br\/site\/#website\"},\"primaryImageOfPage\":{\"@id\":\"http:\/\/www.polisrecreio.com.br\/site\/2017\/12\/08\/dias-13-14-e-15-de-dezembro-sera-pago-o-13o-salario-informa-prefeito-de-recreio\/#primaryimage\"},\"datePublished\":\"2017-12-08T14:46:47+00:00\",\"dateModified\":\"2017-12-08T14:46:47+00:00\",\"author\":{\"@id\":\"https:\/\/www.polisrecreio.com.br\/site\/#\/schema\/person\/3363c1c78e1e28e1329d97adb387638e\"},\"inLanguage\":\"pt-BR\",\"potentialAction\":[{\"@type\":\"ReadAction\",\"target\":[\"http:\/\/www.polisrecreio.com.br\/site\/2017\/12\/08\/dias-13-14-e-15-de-dezembro-sera-pago-o-13o-salario-informa-prefeito-de-recreio\/\"]}]},{\"@type\":\"Person\",\"@id\":\"https:\/\/www.polisrecreio.com.br\/site\/#\/schema\/person\/3363c1c78e1e28e1329d97adb387638e\",\"name\":\"Leonardo Ribeiro\",\"image\":{\"@type\":\"ImageObject\",\"@id\":\"https:\/\/www.polisrecreio.com.br\/site\/#personlogo\",\"inLanguage\":\"pt-BR\",\"url\":\"https:\/\/secure.gravatar.com\/avatar\/6ba92a37d621e1a83e23710251178a12?s=96&d=mm&r=g\",\"caption\":\"Leonardo Ribeiro\"},\"sameAs\":[\"http:\/\/www.polisrecreio.com.br\"]}]}<\/script>\n<!-- \/ Yoast SEO plugin. -->","_links":{"self":[{"href":"https:\/\/www.polisrecreio.com.br\/site\/wp-json\/wp\/v2\/posts\/8066"}],"collection":[{"href":"https:\/\/www.polisrecreio.com.br\/site\/wp-json\/wp\/v2\/posts"}],"about":[{"href":"https:\/\/www.polisrecreio.com.br\/site\/wp-json\/wp\/v2\/types\/post"}],"author":[{"embeddable":true,"href":"https:\/\/www.polisrecreio.com.br\/site\/wp-json\/wp\/v2\/users\/3"}],"replies":[{"embeddable":true,"href":"https:\/\/www.polisrecreio.com.br\/site\/wp-json\/wp\/v2\/comments?post=8066"}],"version-history":[{"count":1,"href":"https:\/\/www.polisrecreio.com.br\/site\/wp-json\/wp\/v2\/posts\/8066\/revisions"}],"predecessor-version":[{"id":8068,"href":"https:\/\/www.polisrecreio.com.br\/site\/wp-json\/wp\/v2\/posts\/8066\/revisions\/8068"}],"wp:featuredmedia":[{"embeddable":true,"href":"https:\/\/www.polisrecreio.com.br\/site\/wp-json\/wp\/v2\/media\/8067"}],"wp:attachment":[{"href":"https:\/\/www.polisrecreio.com.br\/site\/wp-json\/wp\/v2\/media?parent=8066"}],"wp:term":[{"taxonomy":"category","embeddable":true,"href":"https:\/\/www.polisrecreio.com.br\/site\/wp-json\/wp\/v2\/categories?post=8066"},{"taxonomy":"post_tag","embeddable":true,"href":"https:\/\/www.polisrecreio.com.br\/site\/wp-json\/wp\/v2\/tags?post=8066"}],"curies":[{"name":"wp","href":"https:\/\/api.w.org\/{rel}","templated":true}]}}