{"id":8069,"date":"2017-12-08T17:08:33","date_gmt":"2017-12-08T20:08:33","guid":{"rendered":"http:\/\/www.polisrecreio.com.br\/site\/?p=8069"},"modified":"2017-12-08T17:12:18","modified_gmt":"2017-12-08T20:12:18","slug":"encontro-de-pecuaristas-em-recreio-discute-mastite-bovina","status":"publish","type":"post","link":"https:\/\/www.polisrecreio.com.br\/site\/2017\/12\/08\/encontro-de-pecuaristas-em-recreio-discute-mastite-bovina\/","title":{"rendered":"Encontro de pecuaristas em Recreio discute \u201cmastite bovina\u201d"},"content":{"rendered":"<p style=\"text-align: justify;\">O 6\u00ba encontro de pecuaristas promovido pela Agropecu\u00e1rias VG na Associa\u00e7\u00e3o dos Moradores do Canto dos Ferreira, em Recreio, discutiu uma das doen\u00e7as que mais afetam o gado leiteiro, a \u201cmastite bovina\u201d. O assunto foi abordado pelo m\u00e9dico veterin\u00e1rio, Guilherme Garcia, coordenador t\u00e9cnico do laborat\u00f3rio MSD \u2013 Sa\u00fade Animal \u2013 na zona da mata mineira.<\/p>\n<p style=\"text-align: justify;\"><!--more--><\/p>\n<figure id=\"attachment_8071\" aria-describedby=\"caption-attachment-8071\" style=\"width: 750px\" class=\"wp-caption aligncenter\"><a href=\"http:\/\/www.polisrecreio.com.br\/site\/wp-content\/uploads\/2017\/12\/2.jpg\"><img loading=\"lazy\" class=\"size-full wp-image-8071\" src=\"http:\/\/www.polisrecreio.com.br\/site\/wp-content\/uploads\/2017\/12\/2.jpg\" alt=\"Encontro de pecuaristas.\" width=\"750\" height=\"500\" srcset=\"https:\/\/www.polisrecreio.com.br\/site\/wp-content\/uploads\/2017\/12\/2.jpg 750w, https:\/\/www.polisrecreio.com.br\/site\/wp-content\/uploads\/2017\/12\/2-300x200.jpg 300w\" sizes=\"(max-width: 750px) 100vw, 750px\" \/><\/a><figcaption id=\"caption-attachment-8071\" class=\"wp-caption-text\">Encontro de pecuaristas.<\/figcaption><\/figure>\n<p style=\"text-align: justify;\">Durante a explana\u00e7\u00e3o do tema do encontro, Guilherme Garcia, formado pela Universidade de Lavras, destacou que a \u201cmastite\u201d acontece em diversas propriedades e que o importante \u00e9 tratar o animal com medicamentos eficazes e sempre com orienta\u00e7\u00e3o m\u00e9dica. O veterin\u00e1rio tamb\u00e9m demonstrou atrav\u00e9s de gr\u00e1ficos a relev\u00e2ncia da pecu\u00e1ria leiteira para o Brasil e as perspectivas do setor para os pr\u00f3ximos anos.<\/p>\n<p style=\"text-align: justify;\">A \u201cmastite bovina\u201d \u00e9 um processo de inflama\u00e7\u00e3o da gl\u00e2ndula mam\u00e1ria do gado. Ela ocorre por diferentes fatores, sendo as principais causadas por bact\u00e9rias, cerca de 90%. Vacas com \u201cmastite\u201d apresentam sinais de secre\u00e7\u00e3o de leite com pus, tetos e \u00fabere com vermelhid\u00e3o, duros, inchados e quentes. Em alguns casos o animal pode apresentar febre, perda do apetite e at\u00e9 chegar \u00e0 morte em casos mais graves.<\/p>\n<p style=\"text-align: justify;\">A reuni\u00e3o foi organizada pela Agropecu\u00e1rias VG \u2013 Recreio e Volta Grande, sob dire\u00e7\u00e3o dos irm\u00e3os veterin\u00e1rios, Gustavo e Vin\u00edcius Coutinho, e do patriarca, Luiz Vin\u00edcius \u201cCoca\u201d. Al\u00e9m de criadores de gado, trabalhadores rurais, veterin\u00e1rios e outros interessados no assunto, de Recreio, Leopoldina, Laranjal, Palma e Volta Grande, participaram do encontro. O t\u00e9cnico extensionista de Recreio da EMATER\/MG, Jo\u00e3o Guilherme Marchito, e o presidente do Sindicato Rural de Recreio, Jair Rodrigues, tamb\u00e9m estiveram presentes. Aproximadamente 100 pessoas marcaram presen\u00e7a.<\/p>\n<figure id=\"attachment_8070\" aria-describedby=\"caption-attachment-8070\" style=\"width: 750px\" class=\"wp-caption aligncenter\"><a href=\"http:\/\/www.polisrecreio.com.br\/site\/wp-content\/uploads\/2017\/12\/1.jpg\"><img loading=\"lazy\" class=\"size-full wp-image-8070\" src=\"http:\/\/www.polisrecreio.com.br\/site\/wp-content\/uploads\/2017\/12\/1.jpg\" alt=\"Gustavo apresentando Guilherme Garcia.\" width=\"750\" height=\"500\" srcset=\"https:\/\/www.polisrecreio.com.br\/site\/wp-content\/uploads\/2017\/12\/1.jpg 750w, https:\/\/www.polisrecreio.com.br\/site\/wp-content\/uploads\/2017\/12\/1-300x200.jpg 300w\" sizes=\"(max-width: 750px) 100vw, 750px\" \/><\/a><figcaption id=\"caption-attachment-8070\" class=\"wp-caption-text\">Gustavo Coutinho, da Agropecu\u00e1ria VG, apresentando Guilherme Garcia.<\/figcaption><\/figure>\n<figure id=\"attachment_8073\" aria-describedby=\"caption-attachment-8073\" style=\"width: 750px\" class=\"wp-caption aligncenter\"><a href=\"http:\/\/www.polisrecreio.com.br\/site\/wp-content\/uploads\/2017\/12\/4.jpg\"><img loading=\"lazy\" class=\"size-full wp-image-8073\" src=\"http:\/\/www.polisrecreio.com.br\/site\/wp-content\/uploads\/2017\/12\/4.jpg\" alt=\"Encontro da Agropecu\u00e1ria VG.\" width=\"750\" height=\"500\" srcset=\"https:\/\/www.polisrecreio.com.br\/site\/wp-content\/uploads\/2017\/12\/4.jpg 750w, https:\/\/www.polisrecreio.com.br\/site\/wp-content\/uploads\/2017\/12\/4-300x200.jpg 300w\" sizes=\"(max-width: 750px) 100vw, 750px\" \/><\/a><figcaption id=\"caption-attachment-8073\" class=\"wp-caption-text\">Encontro da Agropecu\u00e1ria VG.<\/figcaption><\/figure>\n<figure id=\"attachment_8072\" aria-describedby=\"caption-attachment-8072\" style=\"width: 750px\" class=\"wp-caption aligncenter\"><a href=\"http:\/\/www.polisrecreio.com.br\/site\/wp-content\/uploads\/2017\/12\/3.jpg\"><img loading=\"lazy\" class=\"size-full wp-image-8072\" src=\"http:\/\/www.polisrecreio.com.br\/site\/wp-content\/uploads\/2017\/12\/3.jpg\" alt=\"Guilherme Garcia explanando o tema do encontro.\" width=\"750\" height=\"500\" srcset=\"https:\/\/www.polisrecreio.com.br\/site\/wp-content\/uploads\/2017\/12\/3.jpg 750w, https:\/\/www.polisrecreio.com.br\/site\/wp-content\/uploads\/2017\/12\/3-300x200.jpg 300w\" sizes=\"(max-width: 750px) 100vw, 750px\" \/><\/a><figcaption id=\"caption-attachment-8072\" class=\"wp-caption-text\">Guilherme Garcia explanando o tema do encontro.<\/figcaption><\/figure>\n<figure id=\"attachment_8074\" aria-describedby=\"caption-attachment-8074\" style=\"width: 750px\" class=\"wp-caption aligncenter\"><a href=\"http:\/\/www.polisrecreio.com.br\/site\/wp-content\/uploads\/2017\/12\/5.jpg\"><img loading=\"lazy\" class=\"size-full wp-image-8074\" src=\"http:\/\/www.polisrecreio.com.br\/site\/wp-content\/uploads\/2017\/12\/5.jpg\" alt=\"Encontro na Associa\u00e7\u00e3o do Canto dos Ferreira.\" width=\"750\" height=\"500\" srcset=\"https:\/\/www.polisrecreio.com.br\/site\/wp-content\/uploads\/2017\/12\/5.jpg 750w, https:\/\/www.polisrecreio.com.br\/site\/wp-content\/uploads\/2017\/12\/5-300x200.jpg 300w\" sizes=\"(max-width: 750px) 100vw, 750px\" \/><\/a><figcaption id=\"caption-attachment-8074\" class=\"wp-caption-text\">Encontro na Associa\u00e7\u00e3o do Canto dos Ferreira.<\/figcaption><\/figure>\n","protected":false},"excerpt":{"rendered":"<p>O 6\u00ba encontro de pecuaristas promovido pela Agropecu\u00e1rias VG na Associa\u00e7\u00e3o dos Moradores do Canto dos Ferreira, em Recreio, discutiu uma das doen\u00e7as que mais afetam o gado leiteiro, a \u201cmastite bovina\u201d. O assunto foi abordado pelo m\u00e9dico veterin\u00e1rio, Guilherme Garcia, coordenador t\u00e9cnico do laborat\u00f3rio MSD \u2013 Sa\u00fade Animal \u2013 na zona da mata mineira.<\/p>\n","protected":false},"author":3,"featured_media":8071,"comment_status":"open","ping_status":"open","sticky":false,"template":"","format":"standard","meta":[],"categories":[15],"tags":[],"yoast_head":"<!-- This site is optimized with the Yoast SEO plugin v15.6.2 - https:\/\/yoast.com\/wordpress\/plugins\/seo\/ -->\n<meta name=\"robots\" content=\"index, follow, max-snippet:-1, max-image-preview:large, max-video-preview:-1\" \/>\n<link rel=\"canonical\" href=\"http:\/\/www.polisrecreio.com.br\/site\/2017\/12\/08\/encontro-de-pecuaristas-em-recreio-discute-mastite-bovina\/\" \/>\n<meta property=\"og:locale\" content=\"pt_BR\" \/>\n<meta property=\"og:type\" content=\"article\" \/>\n<meta property=\"og:title\" content=\"Encontro de pecuaristas em Recreio discute \u201cmastite bovina\u201d - P\u00f3lis Recreio\" \/>\n<meta property=\"og:description\" content=\"O 6\u00ba encontro de pecuaristas promovido pela Agropecu\u00e1rias VG na Associa\u00e7\u00e3o dos Moradores do Canto dos Ferreira, em Recreio, discutiu uma das doen\u00e7as que mais afetam o gado leiteiro, a \u201cmastite bovina\u201d. O assunto foi abordado pelo m\u00e9dico veterin\u00e1rio, Guilherme Garcia, coordenador t\u00e9cnico do laborat\u00f3rio MSD \u2013 Sa\u00fade Animal \u2013 na zona da mata mineira.\" \/>\n<meta property=\"og:url\" content=\"http:\/\/www.polisrecreio.com.br\/site\/2017\/12\/08\/encontro-de-pecuaristas-em-recreio-discute-mastite-bovina\/\" \/>\n<meta property=\"og:site_name\" content=\"P\u00f3lis Recreio\" \/>\n<meta property=\"article:publisher\" content=\"https:\/\/www.facebook.com\/Site-P%c3%b3lis-Recreio-MG-181941708571019\/\" \/>\n<meta property=\"article:published_time\" content=\"2017-12-08T20:08:33+00:00\" \/>\n<meta property=\"article:modified_time\" content=\"2017-12-08T20:12:18+00:00\" \/>\n<meta property=\"og:image\" content=\"https:\/\/www.polisrecreio.com.br\/site\/wp-content\/uploads\/2017\/12\/2.jpg\" \/>\n\t<meta property=\"og:image:width\" content=\"750\" \/>\n\t<meta property=\"og:image:height\" content=\"500\" \/>\n<meta name=\"twitter:card\" content=\"summary_large_image\" \/>\n<meta name=\"twitter:creator\" content=\"@PolisRecreio\" \/>\n<meta name=\"twitter:site\" content=\"@PolisRecreio\" \/>\n<meta name=\"twitter:label1\" content=\"Est. reading time\">\n\t<meta name=\"twitter:data1\" content=\"2 minutos\">\n<script type=\"application\/ld+json\" class=\"yoast-schema-graph\">{\"@context\":\"https:\/\/schema.org\",\"@graph\":[{\"@type\":\"WebSite\",\"@id\":\"https:\/\/www.polisrecreio.com.br\/site\/#website\",\"url\":\"https:\/\/www.polisrecreio.com.br\/site\/\",\"name\":\"P\\u00f3lis Recreio\",\"description\":\"\",\"potentialAction\":[{\"@type\":\"SearchAction\",\"target\":\"https:\/\/www.polisrecreio.com.br\/site\/?s={search_term_string}\",\"query-input\":\"required name=search_term_string\"}],\"inLanguage\":\"pt-BR\"},{\"@type\":\"ImageObject\",\"@id\":\"http:\/\/www.polisrecreio.com.br\/site\/2017\/12\/08\/encontro-de-pecuaristas-em-recreio-discute-mastite-bovina\/#primaryimage\",\"inLanguage\":\"pt-BR\",\"url\":\"https:\/\/www.polisrecreio.com.br\/site\/wp-content\/uploads\/2017\/12\/2.jpg\",\"width\":750,\"height\":500,\"caption\":\"Encontro de pecuaristas.\"},{\"@type\":\"WebPage\",\"@id\":\"http:\/\/www.polisrecreio.com.br\/site\/2017\/12\/08\/encontro-de-pecuaristas-em-recreio-discute-mastite-bovina\/#webpage\",\"url\":\"http:\/\/www.polisrecreio.com.br\/site\/2017\/12\/08\/encontro-de-pecuaristas-em-recreio-discute-mastite-bovina\/\",\"name\":\"Encontro de pecuaristas em Recreio discute \\u201cmastite bovina\\u201d - P\\u00f3lis Recreio\",\"isPartOf\":{\"@id\":\"https:\/\/www.polisrecreio.com.br\/site\/#website\"},\"primaryImageOfPage\":{\"@id\":\"http:\/\/www.polisrecreio.com.br\/site\/2017\/12\/08\/encontro-de-pecuaristas-em-recreio-discute-mastite-bovina\/#primaryimage\"},\"datePublished\":\"2017-12-08T20:08:33+00:00\",\"dateModified\":\"2017-12-08T20:12:18+00:00\",\"author\":{\"@id\":\"https:\/\/www.polisrecreio.com.br\/site\/#\/schema\/person\/3363c1c78e1e28e1329d97adb387638e\"},\"inLanguage\":\"pt-BR\",\"potentialAction\":[{\"@type\":\"ReadAction\",\"target\":[\"http:\/\/www.polisrecreio.com.br\/site\/2017\/12\/08\/encontro-de-pecuaristas-em-recreio-discute-mastite-bovina\/\"]}]},{\"@type\":\"Person\",\"@id\":\"https:\/\/www.polisrecreio.com.br\/site\/#\/schema\/person\/3363c1c78e1e28e1329d97adb387638e\",\"name\":\"Leonardo Ribeiro\",\"image\":{\"@type\":\"ImageObject\",\"@id\":\"https:\/\/www.polisrecreio.com.br\/site\/#personlogo\",\"inLanguage\":\"pt-BR\",\"url\":\"https:\/\/secure.gravatar.com\/avatar\/6ba92a37d621e1a83e23710251178a12?s=96&d=mm&r=g\",\"caption\":\"Leonardo Ribeiro\"},\"sameAs\":[\"http:\/\/www.polisrecreio.com.br\"]}]}<\/script>\n<!-- \/ Yoast SEO plugin. -->","_links":{"self":[{"href":"https:\/\/www.polisrecreio.com.br\/site\/wp-json\/wp\/v2\/posts\/8069"}],"collection":[{"href":"https:\/\/www.polisrecreio.com.br\/site\/wp-json\/wp\/v2\/posts"}],"about":[{"href":"https:\/\/www.polisrecreio.com.br\/site\/wp-json\/wp\/v2\/types\/post"}],"author":[{"embeddable":true,"href":"https:\/\/www.polisrecreio.com.br\/site\/wp-json\/wp\/v2\/users\/3"}],"replies":[{"embeddable":true,"href":"https:\/\/www.polisrecreio.com.br\/site\/wp-json\/wp\/v2\/comments?post=8069"}],"version-history":[{"count":2,"href":"https:\/\/www.polisrecreio.com.br\/site\/wp-json\/wp\/v2\/posts\/8069\/revisions"}],"predecessor-version":[{"id":8076,"href":"https:\/\/www.polisrecreio.com.br\/site\/wp-json\/wp\/v2\/posts\/8069\/revisions\/8076"}],"wp:featuredmedia":[{"embeddable":true,"href":"https:\/\/www.polisrecreio.com.br\/site\/wp-json\/wp\/v2\/media\/8071"}],"wp:attachment":[{"href":"https:\/\/www.polisrecreio.com.br\/site\/wp-json\/wp\/v2\/media?parent=8069"}],"wp:term":[{"taxonomy":"category","embeddable":true,"href":"https:\/\/www.polisrecreio.com.br\/site\/wp-json\/wp\/v2\/categories?post=8069"},{"taxonomy":"post_tag","embeddable":true,"href":"https:\/\/www.polisrecreio.com.br\/site\/wp-json\/wp\/v2\/tags?post=8069"}],"curies":[{"name":"wp","href":"https:\/\/api.w.org\/{rel}","templated":true}]}}