{"id":8077,"date":"2017-12-08T18:11:48","date_gmt":"2017-12-08T21:11:48","guid":{"rendered":"http:\/\/www.polisrecreio.com.br\/site\/?p=8077"},"modified":"2017-12-08T18:11:48","modified_gmt":"2017-12-08T21:11:48","slug":"combustiveis-estao-acabando-em-posto-de-gasolina-de-recreio","status":"publish","type":"post","link":"https:\/\/www.polisrecreio.com.br\/site\/2017\/12\/08\/combustiveis-estao-acabando-em-posto-de-gasolina-de-recreio\/","title":{"rendered":"Combust\u00edveis est\u00e3o acabando em posto de gasolina de Recreio"},"content":{"rendered":"<p style=\"text-align: justify;\">A greve nacional dos transportadores de combust\u00edveis que come\u00e7ou na quarta-feira (6), com 100% de ades\u00e3o em Minas Gerais, come\u00e7a a influenciar no movimento de abastecimento em Recreio. Segundo levantamento do Site P\u00f3lis, no posto de gasolina da Avenida Joaquim Ant\u00f4nio Ferreira \u2013 Planalto \u2013 o \u00e1lcool acabou e a gasolina est\u00e1 chegando ao fim.<\/p>\n<p style=\"text-align: justify;\"><!--more--><\/p>\n<p style=\"text-align: justify;\"><a href=\"http:\/\/www.polisrecreio.com.br\/site\/wp-content\/uploads\/2017\/12\/ABASTECIMENTO-DE-COMBUSTIVEL1.jpg\"><img loading=\"lazy\" class=\"aligncenter size-full wp-image-8078\" src=\"http:\/\/www.polisrecreio.com.br\/site\/wp-content\/uploads\/2017\/12\/ABASTECIMENTO-DE-COMBUSTIVEL1.jpg\" alt=\"ABASTECIMENTO-DE-COMBUSTIVEL1\" width=\"750\" height=\"500\" srcset=\"https:\/\/www.polisrecreio.com.br\/site\/wp-content\/uploads\/2017\/12\/ABASTECIMENTO-DE-COMBUSTIVEL1.jpg 750w, https:\/\/www.polisrecreio.com.br\/site\/wp-content\/uploads\/2017\/12\/ABASTECIMENTO-DE-COMBUSTIVEL1-300x200.jpg 300w\" sizes=\"(max-width: 750px) 100vw, 750px\" \/><\/a><\/p>\n<p style=\"text-align: justify;\">De acordo com o Sindicato dos Transportadores de Combust\u00edvel e Derivados de Petr\u00f3leo de Minas Gerais \u201cSindtanque\u201d toda a categoria aderiu \u00e0 paralisa\u00e7\u00e3o, que afeta tamb\u00e9m aos aeroportos. Os caminhoneiros simplesmente pararam de trabalhar, sem fazer qualquer manifesta\u00e7\u00e3o ou bloqueio de vias. O sindicato espera que o governo federal e tamb\u00e9m o mineiro desistam dos aumentos das al\u00edquotas sobre o combust\u00edvel. N\u00e3o h\u00e1 prazo para o fim da greve.<\/p>\n<p style=\"text-align: justify;\">Em Recreio, como foi feriado nesta sexta-feira (8), Dia de Nossa Senhora da Concei\u00e7\u00e3o, o posto da Rua da Concei\u00e7\u00e3o \u2013 Centro \u2013 n\u00e3o funcionou e os tanques devem estar cheios. O movimento no posto do bairro Planalto est\u00e1 intenso.<\/p>\n","protected":false},"excerpt":{"rendered":"<p>A greve nacional dos transportadores de combust\u00edveis que come\u00e7ou na quarta-feira (6), com 100% de ades\u00e3o em Minas Gerais, come\u00e7a a influenciar no movimento de abastecimento em Recreio. Segundo levantamento do Site P\u00f3lis, no posto de gasolina da Avenida Joaquim Ant\u00f4nio Ferreira \u2013 Planalto \u2013 o \u00e1lcool acabou e a gasolina est\u00e1 chegando ao fim.<\/p>\n","protected":false},"author":3,"featured_media":8078,"comment_status":"open","ping_status":"open","sticky":false,"template":"","format":"standard","meta":[],"categories":[6],"tags":[],"yoast_head":"<!-- This site is optimized with the Yoast SEO plugin v15.6.2 - https:\/\/yoast.com\/wordpress\/plugins\/seo\/ -->\n<meta name=\"robots\" content=\"index, follow, max-snippet:-1, max-image-preview:large, max-video-preview:-1\" \/>\n<link rel=\"canonical\" href=\"https:\/\/www.polisrecreio.com.br\/site\/2017\/12\/08\/combustiveis-estao-acabando-em-posto-de-gasolina-de-recreio\/\" \/>\n<meta property=\"og:locale\" content=\"pt_BR\" \/>\n<meta property=\"og:type\" content=\"article\" \/>\n<meta property=\"og:title\" content=\"Combust\u00edveis est\u00e3o acabando em posto de gasolina de Recreio - P\u00f3lis Recreio\" \/>\n<meta property=\"og:description\" content=\"A greve nacional dos transportadores de combust\u00edveis que come\u00e7ou na quarta-feira (6), com 100% de ades\u00e3o em Minas Gerais, come\u00e7a a influenciar no movimento de abastecimento em Recreio. Segundo levantamento do Site P\u00f3lis, no posto de gasolina da Avenida Joaquim Ant\u00f4nio Ferreira \u2013 Planalto \u2013 o \u00e1lcool acabou e a gasolina est\u00e1 chegando ao fim.\" \/>\n<meta property=\"og:url\" content=\"https:\/\/www.polisrecreio.com.br\/site\/2017\/12\/08\/combustiveis-estao-acabando-em-posto-de-gasolina-de-recreio\/\" \/>\n<meta property=\"og:site_name\" content=\"P\u00f3lis Recreio\" \/>\n<meta property=\"article:publisher\" content=\"https:\/\/www.facebook.com\/Site-P%c3%b3lis-Recreio-MG-181941708571019\/\" \/>\n<meta property=\"article:published_time\" content=\"2017-12-08T21:11:48+00:00\" \/>\n<meta property=\"og:image\" content=\"https:\/\/www.polisrecreio.com.br\/site\/wp-content\/uploads\/2017\/12\/ABASTECIMENTO-DE-COMBUSTIVEL1.jpg\" \/>\n\t<meta property=\"og:image:width\" content=\"750\" \/>\n\t<meta property=\"og:image:height\" content=\"500\" \/>\n<meta name=\"twitter:card\" content=\"summary_large_image\" \/>\n<meta name=\"twitter:creator\" content=\"@PolisRecreio\" \/>\n<meta name=\"twitter:site\" content=\"@PolisRecreio\" \/>\n<meta name=\"twitter:label1\" content=\"Est. reading time\">\n\t<meta name=\"twitter:data1\" content=\"1 minuto\">\n<script type=\"application\/ld+json\" class=\"yoast-schema-graph\">{\"@context\":\"https:\/\/schema.org\",\"@graph\":[{\"@type\":\"WebSite\",\"@id\":\"https:\/\/www.polisrecreio.com.br\/site\/#website\",\"url\":\"https:\/\/www.polisrecreio.com.br\/site\/\",\"name\":\"P\\u00f3lis Recreio\",\"description\":\"\",\"potentialAction\":[{\"@type\":\"SearchAction\",\"target\":\"https:\/\/www.polisrecreio.com.br\/site\/?s={search_term_string}\",\"query-input\":\"required name=search_term_string\"}],\"inLanguage\":\"pt-BR\"},{\"@type\":\"ImageObject\",\"@id\":\"https:\/\/www.polisrecreio.com.br\/site\/2017\/12\/08\/combustiveis-estao-acabando-em-posto-de-gasolina-de-recreio\/#primaryimage\",\"inLanguage\":\"pt-BR\",\"url\":\"https:\/\/www.polisrecreio.com.br\/site\/wp-content\/uploads\/2017\/12\/ABASTECIMENTO-DE-COMBUSTIVEL1.jpg\",\"width\":750,\"height\":500},{\"@type\":\"WebPage\",\"@id\":\"https:\/\/www.polisrecreio.com.br\/site\/2017\/12\/08\/combustiveis-estao-acabando-em-posto-de-gasolina-de-recreio\/#webpage\",\"url\":\"https:\/\/www.polisrecreio.com.br\/site\/2017\/12\/08\/combustiveis-estao-acabando-em-posto-de-gasolina-de-recreio\/\",\"name\":\"Combust\\u00edveis est\\u00e3o acabando em posto de gasolina de Recreio - P\\u00f3lis Recreio\",\"isPartOf\":{\"@id\":\"https:\/\/www.polisrecreio.com.br\/site\/#website\"},\"primaryImageOfPage\":{\"@id\":\"https:\/\/www.polisrecreio.com.br\/site\/2017\/12\/08\/combustiveis-estao-acabando-em-posto-de-gasolina-de-recreio\/#primaryimage\"},\"datePublished\":\"2017-12-08T21:11:48+00:00\",\"dateModified\":\"2017-12-08T21:11:48+00:00\",\"author\":{\"@id\":\"https:\/\/www.polisrecreio.com.br\/site\/#\/schema\/person\/3363c1c78e1e28e1329d97adb387638e\"},\"inLanguage\":\"pt-BR\",\"potentialAction\":[{\"@type\":\"ReadAction\",\"target\":[\"https:\/\/www.polisrecreio.com.br\/site\/2017\/12\/08\/combustiveis-estao-acabando-em-posto-de-gasolina-de-recreio\/\"]}]},{\"@type\":\"Person\",\"@id\":\"https:\/\/www.polisrecreio.com.br\/site\/#\/schema\/person\/3363c1c78e1e28e1329d97adb387638e\",\"name\":\"Leonardo Ribeiro\",\"image\":{\"@type\":\"ImageObject\",\"@id\":\"https:\/\/www.polisrecreio.com.br\/site\/#personlogo\",\"inLanguage\":\"pt-BR\",\"url\":\"https:\/\/secure.gravatar.com\/avatar\/6ba92a37d621e1a83e23710251178a12?s=96&d=mm&r=g\",\"caption\":\"Leonardo Ribeiro\"},\"sameAs\":[\"http:\/\/www.polisrecreio.com.br\"]}]}<\/script>\n<!-- \/ Yoast SEO plugin. -->","_links":{"self":[{"href":"https:\/\/www.polisrecreio.com.br\/site\/wp-json\/wp\/v2\/posts\/8077"}],"collection":[{"href":"https:\/\/www.polisrecreio.com.br\/site\/wp-json\/wp\/v2\/posts"}],"about":[{"href":"https:\/\/www.polisrecreio.com.br\/site\/wp-json\/wp\/v2\/types\/post"}],"author":[{"embeddable":true,"href":"https:\/\/www.polisrecreio.com.br\/site\/wp-json\/wp\/v2\/users\/3"}],"replies":[{"embeddable":true,"href":"https:\/\/www.polisrecreio.com.br\/site\/wp-json\/wp\/v2\/comments?post=8077"}],"version-history":[{"count":1,"href":"https:\/\/www.polisrecreio.com.br\/site\/wp-json\/wp\/v2\/posts\/8077\/revisions"}],"predecessor-version":[{"id":8079,"href":"https:\/\/www.polisrecreio.com.br\/site\/wp-json\/wp\/v2\/posts\/8077\/revisions\/8079"}],"wp:featuredmedia":[{"embeddable":true,"href":"https:\/\/www.polisrecreio.com.br\/site\/wp-json\/wp\/v2\/media\/8078"}],"wp:attachment":[{"href":"https:\/\/www.polisrecreio.com.br\/site\/wp-json\/wp\/v2\/media?parent=8077"}],"wp:term":[{"taxonomy":"category","embeddable":true,"href":"https:\/\/www.polisrecreio.com.br\/site\/wp-json\/wp\/v2\/categories?post=8077"},{"taxonomy":"post_tag","embeddable":true,"href":"https:\/\/www.polisrecreio.com.br\/site\/wp-json\/wp\/v2\/tags?post=8077"}],"curies":[{"name":"wp","href":"https:\/\/api.w.org\/{rel}","templated":true}]}}