{"id":8080,"date":"2017-12-10T08:16:02","date_gmt":"2017-12-10T11:16:02","guid":{"rendered":"http:\/\/www.polisrecreio.com.br\/site\/?p=8080"},"modified":"2017-12-10T08:16:02","modified_gmt":"2017-12-10T11:16:02","slug":"loja-maconica-tolerancia-justica-e-liberdade-presta-homenagens","status":"publish","type":"post","link":"https:\/\/www.polisrecreio.com.br\/site\/2017\/12\/10\/loja-maconica-tolerancia-justica-e-liberdade-presta-homenagens\/","title":{"rendered":"Loja Ma\u00e7\u00f4nica \u201cToler\u00e2ncia, Justi\u00e7a e Liberdade\u201d presta homenagens"},"content":{"rendered":"<p style=\"text-align: justify;\">Na \u00faltima sexta-feira (8) a Loja Ma\u00e7\u00f4nica \u201cToler\u00e2ncia, Justi\u00e7a e Liberdade n\u00ba 157\u201d de Recreio prestou homenagens a tr\u00eas personalidades que tem desempenhado relevantes trabalhos \u00e0 sociedade recreiense: Jo\u00e3o Carlos Cunha de Barros, Pe. Edison Campos e Marcelo Jos\u00e9 Dias Barbosa.<\/p>\n<p style=\"text-align: justify;\"><!--more--><\/p>\n<figure id=\"attachment_8087\" aria-describedby=\"caption-attachment-8087\" style=\"width: 750px\" class=\"wp-caption aligncenter\"><a href=\"http:\/\/www.polisrecreio.com.br\/site\/wp-content\/uploads\/2017\/12\/8.jpg\"><img loading=\"lazy\" class=\"wp-image-8087\" src=\"http:\/\/www.polisrecreio.com.br\/site\/wp-content\/uploads\/2017\/12\/8.jpg\" alt=\"Jo\u00e3o Carlos, Pe. Edison e Marcelo Dias.\" width=\"750\" height=\"422\" srcset=\"https:\/\/www.polisrecreio.com.br\/site\/wp-content\/uploads\/2017\/12\/8.jpg 480w, https:\/\/www.polisrecreio.com.br\/site\/wp-content\/uploads\/2017\/12\/8-300x169.jpg 300w\" sizes=\"(max-width: 750px) 100vw, 750px\" \/><\/a><figcaption id=\"caption-attachment-8087\" class=\"wp-caption-text\">Jo\u00e3o Carlos, Pe. Edison e Marcelo Dias.<\/figcaption><\/figure>\n<p style=\"text-align: justify;\">A solenidade aconteceu na sede da organiza\u00e7\u00e3o, \u00e0 Rua Ant\u00f4nio Tomasco, no Centro da cidade. Al\u00e9m dos ma\u00e7ons, participaram familiares e amigos dos homenageados, o prefeito Z\u00e9 Maria Barros, o presidente da C\u00e2mara Municipal Paulinho Pintor e o vereador Pororoca.<\/p>\n<p style=\"text-align: justify;\">Os homenageados receberam as Comendas Ranulpho Fioresi, a Marcelo Jos\u00e9 Dias Barbosa, advogado, membro da Ma\u00e7onaria e presidente do Social Country Clube de Recreio; e Jo\u00e3o Carlos Cunha de Barros, psic\u00f3logo, tamb\u00e9m ma\u00e7om, presidente do Lar dos Velhos e atual Secret\u00e1rio Municipal de Finan\u00e7as de Recreio. A outra Comenda, denominada de Durvalino Pedro da Silva, foi para o p\u00e1roco da Igreja Jesus Menino Deus, Pe. Edison Campos, al\u00e9m de dirigir a Igreja Cat\u00f3lica em Recreio, o padre desempenha um trabalho de recupera\u00e7\u00e3o de dependentes qu\u00edmicos pr\u00f3ximo a Cataguases.<\/p>\n<p style=\"text-align: justify;\">Este tipo de reuni\u00e3o da Ma\u00e7onaria que a organiza\u00e7\u00e3o se abre para a visita do p\u00fablico em geral \u00e9 denominado de \u201csess\u00e3o branca\u201d.<\/p>\n<p style=\"text-align: justify;\"><a href=\"http:\/\/www.polisrecreio.com.br\/site\/wp-content\/uploads\/2017\/12\/11.jpg\"><img loading=\"lazy\" class=\"aligncenter size-full wp-image-8089\" src=\"http:\/\/www.polisrecreio.com.br\/site\/wp-content\/uploads\/2017\/12\/11.jpg\" alt=\"11\" width=\"750\" height=\"421\" srcset=\"https:\/\/www.polisrecreio.com.br\/site\/wp-content\/uploads\/2017\/12\/11.jpg 750w, https:\/\/www.polisrecreio.com.br\/site\/wp-content\/uploads\/2017\/12\/11-300x168.jpg 300w\" sizes=\"(max-width: 750px) 100vw, 750px\" \/><\/a><\/p>\n<p style=\"text-align: justify;\"><a href=\"http:\/\/www.polisrecreio.com.br\/site\/wp-content\/uploads\/2017\/12\/9.jpg\"><img loading=\"lazy\" class=\"aligncenter wp-image-8088\" src=\"http:\/\/www.polisrecreio.com.br\/site\/wp-content\/uploads\/2017\/12\/9.jpg\" alt=\"9\" width=\"750\" height=\"422\" srcset=\"https:\/\/www.polisrecreio.com.br\/site\/wp-content\/uploads\/2017\/12\/9.jpg 480w, https:\/\/www.polisrecreio.com.br\/site\/wp-content\/uploads\/2017\/12\/9-300x169.jpg 300w\" sizes=\"(max-width: 750px) 100vw, 750px\" \/><\/a><\/p>\n<p style=\"text-align: justify;\"><a href=\"http:\/\/www.polisrecreio.com.br\/site\/wp-content\/uploads\/2017\/12\/7.jpg\"><img loading=\"lazy\" class=\"aligncenter wp-image-8086\" src=\"http:\/\/www.polisrecreio.com.br\/site\/wp-content\/uploads\/2017\/12\/7.jpg\" alt=\"7\" width=\"750\" height=\"422\" srcset=\"https:\/\/www.polisrecreio.com.br\/site\/wp-content\/uploads\/2017\/12\/7.jpg 480w, https:\/\/www.polisrecreio.com.br\/site\/wp-content\/uploads\/2017\/12\/7-300x169.jpg 300w\" sizes=\"(max-width: 750px) 100vw, 750px\" \/><\/a><\/p>\n<p style=\"text-align: justify;\"><a href=\"http:\/\/www.polisrecreio.com.br\/site\/wp-content\/uploads\/2017\/12\/6.jpg\"><img loading=\"lazy\" class=\"aligncenter wp-image-8085\" src=\"http:\/\/www.polisrecreio.com.br\/site\/wp-content\/uploads\/2017\/12\/6.jpg\" alt=\"6\" width=\"750\" height=\"422\" srcset=\"https:\/\/www.polisrecreio.com.br\/site\/wp-content\/uploads\/2017\/12\/6.jpg 480w, https:\/\/www.polisrecreio.com.br\/site\/wp-content\/uploads\/2017\/12\/6-300x169.jpg 300w\" sizes=\"(max-width: 750px) 100vw, 750px\" \/><\/a><\/p>\n<p style=\"text-align: justify;\"><a href=\"http:\/\/www.polisrecreio.com.br\/site\/wp-content\/uploads\/2017\/12\/51.jpg\"><img loading=\"lazy\" class=\"aligncenter wp-image-8084\" src=\"http:\/\/www.polisrecreio.com.br\/site\/wp-content\/uploads\/2017\/12\/51.jpg\" alt=\"5\" width=\"750\" height=\"422\" srcset=\"https:\/\/www.polisrecreio.com.br\/site\/wp-content\/uploads\/2017\/12\/51.jpg 480w, https:\/\/www.polisrecreio.com.br\/site\/wp-content\/uploads\/2017\/12\/51-300x169.jpg 300w\" sizes=\"(max-width: 750px) 100vw, 750px\" \/><\/a><\/p>\n<p style=\"text-align: justify;\"><a href=\"http:\/\/www.polisrecreio.com.br\/site\/wp-content\/uploads\/2017\/12\/41.jpg\"><img loading=\"lazy\" class=\"aligncenter wp-image-8083\" src=\"http:\/\/www.polisrecreio.com.br\/site\/wp-content\/uploads\/2017\/12\/41.jpg\" alt=\"4\" width=\"750\" height=\"422\" srcset=\"https:\/\/www.polisrecreio.com.br\/site\/wp-content\/uploads\/2017\/12\/41.jpg 480w, https:\/\/www.polisrecreio.com.br\/site\/wp-content\/uploads\/2017\/12\/41-300x169.jpg 300w\" sizes=\"(max-width: 750px) 100vw, 750px\" \/><\/a><\/p>\n<p style=\"text-align: justify;\"><a href=\"http:\/\/www.polisrecreio.com.br\/site\/wp-content\/uploads\/2017\/12\/31.jpg\"><img loading=\"lazy\" class=\"aligncenter wp-image-8082\" src=\"http:\/\/www.polisrecreio.com.br\/site\/wp-content\/uploads\/2017\/12\/31.jpg\" alt=\"3\" width=\"750\" height=\"422\" srcset=\"https:\/\/www.polisrecreio.com.br\/site\/wp-content\/uploads\/2017\/12\/31.jpg 480w, https:\/\/www.polisrecreio.com.br\/site\/wp-content\/uploads\/2017\/12\/31-300x169.jpg 300w\" sizes=\"(max-width: 750px) 100vw, 750px\" \/><\/a><\/p>\n<p style=\"text-align: justify;\"><a href=\"http:\/\/www.polisrecreio.com.br\/site\/wp-content\/uploads\/2017\/12\/21.jpg\"><img loading=\"lazy\" class=\"aligncenter wp-image-8081\" src=\"http:\/\/www.polisrecreio.com.br\/site\/wp-content\/uploads\/2017\/12\/21.jpg\" alt=\"2\" width=\"750\" height=\"422\" srcset=\"https:\/\/www.polisrecreio.com.br\/site\/wp-content\/uploads\/2017\/12\/21.jpg 480w, https:\/\/www.polisrecreio.com.br\/site\/wp-content\/uploads\/2017\/12\/21-300x169.jpg 300w\" sizes=\"(max-width: 750px) 100vw, 750px\" \/><\/a><\/p>\n<p style=\"text-align: justify;\">\n","protected":false},"excerpt":{"rendered":"<p>Na \u00faltima sexta-feira (8) a Loja Ma\u00e7\u00f4nica \u201cToler\u00e2ncia, Justi\u00e7a e Liberdade n\u00ba 157\u201d de Recreio prestou homenagens a tr\u00eas personalidades que tem desempenhado relevantes trabalhos \u00e0 sociedade recreiense: Jo\u00e3o Carlos Cunha de Barros, Pe. Edison Campos e Marcelo Jos\u00e9 Dias Barbosa.<\/p>\n","protected":false},"author":3,"featured_media":8087,"comment_status":"open","ping_status":"open","sticky":false,"template":"","format":"standard","meta":[],"categories":[6],"tags":[],"yoast_head":"<!-- This site is optimized with the Yoast SEO plugin v15.6.2 - https:\/\/yoast.com\/wordpress\/plugins\/seo\/ -->\n<meta name=\"robots\" content=\"index, follow, max-snippet:-1, max-image-preview:large, max-video-preview:-1\" \/>\n<link rel=\"canonical\" href=\"https:\/\/www.polisrecreio.com.br\/site\/2017\/12\/10\/loja-maconica-tolerancia-justica-e-liberdade-presta-homenagens\/\" \/>\n<meta property=\"og:locale\" content=\"pt_BR\" \/>\n<meta property=\"og:type\" content=\"article\" \/>\n<meta property=\"og:title\" content=\"Loja Ma\u00e7\u00f4nica \u201cToler\u00e2ncia, Justi\u00e7a e Liberdade\u201d presta homenagens - P\u00f3lis Recreio\" \/>\n<meta property=\"og:description\" content=\"Na \u00faltima sexta-feira (8) a Loja Ma\u00e7\u00f4nica \u201cToler\u00e2ncia, Justi\u00e7a e Liberdade n\u00ba 157\u201d de Recreio prestou homenagens a tr\u00eas personalidades que tem desempenhado relevantes trabalhos \u00e0 sociedade recreiense: Jo\u00e3o Carlos Cunha de Barros, Pe. Edison Campos e Marcelo Jos\u00e9 Dias Barbosa.\" \/>\n<meta property=\"og:url\" content=\"https:\/\/www.polisrecreio.com.br\/site\/2017\/12\/10\/loja-maconica-tolerancia-justica-e-liberdade-presta-homenagens\/\" \/>\n<meta property=\"og:site_name\" content=\"P\u00f3lis Recreio\" \/>\n<meta property=\"article:publisher\" content=\"https:\/\/www.facebook.com\/Site-P%c3%b3lis-Recreio-MG-181941708571019\/\" \/>\n<meta property=\"article:published_time\" content=\"2017-12-10T11:16:02+00:00\" \/>\n<meta property=\"og:image\" content=\"https:\/\/www.polisrecreio.com.br\/site\/wp-content\/uploads\/2017\/12\/8.jpg\" \/>\n\t<meta property=\"og:image:width\" content=\"480\" \/>\n\t<meta property=\"og:image:height\" content=\"270\" \/>\n<meta name=\"twitter:card\" content=\"summary_large_image\" \/>\n<meta name=\"twitter:creator\" content=\"@PolisRecreio\" \/>\n<meta name=\"twitter:site\" content=\"@PolisRecreio\" \/>\n<meta name=\"twitter:label1\" content=\"Est. reading time\">\n\t<meta name=\"twitter:data1\" content=\"1 minuto\">\n<script type=\"application\/ld+json\" class=\"yoast-schema-graph\">{\"@context\":\"https:\/\/schema.org\",\"@graph\":[{\"@type\":\"WebSite\",\"@id\":\"https:\/\/www.polisrecreio.com.br\/site\/#website\",\"url\":\"https:\/\/www.polisrecreio.com.br\/site\/\",\"name\":\"P\\u00f3lis Recreio\",\"description\":\"\",\"potentialAction\":[{\"@type\":\"SearchAction\",\"target\":\"https:\/\/www.polisrecreio.com.br\/site\/?s={search_term_string}\",\"query-input\":\"required name=search_term_string\"}],\"inLanguage\":\"pt-BR\"},{\"@type\":\"ImageObject\",\"@id\":\"https:\/\/www.polisrecreio.com.br\/site\/2017\/12\/10\/loja-maconica-tolerancia-justica-e-liberdade-presta-homenagens\/#primaryimage\",\"inLanguage\":\"pt-BR\",\"url\":\"https:\/\/www.polisrecreio.com.br\/site\/wp-content\/uploads\/2017\/12\/8.jpg\",\"width\":480,\"height\":270,\"caption\":\"Jo\\u00e3o Carlos, Pe. Edison e Marcelo Dias.\"},{\"@type\":\"WebPage\",\"@id\":\"https:\/\/www.polisrecreio.com.br\/site\/2017\/12\/10\/loja-maconica-tolerancia-justica-e-liberdade-presta-homenagens\/#webpage\",\"url\":\"https:\/\/www.polisrecreio.com.br\/site\/2017\/12\/10\/loja-maconica-tolerancia-justica-e-liberdade-presta-homenagens\/\",\"name\":\"Loja Ma\\u00e7\\u00f4nica \\u201cToler\\u00e2ncia, Justi\\u00e7a e Liberdade\\u201d presta homenagens - P\\u00f3lis Recreio\",\"isPartOf\":{\"@id\":\"https:\/\/www.polisrecreio.com.br\/site\/#website\"},\"primaryImageOfPage\":{\"@id\":\"https:\/\/www.polisrecreio.com.br\/site\/2017\/12\/10\/loja-maconica-tolerancia-justica-e-liberdade-presta-homenagens\/#primaryimage\"},\"datePublished\":\"2017-12-10T11:16:02+00:00\",\"dateModified\":\"2017-12-10T11:16:02+00:00\",\"author\":{\"@id\":\"https:\/\/www.polisrecreio.com.br\/site\/#\/schema\/person\/3363c1c78e1e28e1329d97adb387638e\"},\"inLanguage\":\"pt-BR\",\"potentialAction\":[{\"@type\":\"ReadAction\",\"target\":[\"https:\/\/www.polisrecreio.com.br\/site\/2017\/12\/10\/loja-maconica-tolerancia-justica-e-liberdade-presta-homenagens\/\"]}]},{\"@type\":\"Person\",\"@id\":\"https:\/\/www.polisrecreio.com.br\/site\/#\/schema\/person\/3363c1c78e1e28e1329d97adb387638e\",\"name\":\"Leonardo Ribeiro\",\"image\":{\"@type\":\"ImageObject\",\"@id\":\"https:\/\/www.polisrecreio.com.br\/site\/#personlogo\",\"inLanguage\":\"pt-BR\",\"url\":\"https:\/\/secure.gravatar.com\/avatar\/6ba92a37d621e1a83e23710251178a12?s=96&d=mm&r=g\",\"caption\":\"Leonardo Ribeiro\"},\"sameAs\":[\"http:\/\/www.polisrecreio.com.br\"]}]}<\/script>\n<!-- \/ Yoast SEO plugin. -->","_links":{"self":[{"href":"https:\/\/www.polisrecreio.com.br\/site\/wp-json\/wp\/v2\/posts\/8080"}],"collection":[{"href":"https:\/\/www.polisrecreio.com.br\/site\/wp-json\/wp\/v2\/posts"}],"about":[{"href":"https:\/\/www.polisrecreio.com.br\/site\/wp-json\/wp\/v2\/types\/post"}],"author":[{"embeddable":true,"href":"https:\/\/www.polisrecreio.com.br\/site\/wp-json\/wp\/v2\/users\/3"}],"replies":[{"embeddable":true,"href":"https:\/\/www.polisrecreio.com.br\/site\/wp-json\/wp\/v2\/comments?post=8080"}],"version-history":[{"count":1,"href":"https:\/\/www.polisrecreio.com.br\/site\/wp-json\/wp\/v2\/posts\/8080\/revisions"}],"predecessor-version":[{"id":8090,"href":"https:\/\/www.polisrecreio.com.br\/site\/wp-json\/wp\/v2\/posts\/8080\/revisions\/8090"}],"wp:featuredmedia":[{"embeddable":true,"href":"https:\/\/www.polisrecreio.com.br\/site\/wp-json\/wp\/v2\/media\/8087"}],"wp:attachment":[{"href":"https:\/\/www.polisrecreio.com.br\/site\/wp-json\/wp\/v2\/media?parent=8080"}],"wp:term":[{"taxonomy":"category","embeddable":true,"href":"https:\/\/www.polisrecreio.com.br\/site\/wp-json\/wp\/v2\/categories?post=8080"},{"taxonomy":"post_tag","embeddable":true,"href":"https:\/\/www.polisrecreio.com.br\/site\/wp-json\/wp\/v2\/tags?post=8080"}],"curies":[{"name":"wp","href":"https:\/\/api.w.org\/{rel}","templated":true}]}}