{"id":8091,"date":"2017-12-11T08:11:48","date_gmt":"2017-12-11T11:11:48","guid":{"rendered":"http:\/\/www.polisrecreio.com.br\/site\/?p=8091"},"modified":"2017-12-11T08:11:48","modified_gmt":"2017-12-11T11:11:48","slug":"titulo-eleitoral-pode-ser-baixado-no-celular","status":"publish","type":"post","link":"https:\/\/www.polisrecreio.com.br\/site\/2017\/12\/11\/titulo-eleitoral-pode-ser-baixado-no-celular\/","title":{"rendered":"T\u00edtulo eleitoral pode ser baixado no celular"},"content":{"rendered":"<p style=\"text-align: justify;\">A Justi\u00e7a Eleitoral lan\u00e7ou no in\u00edcio de dezembro o aplicativo, e-T\u00edtulo, que permite aos eleitores acessarem uma via digital do t\u00edtulo eleitoral por meio de smartphones ou tablets. Deste modo nas elei\u00e7\u00f5es de 2018 o eleitor n\u00e3o precisar\u00e1 do seu documento eleitoral em papel.<\/p>\n<p style=\"text-align: justify;\"><!--more--><\/p>\n<p style=\"text-align: justify;\"><a href=\"http:\/\/www.polisrecreio.com.br\/site\/wp-content\/uploads\/2017\/12\/t\u00edtulo.jpeg\"><img loading=\"lazy\" class=\"aligncenter size-full wp-image-8092\" src=\"http:\/\/www.polisrecreio.com.br\/site\/wp-content\/uploads\/2017\/12\/t\u00edtulo.jpeg\" alt=\"t\u00edtulo\" width=\"750\" height=\"449\" srcset=\"https:\/\/www.polisrecreio.com.br\/site\/wp-content\/uploads\/2017\/12\/t\u00edtulo.jpeg 750w, https:\/\/www.polisrecreio.com.br\/site\/wp-content\/uploads\/2017\/12\/t\u00edtulo-300x180.jpeg 300w\" sizes=\"(max-width: 750px) 100vw, 750px\" \/><\/a><\/p>\n<p style=\"text-align: justify;\">A novidade \u00e9 uma iniciativa do Tribunal Regional Eleitoral do Acre, abra\u00e7ada pelo Tribunal Superior Eleitoral e ser\u00e1 adotada em todo pa\u00eds. O aplicativo est\u00e1 dispon\u00edvel na Google Play e no App Store, para quem utiliza sistema iOS.<\/p>\n<p style=\"text-align: justify;\">\u201cNo aspecto sustent\u00e1vel, o e-T\u00edtulo surge como alternativa \u00e0 emiss\u00e3o de t\u00edtulos eleitorais em papel e trar\u00e1 ainda economia percept\u00edvel na redu\u00e7\u00e3o dos custos da Justi\u00e7a Eleitoral, como a emiss\u00e3o de segundas vias dos t\u00edtulos extraviados, suprimentos de impressora, entre outros. Para o eleitor, o benef\u00edcio vir\u00e1 na facilidade de ter os seus dados eleitorais sempre seguros e dispon\u00edveis, diminuindo os riscos de extravios e danos ao t\u00edtulo de eleitor\u201d, informou o TSE.<\/p>\n<p style=\"text-align: justify;\">Segundo levantamento do Tribunal Superior Eleitoral mais de 110 mil usu\u00e1rios baixaram o aplicativo j\u00e1 na primeira semana de dezembro.<\/p>\n<p style=\"text-align: justify;\"><strong>Como funciona<\/strong><\/p>\n<p style=\"text-align: justify;\"><a href=\"http:\/\/www.polisrecreio.com.br\/site\/wp-content\/uploads\/2017\/12\/t\u00edtulo2.jpg\"><img loading=\"lazy\" class=\"alignright size-full wp-image-8093\" src=\"http:\/\/www.polisrecreio.com.br\/site\/wp-content\/uploads\/2017\/12\/t\u00edtulo2.jpg\" alt=\"t\u00edtulo2\" width=\"174\" height=\"216\" \/><\/a>Para acessar o documento digital, o eleitor dever\u00e1 baixar o aplicativo e-T\u00edtulo, j\u00e1 est\u00e1 dispon\u00edvel no Google Play e no App Store. Ao inserir no aplicativo, o n\u00famero do seu t\u00edtulo eleitoral, seu nome, o nome da m\u00e3e e do pai e a data de nascimento, o e-T\u00edtulo ser\u00e1 validado e liberado. Ao ser acessado pela primeira vez, o documento ser\u00e1 gravado localmente e ficar\u00e1 dispon\u00edvel ao eleitor.<\/p>\n<p style=\"text-align: justify;\">A vers\u00e3o digital do t\u00edtulo trar\u00e1 novidades em rela\u00e7\u00e3o \u00e0 via tradicional impressa. O documento ter\u00e1 agora a foto do eleitor para identific\u00e1-lo na hora da vota\u00e7\u00e3o. Contudo, essa possibilidade vale apenas para aqueles eleitores que j\u00e1 fizeram o recadastramento biom\u00e9trico, momento em que \u00e9 capturada uma foto do cidad\u00e3o junto com suas impress\u00f5es digitais. No entanto, n\u00e3o h\u00e1 nada que impe\u00e7a que os eleitores que ainda n\u00e3o fizeram o recadastramento biom\u00e9trico baixem o aplicativo para usar no dia da elei\u00e7\u00e3o, por\u00e9m ter\u00e3o de apresentar documento de identifica\u00e7\u00e3o com foto.<\/p>\n<p style=\"text-align: justify;\">A ideia \u00e9 que o App seja um portal de acesso a v\u00e1rios outros servi\u00e7os, inclusive com a possibilidade de a pessoa saber o seu local de vota\u00e7\u00e3o e se est\u00e1 em dia com a Justi\u00e7a Eleitoral (quita\u00e7\u00e3o eleitoral).\u00a0 Ser\u00e1 at\u00e9 poss\u00edvel, futuramente, fazer a\u00a0 justificativa eleitoral pelo aplicativo.<\/p>\n<p><iframe width=\"650\" height=\"488\" src=\"https:\/\/www.youtube.com\/embed\/ubYkZDRS4B8?feature=oembed\" frameborder=\"0\" gesture=\"media\" allow=\"encrypted-media\" allowfullscreen><\/iframe><\/p>\n","protected":false},"excerpt":{"rendered":"<p>A Justi\u00e7a Eleitoral lan\u00e7ou no in\u00edcio de dezembro o aplicativo, e-T\u00edtulo, que permite aos eleitores acessarem uma via digital do t\u00edtulo eleitoral por meio de smartphones ou tablets. Deste modo nas elei\u00e7\u00f5es de 2018 o eleitor n\u00e3o precisar\u00e1 do seu documento eleitoral em papel.<\/p>\n","protected":false},"author":3,"featured_media":8092,"comment_status":"open","ping_status":"open","sticky":false,"template":"","format":"standard","meta":[],"categories":[13],"tags":[],"yoast_head":"<!-- This site is optimized with the Yoast SEO plugin v15.6.2 - https:\/\/yoast.com\/wordpress\/plugins\/seo\/ -->\n<meta name=\"robots\" content=\"index, follow, max-snippet:-1, max-image-preview:large, max-video-preview:-1\" \/>\n<link rel=\"canonical\" href=\"https:\/\/www.polisrecreio.com.br\/site\/2017\/12\/11\/titulo-eleitoral-pode-ser-baixado-no-celular\/\" \/>\n<meta property=\"og:locale\" content=\"pt_BR\" \/>\n<meta property=\"og:type\" content=\"article\" \/>\n<meta property=\"og:title\" content=\"T\u00edtulo eleitoral pode ser baixado no celular - P\u00f3lis Recreio\" \/>\n<meta property=\"og:description\" content=\"A Justi\u00e7a Eleitoral lan\u00e7ou no in\u00edcio de dezembro o aplicativo, e-T\u00edtulo, que permite aos eleitores acessarem uma via digital do t\u00edtulo eleitoral por meio de smartphones ou tablets. Deste modo nas elei\u00e7\u00f5es de 2018 o eleitor n\u00e3o precisar\u00e1 do seu documento eleitoral em papel.\" \/>\n<meta property=\"og:url\" content=\"https:\/\/www.polisrecreio.com.br\/site\/2017\/12\/11\/titulo-eleitoral-pode-ser-baixado-no-celular\/\" \/>\n<meta property=\"og:site_name\" content=\"P\u00f3lis Recreio\" \/>\n<meta property=\"article:publisher\" content=\"https:\/\/www.facebook.com\/Site-P%c3%b3lis-Recreio-MG-181941708571019\/\" \/>\n<meta property=\"article:published_time\" content=\"2017-12-11T11:11:48+00:00\" \/>\n<meta property=\"og:image\" content=\"https:\/\/www.polisrecreio.com.br\/site\/wp-content\/uploads\/2017\/12\/t\u00edtulo.jpeg\" \/>\n\t<meta property=\"og:image:width\" content=\"750\" \/>\n\t<meta property=\"og:image:height\" content=\"449\" \/>\n<meta name=\"twitter:card\" content=\"summary_large_image\" \/>\n<meta name=\"twitter:creator\" content=\"@PolisRecreio\" \/>\n<meta name=\"twitter:site\" content=\"@PolisRecreio\" \/>\n<meta name=\"twitter:label1\" content=\"Est. reading time\">\n\t<meta name=\"twitter:data1\" content=\"2 minutos\">\n<script type=\"application\/ld+json\" class=\"yoast-schema-graph\">{\"@context\":\"https:\/\/schema.org\",\"@graph\":[{\"@type\":\"WebSite\",\"@id\":\"https:\/\/www.polisrecreio.com.br\/site\/#website\",\"url\":\"https:\/\/www.polisrecreio.com.br\/site\/\",\"name\":\"P\\u00f3lis Recreio\",\"description\":\"\",\"potentialAction\":[{\"@type\":\"SearchAction\",\"target\":\"https:\/\/www.polisrecreio.com.br\/site\/?s={search_term_string}\",\"query-input\":\"required name=search_term_string\"}],\"inLanguage\":\"pt-BR\"},{\"@type\":\"ImageObject\",\"@id\":\"https:\/\/www.polisrecreio.com.br\/site\/2017\/12\/11\/titulo-eleitoral-pode-ser-baixado-no-celular\/#primaryimage\",\"inLanguage\":\"pt-BR\",\"url\":\"https:\/\/www.polisrecreio.com.br\/site\/wp-content\/uploads\/2017\/12\/t\\u00edtulo.jpeg\",\"width\":750,\"height\":449},{\"@type\":\"WebPage\",\"@id\":\"https:\/\/www.polisrecreio.com.br\/site\/2017\/12\/11\/titulo-eleitoral-pode-ser-baixado-no-celular\/#webpage\",\"url\":\"https:\/\/www.polisrecreio.com.br\/site\/2017\/12\/11\/titulo-eleitoral-pode-ser-baixado-no-celular\/\",\"name\":\"T\\u00edtulo eleitoral pode ser baixado no celular - P\\u00f3lis Recreio\",\"isPartOf\":{\"@id\":\"https:\/\/www.polisrecreio.com.br\/site\/#website\"},\"primaryImageOfPage\":{\"@id\":\"https:\/\/www.polisrecreio.com.br\/site\/2017\/12\/11\/titulo-eleitoral-pode-ser-baixado-no-celular\/#primaryimage\"},\"datePublished\":\"2017-12-11T11:11:48+00:00\",\"dateModified\":\"2017-12-11T11:11:48+00:00\",\"author\":{\"@id\":\"https:\/\/www.polisrecreio.com.br\/site\/#\/schema\/person\/3363c1c78e1e28e1329d97adb387638e\"},\"inLanguage\":\"pt-BR\",\"potentialAction\":[{\"@type\":\"ReadAction\",\"target\":[\"https:\/\/www.polisrecreio.com.br\/site\/2017\/12\/11\/titulo-eleitoral-pode-ser-baixado-no-celular\/\"]}]},{\"@type\":\"Person\",\"@id\":\"https:\/\/www.polisrecreio.com.br\/site\/#\/schema\/person\/3363c1c78e1e28e1329d97adb387638e\",\"name\":\"Leonardo Ribeiro\",\"image\":{\"@type\":\"ImageObject\",\"@id\":\"https:\/\/www.polisrecreio.com.br\/site\/#personlogo\",\"inLanguage\":\"pt-BR\",\"url\":\"https:\/\/secure.gravatar.com\/avatar\/6ba92a37d621e1a83e23710251178a12?s=96&d=mm&r=g\",\"caption\":\"Leonardo Ribeiro\"},\"sameAs\":[\"http:\/\/www.polisrecreio.com.br\"]}]}<\/script>\n<!-- \/ Yoast SEO plugin. -->","_links":{"self":[{"href":"https:\/\/www.polisrecreio.com.br\/site\/wp-json\/wp\/v2\/posts\/8091"}],"collection":[{"href":"https:\/\/www.polisrecreio.com.br\/site\/wp-json\/wp\/v2\/posts"}],"about":[{"href":"https:\/\/www.polisrecreio.com.br\/site\/wp-json\/wp\/v2\/types\/post"}],"author":[{"embeddable":true,"href":"https:\/\/www.polisrecreio.com.br\/site\/wp-json\/wp\/v2\/users\/3"}],"replies":[{"embeddable":true,"href":"https:\/\/www.polisrecreio.com.br\/site\/wp-json\/wp\/v2\/comments?post=8091"}],"version-history":[{"count":1,"href":"https:\/\/www.polisrecreio.com.br\/site\/wp-json\/wp\/v2\/posts\/8091\/revisions"}],"predecessor-version":[{"id":8094,"href":"https:\/\/www.polisrecreio.com.br\/site\/wp-json\/wp\/v2\/posts\/8091\/revisions\/8094"}],"wp:featuredmedia":[{"embeddable":true,"href":"https:\/\/www.polisrecreio.com.br\/site\/wp-json\/wp\/v2\/media\/8092"}],"wp:attachment":[{"href":"https:\/\/www.polisrecreio.com.br\/site\/wp-json\/wp\/v2\/media?parent=8091"}],"wp:term":[{"taxonomy":"category","embeddable":true,"href":"https:\/\/www.polisrecreio.com.br\/site\/wp-json\/wp\/v2\/categories?post=8091"},{"taxonomy":"post_tag","embeddable":true,"href":"https:\/\/www.polisrecreio.com.br\/site\/wp-json\/wp\/v2\/tags?post=8091"}],"curies":[{"name":"wp","href":"https:\/\/api.w.org\/{rel}","templated":true}]}}