{"id":8096,"date":"2017-12-11T20:39:35","date_gmt":"2017-12-11T23:39:35","guid":{"rendered":"http:\/\/www.polisrecreio.com.br\/site\/?p=8096"},"modified":"2017-12-11T20:47:20","modified_gmt":"2017-12-11T23:47:20","slug":"lancada-campanha-natal-sem-lixo-com-visitacoes-a-casa-do-jatoba","status":"publish","type":"post","link":"https:\/\/www.polisrecreio.com.br\/site\/2017\/12\/11\/lancada-campanha-natal-sem-lixo-com-visitacoes-a-casa-do-jatoba\/","title":{"rendered":"Lan\u00e7ada campanha \u201cNatal sem Lixo\u201d com visita\u00e7\u00f5es \u00e0 Casa do Jatob\u00e1"},"content":{"rendered":"<p style=\"text-align: justify;\">Lan\u00e7ada nesta segunda-feira (11) a campanha \u201cNatal sem Lixo\u201d em Recreio com visita\u00e7\u00f5es \u00e0 Casa do Jatob\u00e1, uma das resid\u00eancias que \u00e9 refer\u00eancia na cidade de Recreio em adere\u00e7os natalinos. A ideia deste ano \u00e9 arrecadar recursos para instalar um sistema de lixeiras em frente a E.E Presidente Carlos Luz, no distrito de Concei\u00e7\u00e3o da Boa Vista.<\/p>\n<p style=\"text-align: justify;\"><!--more--><\/p>\n<figure id=\"attachment_8098\" aria-describedby=\"caption-attachment-8098\" style=\"width: 750px\" class=\"wp-caption alignright\"><a href=\"http:\/\/www.polisrecreio.com.br\/site\/wp-content\/uploads\/2017\/12\/casa1.jpg\"><img loading=\"lazy\" class=\"size-full wp-image-8098\" src=\"http:\/\/www.polisrecreio.com.br\/site\/wp-content\/uploads\/2017\/12\/casa1.jpg\" alt=\"Casa do Jatob\u00e1.\" width=\"750\" height=\"500\" srcset=\"https:\/\/www.polisrecreio.com.br\/site\/wp-content\/uploads\/2017\/12\/casa1.jpg 750w, https:\/\/www.polisrecreio.com.br\/site\/wp-content\/uploads\/2017\/12\/casa1-300x200.jpg 300w\" sizes=\"(max-width: 750px) 100vw, 750px\" \/><\/a><figcaption id=\"caption-attachment-8098\" class=\"wp-caption-text\">Casa do Jatob\u00e1.<\/figcaption><\/figure>\n<p style=\"text-align: justify;\">Este modelo de campanha idealizado por M\u00e1rnio Jatob\u00e1 j\u00e1 est\u00e1 em sua 4\u00aa edi\u00e7\u00e3o. Nos outros anos as arrecada\u00e7\u00f5es foram revertidas em doa\u00e7\u00f5es ao Lar dos Velhos. Em 2017, a proposta tem um car\u00e1ter socioambiental.<\/p>\n<p style=\"text-align: justify;\">M\u00e1rnio, que \u00e9 educador na Escola Presidente Carlos Luz, incomodou-se com o fato de todos os dias ao chegar para trabalhar deparar-se com diversas sacolas de lixo espalhadas em frente ao col\u00e9gio ou penduradas na grade. No local h\u00e1 um \u00fanico tambor para receber todos os lixos dos moradores do entorno. Na zona rural o recolhimento acontece duas vezes na semana: sexta-feira e segunda-feira.<\/p>\n<figure id=\"attachment_8097\" aria-describedby=\"caption-attachment-8097\" style=\"width: 960px\" class=\"wp-caption alignright\"><a href=\"http:\/\/www.polisrecreio.com.br\/site\/wp-content\/uploads\/2017\/12\/24991093_1465763446874450_2543461080327984204_n.jpg\"><img loading=\"lazy\" class=\"size-full wp-image-8097\" src=\"http:\/\/www.polisrecreio.com.br\/site\/wp-content\/uploads\/2017\/12\/24991093_1465763446874450_2543461080327984204_n.jpg\" alt=\"Lixo espalhado em frente ao col\u00e9gio.\" width=\"960\" height=\"720\" srcset=\"https:\/\/www.polisrecreio.com.br\/site\/wp-content\/uploads\/2017\/12\/24991093_1465763446874450_2543461080327984204_n.jpg 960w, https:\/\/www.polisrecreio.com.br\/site\/wp-content\/uploads\/2017\/12\/24991093_1465763446874450_2543461080327984204_n-300x225.jpg 300w\" sizes=\"(max-width: 960px) 100vw, 960px\" \/><\/a><figcaption id=\"caption-attachment-8097\" class=\"wp-caption-text\">Lixo espalhado em frente ao col\u00e9gio.<\/figcaption><\/figure>\n<p style=\"text-align: justify;\">A campanha \u201cNatal sem Lixo\u201d neste primeiro dia j\u00e1 recebeu as visitas da turma do curso do Magist\u00e9rio da E.E Olavo Bilac; da secret\u00e1ria de Educa\u00e7\u00e3o e Cultura, Maria Jos\u00e9 Lacerda; e da gestora do Centro Cultural Aristides Dorigo, Daniela Cardozo. As colabora\u00e7\u00f5es dos visitantes, sem valor fixo, s\u00e3o depositadas em um cofre e ao final toda arrecada\u00e7\u00e3o ser\u00e1 destinada a aquisi\u00e7\u00e3o do sistema de lixeiras.<\/p>\n<p style=\"text-align: justify;\">A Casa do Jatob\u00e1 fica na Rua Tenente Joaquim Pereira, n\u00ba 219. As visita\u00e7\u00f5es v\u00e3o at\u00e9 sexta-feira (15), no hor\u00e1rio de 19h \u00e0s 21h.<\/p>\n<figure id=\"attachment_8102\" aria-describedby=\"caption-attachment-8102\" style=\"width: 750px\" class=\"wp-caption alignright\"><a href=\"http:\/\/www.polisrecreio.com.br\/site\/wp-content\/uploads\/2017\/12\/casa5.jpg\"><img loading=\"lazy\" class=\"size-full wp-image-8102\" src=\"http:\/\/www.polisrecreio.com.br\/site\/wp-content\/uploads\/2017\/12\/casa5.jpg\" alt=\"Casa do Jatob\u00e1.\" width=\"750\" height=\"500\" srcset=\"https:\/\/www.polisrecreio.com.br\/site\/wp-content\/uploads\/2017\/12\/casa5.jpg 750w, https:\/\/www.polisrecreio.com.br\/site\/wp-content\/uploads\/2017\/12\/casa5-300x200.jpg 300w\" sizes=\"(max-width: 750px) 100vw, 750px\" \/><\/a><figcaption id=\"caption-attachment-8102\" class=\"wp-caption-text\">Casa do Jatob\u00e1.<\/figcaption><\/figure>\n<figure id=\"attachment_8103\" aria-describedby=\"caption-attachment-8103\" style=\"width: 960px\" class=\"wp-caption alignright\"><a href=\"http:\/\/www.polisrecreio.com.br\/site\/wp-content\/uploads\/2017\/12\/24993574_1466311883486273_5411026950042175712_n.jpg\"><img loading=\"lazy\" class=\"size-full wp-image-8103\" src=\"http:\/\/www.polisrecreio.com.br\/site\/wp-content\/uploads\/2017\/12\/24993574_1466311883486273_5411026950042175712_n.jpg\" alt=\"Visita\u00e7\u00f5es.\" width=\"960\" height=\"720\" srcset=\"https:\/\/www.polisrecreio.com.br\/site\/wp-content\/uploads\/2017\/12\/24993574_1466311883486273_5411026950042175712_n.jpg 960w, https:\/\/www.polisrecreio.com.br\/site\/wp-content\/uploads\/2017\/12\/24993574_1466311883486273_5411026950042175712_n-300x225.jpg 300w\" sizes=\"(max-width: 960px) 100vw, 960px\" \/><\/a><figcaption id=\"caption-attachment-8103\" class=\"wp-caption-text\">Visita\u00e7\u00f5es.<\/figcaption><\/figure>\n<figure id=\"attachment_8104\" aria-describedby=\"caption-attachment-8104\" style=\"width: 960px\" class=\"wp-caption alignright\"><a href=\"http:\/\/www.polisrecreio.com.br\/site\/wp-content\/uploads\/2017\/12\/25289522_1466312016819593_2424898771814485151_n.jpg\"><img loading=\"lazy\" class=\"size-full wp-image-8104\" src=\"http:\/\/www.polisrecreio.com.br\/site\/wp-content\/uploads\/2017\/12\/25289522_1466312016819593_2424898771814485151_n.jpg\" alt=\"M\u00e1rnio com a turma do Magist\u00e9rio.\" width=\"960\" height=\"720\" srcset=\"https:\/\/www.polisrecreio.com.br\/site\/wp-content\/uploads\/2017\/12\/25289522_1466312016819593_2424898771814485151_n.jpg 960w, https:\/\/www.polisrecreio.com.br\/site\/wp-content\/uploads\/2017\/12\/25289522_1466312016819593_2424898771814485151_n-300x225.jpg 300w\" sizes=\"(max-width: 960px) 100vw, 960px\" \/><\/a><figcaption id=\"caption-attachment-8104\" class=\"wp-caption-text\">M\u00e1rnio com a turma do Magist\u00e9rio.<\/figcaption><\/figure>\n<figure id=\"attachment_8100\" aria-describedby=\"caption-attachment-8100\" style=\"width: 750px\" class=\"wp-caption alignright\"><a href=\"http:\/\/www.polisrecreio.com.br\/site\/wp-content\/uploads\/2017\/12\/casa3.jpg\"><img loading=\"lazy\" class=\"size-full wp-image-8100\" src=\"http:\/\/www.polisrecreio.com.br\/site\/wp-content\/uploads\/2017\/12\/casa3.jpg\" alt=\"\u00c1rea interna.\" width=\"750\" height=\"500\" srcset=\"https:\/\/www.polisrecreio.com.br\/site\/wp-content\/uploads\/2017\/12\/casa3.jpg 750w, https:\/\/www.polisrecreio.com.br\/site\/wp-content\/uploads\/2017\/12\/casa3-300x200.jpg 300w\" sizes=\"(max-width: 750px) 100vw, 750px\" \/><\/a><figcaption id=\"caption-attachment-8100\" class=\"wp-caption-text\">\u00c1rea interna.<\/figcaption><\/figure>\n<figure id=\"attachment_8099\" aria-describedby=\"caption-attachment-8099\" style=\"width: 750px\" class=\"wp-caption alignright\"><a href=\"http:\/\/www.polisrecreio.com.br\/site\/wp-content\/uploads\/2017\/12\/casa2.jpg\"><img loading=\"lazy\" class=\"size-full wp-image-8099\" src=\"http:\/\/www.polisrecreio.com.br\/site\/wp-content\/uploads\/2017\/12\/casa2.jpg\" alt=\"\u00c1rvore.\" width=\"750\" height=\"500\" srcset=\"https:\/\/www.polisrecreio.com.br\/site\/wp-content\/uploads\/2017\/12\/casa2.jpg 750w, https:\/\/www.polisrecreio.com.br\/site\/wp-content\/uploads\/2017\/12\/casa2-300x200.jpg 300w\" sizes=\"(max-width: 750px) 100vw, 750px\" \/><\/a><figcaption id=\"caption-attachment-8099\" class=\"wp-caption-text\">\u00c1rvore.<\/figcaption><\/figure>\n<figure id=\"attachment_8101\" aria-describedby=\"caption-attachment-8101\" style=\"width: 750px\" class=\"wp-caption alignright\"><a href=\"http:\/\/www.polisrecreio.com.br\/site\/wp-content\/uploads\/2017\/12\/casa4.jpg\"><img loading=\"lazy\" class=\"size-full wp-image-8101\" src=\"http:\/\/www.polisrecreio.com.br\/site\/wp-content\/uploads\/2017\/12\/casa4.jpg\" alt=\"\u00c1rea externa.\" width=\"750\" height=\"500\" srcset=\"https:\/\/www.polisrecreio.com.br\/site\/wp-content\/uploads\/2017\/12\/casa4.jpg 750w, https:\/\/www.polisrecreio.com.br\/site\/wp-content\/uploads\/2017\/12\/casa4-300x200.jpg 300w\" sizes=\"(max-width: 750px) 100vw, 750px\" \/><\/a><figcaption id=\"caption-attachment-8101\" class=\"wp-caption-text\">\u00c1rea externa.<\/figcaption><\/figure>\n","protected":false},"excerpt":{"rendered":"<p>Lan\u00e7ada nesta segunda-feira (11) a campanha \u201cNatal sem Lixo\u201d em Recreio com visita\u00e7\u00f5es \u00e0 Casa do Jatob\u00e1, uma das resid\u00eancias que \u00e9 refer\u00eancia na cidade de Recreio em adere\u00e7os natalinos. A ideia deste ano \u00e9 arrecadar recursos para instalar um sistema de lixeiras em frente a E.E Presidente Carlos Luz, no distrito de Concei\u00e7\u00e3o da [&hellip;]<\/p>\n","protected":false},"author":3,"featured_media":8098,"comment_status":"open","ping_status":"open","sticky":false,"template":"","format":"standard","meta":[],"categories":[6],"tags":[],"yoast_head":"<!-- This site is optimized with the Yoast SEO plugin v15.6.2 - https:\/\/yoast.com\/wordpress\/plugins\/seo\/ -->\n<meta name=\"robots\" content=\"index, follow, max-snippet:-1, max-image-preview:large, max-video-preview:-1\" \/>\n<link rel=\"canonical\" href=\"https:\/\/www.polisrecreio.com.br\/site\/2017\/12\/11\/lancada-campanha-natal-sem-lixo-com-visitacoes-a-casa-do-jatoba\/\" \/>\n<meta property=\"og:locale\" content=\"pt_BR\" \/>\n<meta property=\"og:type\" content=\"article\" \/>\n<meta property=\"og:title\" content=\"Lan\u00e7ada campanha \u201cNatal sem Lixo\u201d com visita\u00e7\u00f5es \u00e0 Casa do Jatob\u00e1 - P\u00f3lis Recreio\" \/>\n<meta property=\"og:description\" content=\"Lan\u00e7ada nesta segunda-feira (11) a campanha \u201cNatal sem Lixo\u201d em Recreio com visita\u00e7\u00f5es \u00e0 Casa do Jatob\u00e1, uma das resid\u00eancias que \u00e9 refer\u00eancia na cidade de Recreio em adere\u00e7os natalinos. A ideia deste ano \u00e9 arrecadar recursos para instalar um sistema de lixeiras em frente a E.E Presidente Carlos Luz, no distrito de Concei\u00e7\u00e3o da [&hellip;]\" \/>\n<meta property=\"og:url\" content=\"https:\/\/www.polisrecreio.com.br\/site\/2017\/12\/11\/lancada-campanha-natal-sem-lixo-com-visitacoes-a-casa-do-jatoba\/\" \/>\n<meta property=\"og:site_name\" content=\"P\u00f3lis Recreio\" \/>\n<meta property=\"article:publisher\" content=\"https:\/\/www.facebook.com\/Site-P%c3%b3lis-Recreio-MG-181941708571019\/\" \/>\n<meta property=\"article:published_time\" content=\"2017-12-11T23:39:35+00:00\" \/>\n<meta property=\"article:modified_time\" content=\"2017-12-11T23:47:20+00:00\" \/>\n<meta property=\"og:image\" content=\"https:\/\/www.polisrecreio.com.br\/site\/wp-content\/uploads\/2017\/12\/casa1.jpg\" \/>\n\t<meta property=\"og:image:width\" content=\"750\" \/>\n\t<meta property=\"og:image:height\" content=\"500\" \/>\n<meta name=\"twitter:card\" content=\"summary_large_image\" \/>\n<meta name=\"twitter:creator\" content=\"@PolisRecreio\" \/>\n<meta name=\"twitter:site\" content=\"@PolisRecreio\" \/>\n<meta name=\"twitter:label1\" content=\"Est. reading time\">\n\t<meta name=\"twitter:data1\" content=\"2 minutos\">\n<script type=\"application\/ld+json\" class=\"yoast-schema-graph\">{\"@context\":\"https:\/\/schema.org\",\"@graph\":[{\"@type\":\"WebSite\",\"@id\":\"https:\/\/www.polisrecreio.com.br\/site\/#website\",\"url\":\"https:\/\/www.polisrecreio.com.br\/site\/\",\"name\":\"P\\u00f3lis Recreio\",\"description\":\"\",\"potentialAction\":[{\"@type\":\"SearchAction\",\"target\":\"https:\/\/www.polisrecreio.com.br\/site\/?s={search_term_string}\",\"query-input\":\"required name=search_term_string\"}],\"inLanguage\":\"pt-BR\"},{\"@type\":\"ImageObject\",\"@id\":\"https:\/\/www.polisrecreio.com.br\/site\/2017\/12\/11\/lancada-campanha-natal-sem-lixo-com-visitacoes-a-casa-do-jatoba\/#primaryimage\",\"inLanguage\":\"pt-BR\",\"url\":\"https:\/\/www.polisrecreio.com.br\/site\/wp-content\/uploads\/2017\/12\/casa1.jpg\",\"width\":750,\"height\":500,\"caption\":\"Casa do Jatob\\u00e1.\"},{\"@type\":\"WebPage\",\"@id\":\"https:\/\/www.polisrecreio.com.br\/site\/2017\/12\/11\/lancada-campanha-natal-sem-lixo-com-visitacoes-a-casa-do-jatoba\/#webpage\",\"url\":\"https:\/\/www.polisrecreio.com.br\/site\/2017\/12\/11\/lancada-campanha-natal-sem-lixo-com-visitacoes-a-casa-do-jatoba\/\",\"name\":\"Lan\\u00e7ada campanha \\u201cNatal sem Lixo\\u201d com visita\\u00e7\\u00f5es \\u00e0 Casa do Jatob\\u00e1 - P\\u00f3lis Recreio\",\"isPartOf\":{\"@id\":\"https:\/\/www.polisrecreio.com.br\/site\/#website\"},\"primaryImageOfPage\":{\"@id\":\"https:\/\/www.polisrecreio.com.br\/site\/2017\/12\/11\/lancada-campanha-natal-sem-lixo-com-visitacoes-a-casa-do-jatoba\/#primaryimage\"},\"datePublished\":\"2017-12-11T23:39:35+00:00\",\"dateModified\":\"2017-12-11T23:47:20+00:00\",\"author\":{\"@id\":\"https:\/\/www.polisrecreio.com.br\/site\/#\/schema\/person\/3363c1c78e1e28e1329d97adb387638e\"},\"inLanguage\":\"pt-BR\",\"potentialAction\":[{\"@type\":\"ReadAction\",\"target\":[\"https:\/\/www.polisrecreio.com.br\/site\/2017\/12\/11\/lancada-campanha-natal-sem-lixo-com-visitacoes-a-casa-do-jatoba\/\"]}]},{\"@type\":\"Person\",\"@id\":\"https:\/\/www.polisrecreio.com.br\/site\/#\/schema\/person\/3363c1c78e1e28e1329d97adb387638e\",\"name\":\"Leonardo Ribeiro\",\"image\":{\"@type\":\"ImageObject\",\"@id\":\"https:\/\/www.polisrecreio.com.br\/site\/#personlogo\",\"inLanguage\":\"pt-BR\",\"url\":\"https:\/\/secure.gravatar.com\/avatar\/6ba92a37d621e1a83e23710251178a12?s=96&d=mm&r=g\",\"caption\":\"Leonardo Ribeiro\"},\"sameAs\":[\"http:\/\/www.polisrecreio.com.br\"]}]}<\/script>\n<!-- \/ Yoast SEO plugin. -->","_links":{"self":[{"href":"https:\/\/www.polisrecreio.com.br\/site\/wp-json\/wp\/v2\/posts\/8096"}],"collection":[{"href":"https:\/\/www.polisrecreio.com.br\/site\/wp-json\/wp\/v2\/posts"}],"about":[{"href":"https:\/\/www.polisrecreio.com.br\/site\/wp-json\/wp\/v2\/types\/post"}],"author":[{"embeddable":true,"href":"https:\/\/www.polisrecreio.com.br\/site\/wp-json\/wp\/v2\/users\/3"}],"replies":[{"embeddable":true,"href":"https:\/\/www.polisrecreio.com.br\/site\/wp-json\/wp\/v2\/comments?post=8096"}],"version-history":[{"count":4,"href":"https:\/\/www.polisrecreio.com.br\/site\/wp-json\/wp\/v2\/posts\/8096\/revisions"}],"predecessor-version":[{"id":8108,"href":"https:\/\/www.polisrecreio.com.br\/site\/wp-json\/wp\/v2\/posts\/8096\/revisions\/8108"}],"wp:featuredmedia":[{"embeddable":true,"href":"https:\/\/www.polisrecreio.com.br\/site\/wp-json\/wp\/v2\/media\/8098"}],"wp:attachment":[{"href":"https:\/\/www.polisrecreio.com.br\/site\/wp-json\/wp\/v2\/media?parent=8096"}],"wp:term":[{"taxonomy":"category","embeddable":true,"href":"https:\/\/www.polisrecreio.com.br\/site\/wp-json\/wp\/v2\/categories?post=8096"},{"taxonomy":"post_tag","embeddable":true,"href":"https:\/\/www.polisrecreio.com.br\/site\/wp-json\/wp\/v2\/tags?post=8096"}],"curies":[{"name":"wp","href":"https:\/\/api.w.org\/{rel}","templated":true}]}}