{"id":8135,"date":"2017-12-13T15:54:29","date_gmt":"2017-12-13T18:54:29","guid":{"rendered":"http:\/\/www.polisrecreio.com.br\/site\/?p=8135"},"modified":"2017-12-13T15:54:29","modified_gmt":"2017-12-13T18:54:29","slug":"beneficiarios-do-bpc-poderao-perder-renda-senao-cadastrarem-no-cadunico-ate-dia-31","status":"publish","type":"post","link":"https:\/\/www.polisrecreio.com.br\/site\/2017\/12\/13\/beneficiarios-do-bpc-poderao-perder-renda-senao-cadastrarem-no-cadunico-ate-dia-31\/","title":{"rendered":"Benefici\u00e1rios do BPC poder\u00e3o perder renda sen\u00e3o cadastrarem no Cad\u00danico at\u00e9 dia 31"},"content":{"rendered":"<p style=\"text-align: justify;\">Idosos e portadores de defici\u00eancia que s\u00e3o benefici\u00e1rios do Benef\u00edcio da Presta\u00e7\u00e3o Continuada \u201cBPC\u201d poder\u00e3o perder a renda de um sal\u00e1rio m\u00ednimo mensal caso n\u00e3o estejam cadastrados no Cadastro \u00danico \u201cCad\u00danico\u201d, de acordo com exig\u00eancia do Governo Federal, at\u00e9 o dia 31 de dezembro. O cadastramento deve ser realizado no Centro de Refer\u00eancia de Assist\u00eancia Social \u201cCRAS\u201d.<\/p>\n<p><!--more--><\/p>\n<p><a href=\"http:\/\/www.polisrecreio.com.br\/site\/wp-content\/uploads\/2017\/12\/bpc.jpg\"><img loading=\"lazy\" class=\"aligncenter size-full wp-image-8136\" src=\"http:\/\/www.polisrecreio.com.br\/site\/wp-content\/uploads\/2017\/12\/bpc.jpg\" alt=\"bpc\" width=\"750\" height=\"500\" srcset=\"https:\/\/www.polisrecreio.com.br\/site\/wp-content\/uploads\/2017\/12\/bpc.jpg 750w, https:\/\/www.polisrecreio.com.br\/site\/wp-content\/uploads\/2017\/12\/bpc-300x200.jpg 300w\" sizes=\"(max-width: 750px) 100vw, 750px\" \/><\/a><\/p>\n<p style=\"text-align: justify;\">No Munic\u00edpio, segundo levantamento apresentado pelo coordenador do CRAS, Marcelo Andrade, existem 141 idosos e 205 pessoas com algum tipo de defici\u00eancia que recebem o BPC. Os inscritos no Cadastro \u00danico est\u00e3o sendo computados e nos pr\u00f3ximos dias ser\u00e3o divulgados.<\/p>\n<p style=\"text-align: justify;\">Para fazer o cadastramento,\u00a0o respons\u00e1vel familiar deve ter mais de 16 anos. N\u00e3o \u00e9 preciso que ele seja benefici\u00e1rio direto do BPC, basta morar na mesma casa em que vive o benefici\u00e1rio e dividir as responsabilidades com despesas e renda. Caso o benefici\u00e1rio j\u00e1 esteja cadastrado no Cad\u00danico, seus dados dever\u00e3o ser atualizados. A desatualiza\u00e7\u00e3o poder\u00e1 levar \u00e0 suspens\u00e3o do benef\u00edcio.<\/p>\n<p style=\"text-align: justify;\">O BPC \u00e9 a garantia de um sal\u00e1rio m\u00ednio mensal ao idoso, com mais de 65 anos, e a pessoa portadora de defici\u00eancia, que comprovem n\u00e3o possuir meios de prover \u00e0 pr\u00f3pria manuten\u00e7\u00e3o ou de t\u00ea-la provida por sua fam\u00edlia, conforme previsto no art. 203 da Constitui\u00e7\u00e3o Federal de 1988, na Lei Org\u00e2nica de Assist\u00eancia Social\u00a0 (LOAS) Lei n\u00ba 8.742, de 7 de dezembro de 1993 , e tamb\u00e9m regulamentado Pelo Decreto n\u00ba 6.214 de 26 de setembro de 2007.<\/p>\n<p style=\"text-align: justify;\">Em Recreio, para fazer o cadastro basta ir ao CRAS, localizado na Rua Governador Valadares, pr\u00f3ximo ao p\u00e1tio de exposi\u00e7\u00e3o, de segunda-feira a sexta-feira, no hor\u00e1rio de 8h \u00e0s 16h. Maiores informa\u00e7\u00f5es pelo telefone (32) 3444-2585.<\/p>\n","protected":false},"excerpt":{"rendered":"<p>Idosos e portadores de defici\u00eancia que s\u00e3o benefici\u00e1rios do Benef\u00edcio da Presta\u00e7\u00e3o Continuada \u201cBPC\u201d poder\u00e3o perder a renda de um sal\u00e1rio m\u00ednimo mensal caso n\u00e3o estejam cadastrados no Cadastro \u00danico \u201cCad\u00danico\u201d, de acordo com exig\u00eancia do Governo Federal, at\u00e9 o dia 31 de dezembro. O cadastramento deve ser realizado no Centro de Refer\u00eancia de Assist\u00eancia [&hellip;]<\/p>\n","protected":false},"author":3,"featured_media":8136,"comment_status":"open","ping_status":"open","sticky":false,"template":"","format":"standard","meta":[],"categories":[6],"tags":[],"yoast_head":"<!-- This site is optimized with the Yoast SEO plugin v15.6.2 - https:\/\/yoast.com\/wordpress\/plugins\/seo\/ -->\n<meta name=\"robots\" content=\"index, follow, max-snippet:-1, max-image-preview:large, max-video-preview:-1\" \/>\n<link rel=\"canonical\" href=\"https:\/\/www.polisrecreio.com.br\/site\/2017\/12\/13\/beneficiarios-do-bpc-poderao-perder-renda-senao-cadastrarem-no-cadunico-ate-dia-31\/\" \/>\n<meta property=\"og:locale\" content=\"pt_BR\" \/>\n<meta property=\"og:type\" content=\"article\" \/>\n<meta property=\"og:title\" content=\"Benefici\u00e1rios do BPC poder\u00e3o perder renda sen\u00e3o cadastrarem no Cad\u00danico at\u00e9 dia 31 - P\u00f3lis Recreio\" \/>\n<meta property=\"og:description\" content=\"Idosos e portadores de defici\u00eancia que s\u00e3o benefici\u00e1rios do Benef\u00edcio da Presta\u00e7\u00e3o Continuada \u201cBPC\u201d poder\u00e3o perder a renda de um sal\u00e1rio m\u00ednimo mensal caso n\u00e3o estejam cadastrados no Cadastro \u00danico \u201cCad\u00danico\u201d, de acordo com exig\u00eancia do Governo Federal, at\u00e9 o dia 31 de dezembro. O cadastramento deve ser realizado no Centro de Refer\u00eancia de Assist\u00eancia [&hellip;]\" \/>\n<meta property=\"og:url\" content=\"https:\/\/www.polisrecreio.com.br\/site\/2017\/12\/13\/beneficiarios-do-bpc-poderao-perder-renda-senao-cadastrarem-no-cadunico-ate-dia-31\/\" \/>\n<meta property=\"og:site_name\" content=\"P\u00f3lis Recreio\" \/>\n<meta property=\"article:publisher\" content=\"https:\/\/www.facebook.com\/Site-P%c3%b3lis-Recreio-MG-181941708571019\/\" \/>\n<meta property=\"article:published_time\" content=\"2017-12-13T18:54:29+00:00\" \/>\n<meta property=\"og:image\" content=\"https:\/\/www.polisrecreio.com.br\/site\/wp-content\/uploads\/2017\/12\/bpc.jpg\" \/>\n\t<meta property=\"og:image:width\" content=\"750\" \/>\n\t<meta property=\"og:image:height\" content=\"500\" \/>\n<meta name=\"twitter:card\" content=\"summary_large_image\" \/>\n<meta name=\"twitter:creator\" content=\"@PolisRecreio\" \/>\n<meta name=\"twitter:site\" content=\"@PolisRecreio\" \/>\n<meta name=\"twitter:label1\" content=\"Est. reading time\">\n\t<meta name=\"twitter:data1\" content=\"2 minutos\">\n<script type=\"application\/ld+json\" class=\"yoast-schema-graph\">{\"@context\":\"https:\/\/schema.org\",\"@graph\":[{\"@type\":\"WebSite\",\"@id\":\"https:\/\/www.polisrecreio.com.br\/site\/#website\",\"url\":\"https:\/\/www.polisrecreio.com.br\/site\/\",\"name\":\"P\\u00f3lis Recreio\",\"description\":\"\",\"potentialAction\":[{\"@type\":\"SearchAction\",\"target\":\"https:\/\/www.polisrecreio.com.br\/site\/?s={search_term_string}\",\"query-input\":\"required name=search_term_string\"}],\"inLanguage\":\"pt-BR\"},{\"@type\":\"ImageObject\",\"@id\":\"https:\/\/www.polisrecreio.com.br\/site\/2017\/12\/13\/beneficiarios-do-bpc-poderao-perder-renda-senao-cadastrarem-no-cadunico-ate-dia-31\/#primaryimage\",\"inLanguage\":\"pt-BR\",\"url\":\"https:\/\/www.polisrecreio.com.br\/site\/wp-content\/uploads\/2017\/12\/bpc.jpg\",\"width\":750,\"height\":500},{\"@type\":\"WebPage\",\"@id\":\"https:\/\/www.polisrecreio.com.br\/site\/2017\/12\/13\/beneficiarios-do-bpc-poderao-perder-renda-senao-cadastrarem-no-cadunico-ate-dia-31\/#webpage\",\"url\":\"https:\/\/www.polisrecreio.com.br\/site\/2017\/12\/13\/beneficiarios-do-bpc-poderao-perder-renda-senao-cadastrarem-no-cadunico-ate-dia-31\/\",\"name\":\"Benefici\\u00e1rios do BPC poder\\u00e3o perder renda sen\\u00e3o cadastrarem no Cad\\u00danico at\\u00e9 dia 31 - P\\u00f3lis Recreio\",\"isPartOf\":{\"@id\":\"https:\/\/www.polisrecreio.com.br\/site\/#website\"},\"primaryImageOfPage\":{\"@id\":\"https:\/\/www.polisrecreio.com.br\/site\/2017\/12\/13\/beneficiarios-do-bpc-poderao-perder-renda-senao-cadastrarem-no-cadunico-ate-dia-31\/#primaryimage\"},\"datePublished\":\"2017-12-13T18:54:29+00:00\",\"dateModified\":\"2017-12-13T18:54:29+00:00\",\"author\":{\"@id\":\"https:\/\/www.polisrecreio.com.br\/site\/#\/schema\/person\/3363c1c78e1e28e1329d97adb387638e\"},\"inLanguage\":\"pt-BR\",\"potentialAction\":[{\"@type\":\"ReadAction\",\"target\":[\"https:\/\/www.polisrecreio.com.br\/site\/2017\/12\/13\/beneficiarios-do-bpc-poderao-perder-renda-senao-cadastrarem-no-cadunico-ate-dia-31\/\"]}]},{\"@type\":\"Person\",\"@id\":\"https:\/\/www.polisrecreio.com.br\/site\/#\/schema\/person\/3363c1c78e1e28e1329d97adb387638e\",\"name\":\"Leonardo Ribeiro\",\"image\":{\"@type\":\"ImageObject\",\"@id\":\"https:\/\/www.polisrecreio.com.br\/site\/#personlogo\",\"inLanguage\":\"pt-BR\",\"url\":\"https:\/\/secure.gravatar.com\/avatar\/6ba92a37d621e1a83e23710251178a12?s=96&d=mm&r=g\",\"caption\":\"Leonardo Ribeiro\"},\"sameAs\":[\"http:\/\/www.polisrecreio.com.br\"]}]}<\/script>\n<!-- \/ Yoast SEO plugin. -->","_links":{"self":[{"href":"https:\/\/www.polisrecreio.com.br\/site\/wp-json\/wp\/v2\/posts\/8135"}],"collection":[{"href":"https:\/\/www.polisrecreio.com.br\/site\/wp-json\/wp\/v2\/posts"}],"about":[{"href":"https:\/\/www.polisrecreio.com.br\/site\/wp-json\/wp\/v2\/types\/post"}],"author":[{"embeddable":true,"href":"https:\/\/www.polisrecreio.com.br\/site\/wp-json\/wp\/v2\/users\/3"}],"replies":[{"embeddable":true,"href":"https:\/\/www.polisrecreio.com.br\/site\/wp-json\/wp\/v2\/comments?post=8135"}],"version-history":[{"count":1,"href":"https:\/\/www.polisrecreio.com.br\/site\/wp-json\/wp\/v2\/posts\/8135\/revisions"}],"predecessor-version":[{"id":8137,"href":"https:\/\/www.polisrecreio.com.br\/site\/wp-json\/wp\/v2\/posts\/8135\/revisions\/8137"}],"wp:featuredmedia":[{"embeddable":true,"href":"https:\/\/www.polisrecreio.com.br\/site\/wp-json\/wp\/v2\/media\/8136"}],"wp:attachment":[{"href":"https:\/\/www.polisrecreio.com.br\/site\/wp-json\/wp\/v2\/media?parent=8135"}],"wp:term":[{"taxonomy":"category","embeddable":true,"href":"https:\/\/www.polisrecreio.com.br\/site\/wp-json\/wp\/v2\/categories?post=8135"},{"taxonomy":"post_tag","embeddable":true,"href":"https:\/\/www.polisrecreio.com.br\/site\/wp-json\/wp\/v2\/tags?post=8135"}],"curies":[{"name":"wp","href":"https:\/\/api.w.org\/{rel}","templated":true}]}}