{"id":8138,"date":"2017-12-13T20:21:08","date_gmt":"2017-12-13T23:21:08","guid":{"rendered":"http:\/\/www.polisrecreio.com.br\/site\/?p=8138"},"modified":"2017-12-13T20:24:37","modified_gmt":"2017-12-13T23:24:37","slug":"prefeito-de-recreio-visita-barreiros-e-recebe-elogios-pelos-trabalhados-no-povoado","status":"publish","type":"post","link":"https:\/\/www.polisrecreio.com.br\/site\/2017\/12\/13\/prefeito-de-recreio-visita-barreiros-e-recebe-elogios-pelos-trabalhados-no-povoado\/","title":{"rendered":"Prefeito de Recreio visita Barreiros e recebe elogios pelos trabalhados no povoado"},"content":{"rendered":"<p style=\"text-align: justify;\">O prefeito de Recreio, Z\u00e9 Maria Barros, visitou o Barreiros na \u00faltima ter\u00e7a-feira (12). Na ocasi\u00e3o o executivo analisou a reestrutura\u00e7\u00e3o do Centro Comunit\u00e1rio, participou da formatura do 5\u00ba ano da E.M Maria Aparecida Lacerda de Freitas e ainda recebeu elogios pelos trabalhos desempenhados em prol do povoado no ano de 2017.<\/p>\n<p style=\"text-align: justify;\"><!--more--><\/p>\n<p style=\"text-align: justify;\"><a href=\"http:\/\/www.polisrecreio.com.br\/site\/wp-content\/uploads\/2017\/12\/morador.jpg\"><img loading=\"lazy\" class=\"aligncenter size-full wp-image-8139\" src=\"http:\/\/www.polisrecreio.com.br\/site\/wp-content\/uploads\/2017\/12\/morador.jpg\" alt=\"morador\" width=\"750\" height=\"358\" srcset=\"https:\/\/www.polisrecreio.com.br\/site\/wp-content\/uploads\/2017\/12\/morador.jpg 750w, https:\/\/www.polisrecreio.com.br\/site\/wp-content\/uploads\/2017\/12\/morador-300x143.jpg 300w\" sizes=\"(max-width: 750px) 100vw, 750px\" \/><\/a><\/p>\n<p style=\"text-align: justify;\">Na visita ao povoado a primeira parada foi no Centro Comunit\u00e1rio que h\u00e1 mais de 20 anos estava totalmente abandonado e que a partir de\u00a02017\u00a0come\u00e7ou a ser reestruturado atrav\u00e9s de iniciativa do prefeito e do secret\u00e1rio Rural, Juarez Paiva, com amplo da comunidade e de amigos do Barreiros. O sal\u00e3o foi danificado nos primeiros anos da d\u00e9cada de 2000 devido a um forte temporal, desde ent\u00e3o nenhum governo municipal preocupou-se com o espa\u00e7o usado pelos moradores para confraterniza\u00e7\u00f5es e reuni\u00f5es. A obra do espa\u00e7o tem previs\u00e3o de ser conclu\u00edda nos primeiros meses de 2018.<\/p>\n<p style=\"text-align: justify;\">Em seguida, Z\u00e9 Maria Barros; acompanhado da secret\u00e1ria de Administra\u00e7\u00e3o, Patr\u00edcia Surerus; da secret\u00e1ria de Educa\u00e7\u00e3o, Maria Jos\u00e9 Lacerda; da gestora do Centro Cultural, Daniela Cardozo; e da diretora das escolas rurais, Alzira Andrade; e da vice-diretora, Marcilene do Reis; participaram da formatura da turma do 5\u00ba ano da Professora Ev\u00e2nia, da E.M Maria Aparecida Lacerda de Freitas.<\/p>\n<p style=\"text-align: justify;\">Durante a solenidade de entrega do diplomas, um dos moradores da comunidade, F\u00e1bio Bressoline, direcionou-se ao prefeito de Recreio e elogiou a aten\u00e7\u00e3o que sua administra\u00e7\u00e3o tem dado ao Barreiros, tanto por sua presen\u00e7a constante quanto pelas simples iniciativas que o governo tem cumprido no povoado, como a reestrutura\u00e7\u00e3o do Centro Comunit\u00e1rio.<\/p>\n<p style=\"text-align: justify;\">Em conversa com o Site P\u00f3lis Z\u00e9 Maria Barros disse que se emocionou com as palavras de F\u00e1bio. Segundo o prefeito, os elogios s\u00e3o frutos de um trabalhado respons\u00e1vel e honesto \u00e0 frente do Munic\u00edpio. &#8220;Temos que lembrar que este compromisso que estamos tendo com todos os mun\u00edcipes est\u00e1 dentro das nossas diretrizes governamentais e os aplausos tem que ser direcionados n\u00e3o s\u00f3 ao prefeito, mas, a equipe administrativa que tem se engajado no resgate do orgulho de ser recreiense\u201d, completou.<\/p>\n<p style=\"text-align: justify;\"><a href=\"http:\/\/www.polisrecreio.com.br\/site\/wp-content\/uploads\/2017\/12\/IMG-20171212-WA0070.jpg\"><img loading=\"lazy\" class=\"aligncenter size-full wp-image-8142\" src=\"http:\/\/www.polisrecreio.com.br\/site\/wp-content\/uploads\/2017\/12\/IMG-20171212-WA0070.jpg\" alt=\"IMG-20171212-WA0070\" width=\"1024\" height=\"768\" srcset=\"https:\/\/www.polisrecreio.com.br\/site\/wp-content\/uploads\/2017\/12\/IMG-20171212-WA0070.jpg 1024w, https:\/\/www.polisrecreio.com.br\/site\/wp-content\/uploads\/2017\/12\/IMG-20171212-WA0070-300x225.jpg 300w\" sizes=\"(max-width: 1024px) 100vw, 1024px\" \/><\/a><\/p>\n<p style=\"text-align: justify;\"><a href=\"http:\/\/www.polisrecreio.com.br\/site\/wp-content\/uploads\/2017\/12\/IMG-20171212-WA0068.jpg\"><img loading=\"lazy\" class=\"aligncenter size-full wp-image-8140\" src=\"http:\/\/www.polisrecreio.com.br\/site\/wp-content\/uploads\/2017\/12\/IMG-20171212-WA0068.jpg\" alt=\"IMG-20171212-WA0068\" width=\"1024\" height=\"768\" srcset=\"https:\/\/www.polisrecreio.com.br\/site\/wp-content\/uploads\/2017\/12\/IMG-20171212-WA0068.jpg 1024w, https:\/\/www.polisrecreio.com.br\/site\/wp-content\/uploads\/2017\/12\/IMG-20171212-WA0068-300x225.jpg 300w\" sizes=\"(max-width: 1024px) 100vw, 1024px\" \/><\/a><\/p>\n<p style=\"text-align: justify;\"><a href=\"http:\/\/www.polisrecreio.com.br\/site\/wp-content\/uploads\/2017\/12\/IMG-20171212-WA0069.jpg\"><img loading=\"lazy\" class=\"aligncenter size-full wp-image-8141\" src=\"http:\/\/www.polisrecreio.com.br\/site\/wp-content\/uploads\/2017\/12\/IMG-20171212-WA0069.jpg\" alt=\"IMG-20171212-WA0069\" width=\"1024\" height=\"768\" srcset=\"https:\/\/www.polisrecreio.com.br\/site\/wp-content\/uploads\/2017\/12\/IMG-20171212-WA0069.jpg 1024w, https:\/\/www.polisrecreio.com.br\/site\/wp-content\/uploads\/2017\/12\/IMG-20171212-WA0069-300x225.jpg 300w\" sizes=\"(max-width: 1024px) 100vw, 1024px\" \/><\/a><\/p>\n<p style=\"text-align: justify;\"><a href=\"http:\/\/www.polisrecreio.com.br\/site\/wp-content\/uploads\/2017\/12\/24993113_913636748800769_8810022327745477027_n.jpg\"><img loading=\"lazy\" class=\"aligncenter size-full wp-image-8143\" src=\"http:\/\/www.polisrecreio.com.br\/site\/wp-content\/uploads\/2017\/12\/24993113_913636748800769_8810022327745477027_n.jpg\" alt=\"24993113_913636748800769_8810022327745477027_n\" width=\"960\" height=\"539\" srcset=\"https:\/\/www.polisrecreio.com.br\/site\/wp-content\/uploads\/2017\/12\/24993113_913636748800769_8810022327745477027_n.jpg 960w, https:\/\/www.polisrecreio.com.br\/site\/wp-content\/uploads\/2017\/12\/24993113_913636748800769_8810022327745477027_n-300x168.jpg 300w\" sizes=\"(max-width: 960px) 100vw, 960px\" \/><\/a><\/p>\n<p style=\"text-align: justify;\"><a href=\"http:\/\/www.polisrecreio.com.br\/site\/wp-content\/uploads\/2017\/12\/25151973_913636562134121_7768846178384875933_n.jpg\"><img loading=\"lazy\" class=\"aligncenter size-full wp-image-8144\" src=\"http:\/\/www.polisrecreio.com.br\/site\/wp-content\/uploads\/2017\/12\/25151973_913636562134121_7768846178384875933_n.jpg\" alt=\"25151973_913636562134121_7768846178384875933_n\" width=\"960\" height=\"539\" srcset=\"https:\/\/www.polisrecreio.com.br\/site\/wp-content\/uploads\/2017\/12\/25151973_913636562134121_7768846178384875933_n.jpg 960w, https:\/\/www.polisrecreio.com.br\/site\/wp-content\/uploads\/2017\/12\/25151973_913636562134121_7768846178384875933_n-300x168.jpg 300w\" sizes=\"(max-width: 960px) 100vw, 960px\" \/><\/a><\/p>\n","protected":false},"excerpt":{"rendered":"<p>O prefeito de Recreio, Z\u00e9 Maria Barros, visitou o Barreiros na \u00faltima ter\u00e7a-feira (12). Na ocasi\u00e3o o executivo analisou a reestrutura\u00e7\u00e3o do Centro Comunit\u00e1rio, participou da formatura do 5\u00ba ano da E.M Maria Aparecida Lacerda de Freitas e ainda recebeu elogios pelos trabalhos desempenhados em prol do povoado no ano de 2017.<\/p>\n","protected":false},"author":3,"featured_media":8139,"comment_status":"open","ping_status":"open","sticky":false,"template":"","format":"standard","meta":[],"categories":[9],"tags":[],"yoast_head":"<!-- This site is optimized with the Yoast SEO plugin v15.6.2 - https:\/\/yoast.com\/wordpress\/plugins\/seo\/ -->\n<meta name=\"robots\" content=\"index, follow, max-snippet:-1, max-image-preview:large, max-video-preview:-1\" \/>\n<link rel=\"canonical\" href=\"http:\/\/www.polisrecreio.com.br\/site\/2017\/12\/13\/prefeito-de-recreio-visita-barreiros-e-recebe-elogios-pelos-trabalhados-no-povoado\/\" \/>\n<meta property=\"og:locale\" content=\"pt_BR\" \/>\n<meta property=\"og:type\" content=\"article\" \/>\n<meta property=\"og:title\" content=\"Prefeito de Recreio visita Barreiros e recebe elogios pelos trabalhados no povoado - P\u00f3lis Recreio\" \/>\n<meta property=\"og:description\" content=\"O prefeito de Recreio, Z\u00e9 Maria Barros, visitou o Barreiros na \u00faltima ter\u00e7a-feira (12). Na ocasi\u00e3o o executivo analisou a reestrutura\u00e7\u00e3o do Centro Comunit\u00e1rio, participou da formatura do 5\u00ba ano da E.M Maria Aparecida Lacerda de Freitas e ainda recebeu elogios pelos trabalhos desempenhados em prol do povoado no ano de 2017.\" \/>\n<meta property=\"og:url\" content=\"http:\/\/www.polisrecreio.com.br\/site\/2017\/12\/13\/prefeito-de-recreio-visita-barreiros-e-recebe-elogios-pelos-trabalhados-no-povoado\/\" \/>\n<meta property=\"og:site_name\" content=\"P\u00f3lis Recreio\" \/>\n<meta property=\"article:publisher\" content=\"https:\/\/www.facebook.com\/Site-P%c3%b3lis-Recreio-MG-181941708571019\/\" \/>\n<meta property=\"article:published_time\" content=\"2017-12-13T23:21:08+00:00\" \/>\n<meta property=\"article:modified_time\" content=\"2017-12-13T23:24:37+00:00\" \/>\n<meta property=\"og:image\" content=\"https:\/\/www.polisrecreio.com.br\/site\/wp-content\/uploads\/2017\/12\/morador.jpg\" \/>\n\t<meta property=\"og:image:width\" content=\"750\" \/>\n\t<meta property=\"og:image:height\" content=\"358\" \/>\n<meta name=\"twitter:card\" content=\"summary_large_image\" \/>\n<meta name=\"twitter:creator\" content=\"@PolisRecreio\" \/>\n<meta name=\"twitter:site\" content=\"@PolisRecreio\" \/>\n<meta name=\"twitter:label1\" content=\"Est. reading time\">\n\t<meta name=\"twitter:data1\" content=\"2 minutos\">\n<script type=\"application\/ld+json\" class=\"yoast-schema-graph\">{\"@context\":\"https:\/\/schema.org\",\"@graph\":[{\"@type\":\"WebSite\",\"@id\":\"https:\/\/www.polisrecreio.com.br\/site\/#website\",\"url\":\"https:\/\/www.polisrecreio.com.br\/site\/\",\"name\":\"P\\u00f3lis Recreio\",\"description\":\"\",\"potentialAction\":[{\"@type\":\"SearchAction\",\"target\":\"https:\/\/www.polisrecreio.com.br\/site\/?s={search_term_string}\",\"query-input\":\"required name=search_term_string\"}],\"inLanguage\":\"pt-BR\"},{\"@type\":\"ImageObject\",\"@id\":\"http:\/\/www.polisrecreio.com.br\/site\/2017\/12\/13\/prefeito-de-recreio-visita-barreiros-e-recebe-elogios-pelos-trabalhados-no-povoado\/#primaryimage\",\"inLanguage\":\"pt-BR\",\"url\":\"https:\/\/www.polisrecreio.com.br\/site\/wp-content\/uploads\/2017\/12\/morador.jpg\",\"width\":750,\"height\":358},{\"@type\":\"WebPage\",\"@id\":\"http:\/\/www.polisrecreio.com.br\/site\/2017\/12\/13\/prefeito-de-recreio-visita-barreiros-e-recebe-elogios-pelos-trabalhados-no-povoado\/#webpage\",\"url\":\"http:\/\/www.polisrecreio.com.br\/site\/2017\/12\/13\/prefeito-de-recreio-visita-barreiros-e-recebe-elogios-pelos-trabalhados-no-povoado\/\",\"name\":\"Prefeito de Recreio visita Barreiros e recebe elogios pelos trabalhados no povoado - P\\u00f3lis Recreio\",\"isPartOf\":{\"@id\":\"https:\/\/www.polisrecreio.com.br\/site\/#website\"},\"primaryImageOfPage\":{\"@id\":\"http:\/\/www.polisrecreio.com.br\/site\/2017\/12\/13\/prefeito-de-recreio-visita-barreiros-e-recebe-elogios-pelos-trabalhados-no-povoado\/#primaryimage\"},\"datePublished\":\"2017-12-13T23:21:08+00:00\",\"dateModified\":\"2017-12-13T23:24:37+00:00\",\"author\":{\"@id\":\"https:\/\/www.polisrecreio.com.br\/site\/#\/schema\/person\/3363c1c78e1e28e1329d97adb387638e\"},\"inLanguage\":\"pt-BR\",\"potentialAction\":[{\"@type\":\"ReadAction\",\"target\":[\"http:\/\/www.polisrecreio.com.br\/site\/2017\/12\/13\/prefeito-de-recreio-visita-barreiros-e-recebe-elogios-pelos-trabalhados-no-povoado\/\"]}]},{\"@type\":\"Person\",\"@id\":\"https:\/\/www.polisrecreio.com.br\/site\/#\/schema\/person\/3363c1c78e1e28e1329d97adb387638e\",\"name\":\"Leonardo Ribeiro\",\"image\":{\"@type\":\"ImageObject\",\"@id\":\"https:\/\/www.polisrecreio.com.br\/site\/#personlogo\",\"inLanguage\":\"pt-BR\",\"url\":\"https:\/\/secure.gravatar.com\/avatar\/6ba92a37d621e1a83e23710251178a12?s=96&d=mm&r=g\",\"caption\":\"Leonardo Ribeiro\"},\"sameAs\":[\"http:\/\/www.polisrecreio.com.br\"]}]}<\/script>\n<!-- \/ Yoast SEO plugin. -->","_links":{"self":[{"href":"https:\/\/www.polisrecreio.com.br\/site\/wp-json\/wp\/v2\/posts\/8138"}],"collection":[{"href":"https:\/\/www.polisrecreio.com.br\/site\/wp-json\/wp\/v2\/posts"}],"about":[{"href":"https:\/\/www.polisrecreio.com.br\/site\/wp-json\/wp\/v2\/types\/post"}],"author":[{"embeddable":true,"href":"https:\/\/www.polisrecreio.com.br\/site\/wp-json\/wp\/v2\/users\/3"}],"replies":[{"embeddable":true,"href":"https:\/\/www.polisrecreio.com.br\/site\/wp-json\/wp\/v2\/comments?post=8138"}],"version-history":[{"count":3,"href":"https:\/\/www.polisrecreio.com.br\/site\/wp-json\/wp\/v2\/posts\/8138\/revisions"}],"predecessor-version":[{"id":8147,"href":"https:\/\/www.polisrecreio.com.br\/site\/wp-json\/wp\/v2\/posts\/8138\/revisions\/8147"}],"wp:featuredmedia":[{"embeddable":true,"href":"https:\/\/www.polisrecreio.com.br\/site\/wp-json\/wp\/v2\/media\/8139"}],"wp:attachment":[{"href":"https:\/\/www.polisrecreio.com.br\/site\/wp-json\/wp\/v2\/media?parent=8138"}],"wp:term":[{"taxonomy":"category","embeddable":true,"href":"https:\/\/www.polisrecreio.com.br\/site\/wp-json\/wp\/v2\/categories?post=8138"},{"taxonomy":"post_tag","embeddable":true,"href":"https:\/\/www.polisrecreio.com.br\/site\/wp-json\/wp\/v2\/tags?post=8138"}],"curies":[{"name":"wp","href":"https:\/\/api.w.org\/{rel}","templated":true}]}}