{"id":8148,"date":"2017-12-14T09:31:28","date_gmt":"2017-12-14T12:31:28","guid":{"rendered":"http:\/\/www.polisrecreio.com.br\/site\/?p=8148"},"modified":"2017-12-14T09:36:12","modified_gmt":"2017-12-14T12:36:12","slug":"e-e-presidente-carlos-luz-torna-se-referencia-de-convivencia-democratica-para-escolas-de-minas","status":"publish","type":"post","link":"https:\/\/www.polisrecreio.com.br\/site\/2017\/12\/14\/e-e-presidente-carlos-luz-torna-se-referencia-de-convivencia-democratica-para-escolas-de-minas\/","title":{"rendered":"E.E Presidente Carlos Luz torna-se refer\u00eancia de conviv\u00eancia democr\u00e1tica para escolas de Minas"},"content":{"rendered":"<p style=\"text-align: justify;\">Em 2017, a Secretaria de Estado da Educa\u00e7\u00e3o lan\u00e7ou o Programa de Conviv\u00eancia Democr\u00e1tica com a proposta de levar para o interior das escolas o conceito de conviv\u00eancia democr\u00e1tica atrav\u00e9s de ferramentas como assembleias, pr\u00e1ticas restaurativas e espa\u00e7os para falas. Cada col\u00e9gio elaborou o seu plano e os melhores foram escolhidos por regi\u00e3o para ser exemplo para as escolas de Minas Gerais, foi o caso da E.E Presidente Carlos Luz, de Concei\u00e7\u00e3o da Boa Vista, que se tornou escola refer\u00eancia em conviv\u00eancia democr\u00e1tica.<\/p>\n<p style=\"text-align: justify;\"><!--more--><\/p>\n<figure id=\"attachment_8149\" aria-describedby=\"caption-attachment-8149\" style=\"width: 960px\" class=\"wp-caption aligncenter\"><a href=\"http:\/\/www.polisrecreio.com.br\/site\/wp-content\/uploads\/2017\/12\/23843269_1523890987647690_5900197889018951213_n.jpg\"><img loading=\"lazy\" class=\"size-full wp-image-8149\" src=\"http:\/\/www.polisrecreio.com.br\/site\/wp-content\/uploads\/2017\/12\/23843269_1523890987647690_5900197889018951213_n.jpg\" alt=\"Ana Paula, analista educacional da SRE; diretor da escola, V\u00edtor do Bem; e superintendente, Sidil\u00facio Senra.\" width=\"960\" height=\"720\" srcset=\"https:\/\/www.polisrecreio.com.br\/site\/wp-content\/uploads\/2017\/12\/23843269_1523890987647690_5900197889018951213_n.jpg 960w, https:\/\/www.polisrecreio.com.br\/site\/wp-content\/uploads\/2017\/12\/23843269_1523890987647690_5900197889018951213_n-300x225.jpg 300w\" sizes=\"(max-width: 960px) 100vw, 960px\" \/><\/a><figcaption id=\"caption-attachment-8149\" class=\"wp-caption-text\">Analista educacional da SRE, Ana Paula; diretor da escola, V\u00edtor do Bem; e superintendente, Sidil\u00facio Senra;\u00a0durante visita ao col\u00e9gio de Concei\u00e7\u00e3o da Boa Vista.<\/figcaption><\/figure>\n<p style=\"text-align: justify;\">O Plano da Escola, localizada em uma localidade com altos \u00edndices de vulnerabilidade social, a cerca de 5 km do distrito sede, Recreio, foi elaborado com foco na realidade local e na necessidade de trabalhar o di\u00e1logo nas rela\u00e7\u00f5es interpessoais. Segundo o diretor, Vitor do Bem, &#8220;a ideia foi criar condi\u00e7\u00f5es para a constru\u00e7\u00e3o dos valores democr\u00e1ticos que auxiliem na transforma\u00e7\u00e3o das rela\u00e7\u00f5es sociais de forma a atingir a justi\u00e7a social e o aprendizado da participa\u00e7\u00e3o cidad\u00e3 nos destinos da sociedade&#8221;.<\/p>\n<p style=\"text-align: justify;\">Al\u00e9m da E.E Presidente Carlos Luz, a E.E Omar Resende Peres de Leopoldina, tamb\u00e9m foi escolhida pela SRE\/Leopoldina como refer\u00eancia na regi\u00e3o. A Superintend\u00eancia, sob a coordena\u00e7\u00e3o de Sidil\u00facio Senra, abrange 10 munic\u00edpios (Al\u00e9m Para\u00edba, Argirita, Cataguases, Estrela Dalva, Itamarati de Minas, Leopoldina, Pirapetinga, Santo Ant\u00f4nio do Aventureiro, Recreio e Volta Grande), com um total de 34 escolas.<\/p>\n<p style=\"text-align: justify;\">O Plano da Escola de Concei\u00e7\u00e3o da Boa Vista segue para a Secretaria de Estado da Educa\u00e7\u00e3o de Minas Gerais.\u00a0<a href=\"http:\/\/www.polisrecreio.com.br\/site\/wp-content\/uploads\/2017\/12\/plano-de-conviv\u00eancia-democratico.pdf\" target=\"_blank\">Confira o Plano de Conviv\u00eancia Democr\u00e1tica da E.E Presidente Carlos Luz<\/a>.<\/p>\n","protected":false},"excerpt":{"rendered":"<p>Em 2017, a Secretaria de Estado da Educa\u00e7\u00e3o lan\u00e7ou o Programa de Conviv\u00eancia Democr\u00e1tica com a proposta de levar para o interior das escolas o conceito de conviv\u00eancia democr\u00e1tica atrav\u00e9s de ferramentas como assembleias, pr\u00e1ticas restaurativas e espa\u00e7os para falas. Cada col\u00e9gio elaborou o seu plano e os melhores foram escolhidos por regi\u00e3o para ser [&hellip;]<\/p>\n","protected":false},"author":3,"featured_media":8149,"comment_status":"open","ping_status":"open","sticky":false,"template":"","format":"standard","meta":[],"categories":[9],"tags":[],"yoast_head":"<!-- This site is optimized with the Yoast SEO plugin v15.6.2 - https:\/\/yoast.com\/wordpress\/plugins\/seo\/ -->\n<meta name=\"robots\" content=\"index, follow, max-snippet:-1, max-image-preview:large, max-video-preview:-1\" \/>\n<link rel=\"canonical\" href=\"https:\/\/www.polisrecreio.com.br\/site\/2017\/12\/14\/e-e-presidente-carlos-luz-torna-se-referencia-de-convivencia-democratica-para-escolas-de-minas\/\" \/>\n<meta property=\"og:locale\" content=\"pt_BR\" \/>\n<meta property=\"og:type\" content=\"article\" \/>\n<meta property=\"og:title\" content=\"E.E Presidente Carlos Luz torna-se refer\u00eancia de conviv\u00eancia democr\u00e1tica para escolas de Minas - P\u00f3lis Recreio\" \/>\n<meta property=\"og:description\" content=\"Em 2017, a Secretaria de Estado da Educa\u00e7\u00e3o lan\u00e7ou o Programa de Conviv\u00eancia Democr\u00e1tica com a proposta de levar para o interior das escolas o conceito de conviv\u00eancia democr\u00e1tica atrav\u00e9s de ferramentas como assembleias, pr\u00e1ticas restaurativas e espa\u00e7os para falas. Cada col\u00e9gio elaborou o seu plano e os melhores foram escolhidos por regi\u00e3o para ser [&hellip;]\" \/>\n<meta property=\"og:url\" content=\"https:\/\/www.polisrecreio.com.br\/site\/2017\/12\/14\/e-e-presidente-carlos-luz-torna-se-referencia-de-convivencia-democratica-para-escolas-de-minas\/\" \/>\n<meta property=\"og:site_name\" content=\"P\u00f3lis Recreio\" \/>\n<meta property=\"article:publisher\" content=\"https:\/\/www.facebook.com\/Site-P%c3%b3lis-Recreio-MG-181941708571019\/\" \/>\n<meta property=\"article:published_time\" content=\"2017-12-14T12:31:28+00:00\" \/>\n<meta property=\"article:modified_time\" content=\"2017-12-14T12:36:12+00:00\" \/>\n<meta property=\"og:image\" content=\"https:\/\/www.polisrecreio.com.br\/site\/wp-content\/uploads\/2017\/12\/23843269_1523890987647690_5900197889018951213_n.jpg\" \/>\n\t<meta property=\"og:image:width\" content=\"960\" \/>\n\t<meta property=\"og:image:height\" content=\"720\" \/>\n<meta name=\"twitter:card\" content=\"summary_large_image\" \/>\n<meta name=\"twitter:creator\" content=\"@PolisRecreio\" \/>\n<meta name=\"twitter:site\" content=\"@PolisRecreio\" \/>\n<meta name=\"twitter:label1\" content=\"Est. reading time\">\n\t<meta name=\"twitter:data1\" content=\"2 minutos\">\n<script type=\"application\/ld+json\" class=\"yoast-schema-graph\">{\"@context\":\"https:\/\/schema.org\",\"@graph\":[{\"@type\":\"WebSite\",\"@id\":\"https:\/\/www.polisrecreio.com.br\/site\/#website\",\"url\":\"https:\/\/www.polisrecreio.com.br\/site\/\",\"name\":\"P\\u00f3lis Recreio\",\"description\":\"\",\"potentialAction\":[{\"@type\":\"SearchAction\",\"target\":\"https:\/\/www.polisrecreio.com.br\/site\/?s={search_term_string}\",\"query-input\":\"required name=search_term_string\"}],\"inLanguage\":\"pt-BR\"},{\"@type\":\"ImageObject\",\"@id\":\"https:\/\/www.polisrecreio.com.br\/site\/2017\/12\/14\/e-e-presidente-carlos-luz-torna-se-referencia-de-convivencia-democratica-para-escolas-de-minas\/#primaryimage\",\"inLanguage\":\"pt-BR\",\"url\":\"https:\/\/www.polisrecreio.com.br\/site\/wp-content\/uploads\/2017\/12\/23843269_1523890987647690_5900197889018951213_n.jpg\",\"width\":960,\"height\":720,\"caption\":\"Ana Paula, analista educacional da SRE; diretor da escola, V\\u00edtor do Bem; e superintendente, Sidil\\u00facio Senra.\"},{\"@type\":\"WebPage\",\"@id\":\"https:\/\/www.polisrecreio.com.br\/site\/2017\/12\/14\/e-e-presidente-carlos-luz-torna-se-referencia-de-convivencia-democratica-para-escolas-de-minas\/#webpage\",\"url\":\"https:\/\/www.polisrecreio.com.br\/site\/2017\/12\/14\/e-e-presidente-carlos-luz-torna-se-referencia-de-convivencia-democratica-para-escolas-de-minas\/\",\"name\":\"E.E Presidente Carlos Luz torna-se refer\\u00eancia de conviv\\u00eancia democr\\u00e1tica para escolas de Minas - P\\u00f3lis Recreio\",\"isPartOf\":{\"@id\":\"https:\/\/www.polisrecreio.com.br\/site\/#website\"},\"primaryImageOfPage\":{\"@id\":\"https:\/\/www.polisrecreio.com.br\/site\/2017\/12\/14\/e-e-presidente-carlos-luz-torna-se-referencia-de-convivencia-democratica-para-escolas-de-minas\/#primaryimage\"},\"datePublished\":\"2017-12-14T12:31:28+00:00\",\"dateModified\":\"2017-12-14T12:36:12+00:00\",\"author\":{\"@id\":\"https:\/\/www.polisrecreio.com.br\/site\/#\/schema\/person\/3363c1c78e1e28e1329d97adb387638e\"},\"inLanguage\":\"pt-BR\",\"potentialAction\":[{\"@type\":\"ReadAction\",\"target\":[\"https:\/\/www.polisrecreio.com.br\/site\/2017\/12\/14\/e-e-presidente-carlos-luz-torna-se-referencia-de-convivencia-democratica-para-escolas-de-minas\/\"]}]},{\"@type\":\"Person\",\"@id\":\"https:\/\/www.polisrecreio.com.br\/site\/#\/schema\/person\/3363c1c78e1e28e1329d97adb387638e\",\"name\":\"Leonardo Ribeiro\",\"image\":{\"@type\":\"ImageObject\",\"@id\":\"https:\/\/www.polisrecreio.com.br\/site\/#personlogo\",\"inLanguage\":\"pt-BR\",\"url\":\"https:\/\/secure.gravatar.com\/avatar\/6ba92a37d621e1a83e23710251178a12?s=96&d=mm&r=g\",\"caption\":\"Leonardo Ribeiro\"},\"sameAs\":[\"http:\/\/www.polisrecreio.com.br\"]}]}<\/script>\n<!-- \/ Yoast SEO plugin. -->","_links":{"self":[{"href":"https:\/\/www.polisrecreio.com.br\/site\/wp-json\/wp\/v2\/posts\/8148"}],"collection":[{"href":"https:\/\/www.polisrecreio.com.br\/site\/wp-json\/wp\/v2\/posts"}],"about":[{"href":"https:\/\/www.polisrecreio.com.br\/site\/wp-json\/wp\/v2\/types\/post"}],"author":[{"embeddable":true,"href":"https:\/\/www.polisrecreio.com.br\/site\/wp-json\/wp\/v2\/users\/3"}],"replies":[{"embeddable":true,"href":"https:\/\/www.polisrecreio.com.br\/site\/wp-json\/wp\/v2\/comments?post=8148"}],"version-history":[{"count":5,"href":"https:\/\/www.polisrecreio.com.br\/site\/wp-json\/wp\/v2\/posts\/8148\/revisions"}],"predecessor-version":[{"id":8155,"href":"https:\/\/www.polisrecreio.com.br\/site\/wp-json\/wp\/v2\/posts\/8148\/revisions\/8155"}],"wp:featuredmedia":[{"embeddable":true,"href":"https:\/\/www.polisrecreio.com.br\/site\/wp-json\/wp\/v2\/media\/8149"}],"wp:attachment":[{"href":"https:\/\/www.polisrecreio.com.br\/site\/wp-json\/wp\/v2\/media?parent=8148"}],"wp:term":[{"taxonomy":"category","embeddable":true,"href":"https:\/\/www.polisrecreio.com.br\/site\/wp-json\/wp\/v2\/categories?post=8148"},{"taxonomy":"post_tag","embeddable":true,"href":"https:\/\/www.polisrecreio.com.br\/site\/wp-json\/wp\/v2\/tags?post=8148"}],"curies":[{"name":"wp","href":"https:\/\/api.w.org\/{rel}","templated":true}]}}