{"id":8156,"date":"2017-12-15T09:20:39","date_gmt":"2017-12-15T12:20:39","guid":{"rendered":"http:\/\/www.polisrecreio.com.br\/site\/?p=8156"},"modified":"2017-12-15T09:20:39","modified_gmt":"2017-12-15T12:20:39","slug":"atraso-de-repasses-estaduais-para-saude-nos-municipios-de-minas-chega-a-r-2-bilhoes-informa-cosemsmg","status":"publish","type":"post","link":"https:\/\/www.polisrecreio.com.br\/site\/2017\/12\/15\/atraso-de-repasses-estaduais-para-saude-nos-municipios-de-minas-chega-a-r-2-bilhoes-informa-cosemsmg\/","title":{"rendered":"Atraso de repasses estaduais para sa\u00fade nos munic\u00edpios de Minas chega a R$ 2 bilh\u00f5es, informa COSEMS\/MG"},"content":{"rendered":"<p style=\"text-align: justify;\">A grave situa\u00e7\u00e3o enfrentada por diversos munic\u00edpios na \u00e1rea sa\u00fade n\u00e3o \u00e9 nenhuma novidade. Rotineiramente vemos nos notici\u00e1rios farm\u00e1cias sem rem\u00e9dios, hospitais sem m\u00e9dicos, falta de exames laboratoriais, mas, o que a grande maioria da popula\u00e7\u00e3o n\u00e3o entende \u00e9 que as cidades dependem de recursos para a plena manuten\u00e7\u00e3o destes servi\u00e7os. Somente em Minas Gerais, segundo levantamento do Conselho de Secretarias Municipais de Sa\u00fade \u2013 COSEMS\/MG \u2013 os atrasos de repasses do Estado aos munic\u00edpios atingiram a marca de R$ 2 bilh\u00f5es.<\/p>\n<p style=\"text-align: justify;\"><!--more--><\/p>\n<p style=\"text-align: justify;\"><a href=\"http:\/\/www.polisrecreio.com.br\/site\/wp-content\/uploads\/2017\/12\/dinheiro-saude.jpg\"><img loading=\"lazy\" class=\"aligncenter size-full wp-image-8158\" src=\"http:\/\/www.polisrecreio.com.br\/site\/wp-content\/uploads\/2017\/12\/dinheiro-saude.jpg\" alt=\"dinheiro-saude\" width=\"750\" height=\"422\" srcset=\"https:\/\/www.polisrecreio.com.br\/site\/wp-content\/uploads\/2017\/12\/dinheiro-saude.jpg 750w, https:\/\/www.polisrecreio.com.br\/site\/wp-content\/uploads\/2017\/12\/dinheiro-saude-300x169.jpg 300w\" sizes=\"(max-width: 750px) 100vw, 750px\" \/><\/a><\/p>\n<p style=\"text-align: justify;\">Diante da grave situa\u00e7\u00e3o levantada pelo COSEMS\/MG, a entidade resolveu enviar uma carta ao governador de Minas, Fernando Pimentel, que inicia da seguinte maneira: \u201cO Conselho de Secretarias Municipais de Sa\u00fade de Minas Gerais, no cumprimento de sua miss\u00e3o institucional de representar os gestores municipais de sa\u00fade e defender a municipalidade no que \u00e0s pol\u00edticas p\u00fablicas do Sistema \u00danico de Sa\u00fade, vem denunciar a situa\u00e7\u00e3o em que se encontra a sa\u00fade p\u00fablica nos munic\u00edpios e reivindicar a sua responsabilidade como governante do Estado para com a situa\u00e7\u00e3o cr\u00edtica enfrentada em todas as cidades mineiras. Conforme apura\u00e7\u00e3o em setembro de 2017 no Portal da Transpar\u00eancia realizada por este Conselho, a d\u00edvida do Estado de Minas Gerais para com os munic\u00edpios chega a R$ 2.447.218.893. Os atrasos nos repasses j\u00e1 inviabilizam a manuten\u00e7\u00e3o dos servi\u00e7os em cada localidade\u201d.<\/p>\n<p style=\"text-align: justify;\">O documento ainda destaca que todos os prefeitos e gestores de sa\u00fade se empenharam ao m\u00e1ximo em 2017 para garantir uma assist\u00eancia digna ao povo. \u201cCada um deles tem seu papel constitucional. Os Munic\u00edpios est\u00e3o comprometendo em m\u00e9dia, 24% das receitas que comp\u00f5em a base de c\u00e1lculo para aplica\u00e7\u00e3o em sa\u00fade, conforme determina a Lei Complementar 141, enquanto o Estado de Minas Gerais n\u00e3o aplica sequer os 12% definido no mesmo regramento\u201d, informou o presidente do COSEMS, Eduardo Luiz da Silva.<\/p>\n<p style=\"text-align: justify;\">Em Recreio, de acordo com a secret\u00e1ria de Sa\u00fade, Gabriela Helena de Paula, a d\u00edvida do Estado com o Munic\u00edpio aproxima-se de meio milh\u00e3o de reais. \u201cJ\u00e1 solicitamos um levantamento detalhado ao Conselho Regional de Sa\u00fade e em breve apresentaremos a nossa situa\u00e7\u00e3o, que n\u00e3o \u00e9 diferente das demais cidades\u201d.<\/p>\n<p style=\"text-align: justify;\">O prefeito Z\u00e9 Maria Barros, lamentou estes atrasos, e disse que \u201co que \u00e9 poss\u00edvel para manter os servi\u00e7os de sa\u00fade em Recreio est\u00e1 sendo feito. Sabemos que a sa\u00fade \u00e9 primordial para a manuten\u00e7\u00e3o de um bem estar social, mas, infelizmente, as prefeituras dependem de recursos e eles n\u00e3o est\u00e3o chegando\u201d.<\/p>\n<p style=\"text-align: justify;\"><a href=\"http:\/\/www.polisrecreio.com.br\/site\/wp-content\/uploads\/2017\/12\/Carta-ao-Governador.pdf\" target=\"_blank\">Leia a carta do COSEMS\/MG ao governador de Minas.<\/a><\/p>\n","protected":false},"excerpt":{"rendered":"<p>A grave situa\u00e7\u00e3o enfrentada por diversos munic\u00edpios na \u00e1rea sa\u00fade n\u00e3o \u00e9 nenhuma novidade. Rotineiramente vemos nos notici\u00e1rios farm\u00e1cias sem rem\u00e9dios, hospitais sem m\u00e9dicos, falta de exames laboratoriais, mas, o que a grande maioria da popula\u00e7\u00e3o n\u00e3o entende \u00e9 que as cidades dependem de recursos para a plena manuten\u00e7\u00e3o destes servi\u00e7os. Somente em Minas Gerais, [&hellip;]<\/p>\n","protected":false},"author":3,"featured_media":8158,"comment_status":"open","ping_status":"open","sticky":false,"template":"","format":"standard","meta":[],"categories":[7],"tags":[],"yoast_head":"<!-- This site is optimized with the Yoast SEO plugin v15.6.2 - https:\/\/yoast.com\/wordpress\/plugins\/seo\/ -->\n<meta name=\"robots\" content=\"index, follow, max-snippet:-1, max-image-preview:large, max-video-preview:-1\" \/>\n<link rel=\"canonical\" href=\"https:\/\/www.polisrecreio.com.br\/site\/2017\/12\/15\/atraso-de-repasses-estaduais-para-saude-nos-municipios-de-minas-chega-a-r-2-bilhoes-informa-cosemsmg\/\" \/>\n<meta property=\"og:locale\" content=\"pt_BR\" \/>\n<meta property=\"og:type\" content=\"article\" \/>\n<meta property=\"og:title\" content=\"Atraso de repasses estaduais para sa\u00fade nos munic\u00edpios de Minas chega a R$ 2 bilh\u00f5es, informa COSEMS\/MG - P\u00f3lis Recreio\" \/>\n<meta property=\"og:description\" content=\"A grave situa\u00e7\u00e3o enfrentada por diversos munic\u00edpios na \u00e1rea sa\u00fade n\u00e3o \u00e9 nenhuma novidade. Rotineiramente vemos nos notici\u00e1rios farm\u00e1cias sem rem\u00e9dios, hospitais sem m\u00e9dicos, falta de exames laboratoriais, mas, o que a grande maioria da popula\u00e7\u00e3o n\u00e3o entende \u00e9 que as cidades dependem de recursos para a plena manuten\u00e7\u00e3o destes servi\u00e7os. Somente em Minas Gerais, [&hellip;]\" \/>\n<meta property=\"og:url\" content=\"https:\/\/www.polisrecreio.com.br\/site\/2017\/12\/15\/atraso-de-repasses-estaduais-para-saude-nos-municipios-de-minas-chega-a-r-2-bilhoes-informa-cosemsmg\/\" \/>\n<meta property=\"og:site_name\" content=\"P\u00f3lis Recreio\" \/>\n<meta property=\"article:publisher\" content=\"https:\/\/www.facebook.com\/Site-P%c3%b3lis-Recreio-MG-181941708571019\/\" \/>\n<meta property=\"article:published_time\" content=\"2017-12-15T12:20:39+00:00\" \/>\n<meta property=\"og:image\" content=\"https:\/\/www.polisrecreio.com.br\/site\/wp-content\/uploads\/2017\/12\/dinheiro-saude.jpg\" \/>\n\t<meta property=\"og:image:width\" content=\"750\" \/>\n\t<meta property=\"og:image:height\" content=\"422\" \/>\n<meta name=\"twitter:card\" content=\"summary_large_image\" \/>\n<meta name=\"twitter:creator\" content=\"@PolisRecreio\" \/>\n<meta name=\"twitter:site\" content=\"@PolisRecreio\" \/>\n<meta name=\"twitter:label1\" content=\"Est. reading time\">\n\t<meta name=\"twitter:data1\" content=\"2 minutos\">\n<script type=\"application\/ld+json\" class=\"yoast-schema-graph\">{\"@context\":\"https:\/\/schema.org\",\"@graph\":[{\"@type\":\"WebSite\",\"@id\":\"https:\/\/www.polisrecreio.com.br\/site\/#website\",\"url\":\"https:\/\/www.polisrecreio.com.br\/site\/\",\"name\":\"P\\u00f3lis Recreio\",\"description\":\"\",\"potentialAction\":[{\"@type\":\"SearchAction\",\"target\":\"https:\/\/www.polisrecreio.com.br\/site\/?s={search_term_string}\",\"query-input\":\"required name=search_term_string\"}],\"inLanguage\":\"pt-BR\"},{\"@type\":\"ImageObject\",\"@id\":\"https:\/\/www.polisrecreio.com.br\/site\/2017\/12\/15\/atraso-de-repasses-estaduais-para-saude-nos-municipios-de-minas-chega-a-r-2-bilhoes-informa-cosemsmg\/#primaryimage\",\"inLanguage\":\"pt-BR\",\"url\":\"https:\/\/www.polisrecreio.com.br\/site\/wp-content\/uploads\/2017\/12\/dinheiro-saude.jpg\",\"width\":750,\"height\":422},{\"@type\":\"WebPage\",\"@id\":\"https:\/\/www.polisrecreio.com.br\/site\/2017\/12\/15\/atraso-de-repasses-estaduais-para-saude-nos-municipios-de-minas-chega-a-r-2-bilhoes-informa-cosemsmg\/#webpage\",\"url\":\"https:\/\/www.polisrecreio.com.br\/site\/2017\/12\/15\/atraso-de-repasses-estaduais-para-saude-nos-municipios-de-minas-chega-a-r-2-bilhoes-informa-cosemsmg\/\",\"name\":\"Atraso de repasses estaduais para sa\\u00fade nos munic\\u00edpios de Minas chega a R$ 2 bilh\\u00f5es, informa COSEMS\/MG - P\\u00f3lis Recreio\",\"isPartOf\":{\"@id\":\"https:\/\/www.polisrecreio.com.br\/site\/#website\"},\"primaryImageOfPage\":{\"@id\":\"https:\/\/www.polisrecreio.com.br\/site\/2017\/12\/15\/atraso-de-repasses-estaduais-para-saude-nos-municipios-de-minas-chega-a-r-2-bilhoes-informa-cosemsmg\/#primaryimage\"},\"datePublished\":\"2017-12-15T12:20:39+00:00\",\"dateModified\":\"2017-12-15T12:20:39+00:00\",\"author\":{\"@id\":\"https:\/\/www.polisrecreio.com.br\/site\/#\/schema\/person\/3363c1c78e1e28e1329d97adb387638e\"},\"inLanguage\":\"pt-BR\",\"potentialAction\":[{\"@type\":\"ReadAction\",\"target\":[\"https:\/\/www.polisrecreio.com.br\/site\/2017\/12\/15\/atraso-de-repasses-estaduais-para-saude-nos-municipios-de-minas-chega-a-r-2-bilhoes-informa-cosemsmg\/\"]}]},{\"@type\":\"Person\",\"@id\":\"https:\/\/www.polisrecreio.com.br\/site\/#\/schema\/person\/3363c1c78e1e28e1329d97adb387638e\",\"name\":\"Leonardo Ribeiro\",\"image\":{\"@type\":\"ImageObject\",\"@id\":\"https:\/\/www.polisrecreio.com.br\/site\/#personlogo\",\"inLanguage\":\"pt-BR\",\"url\":\"https:\/\/secure.gravatar.com\/avatar\/6ba92a37d621e1a83e23710251178a12?s=96&d=mm&r=g\",\"caption\":\"Leonardo Ribeiro\"},\"sameAs\":[\"http:\/\/www.polisrecreio.com.br\"]}]}<\/script>\n<!-- \/ Yoast SEO plugin. -->","_links":{"self":[{"href":"https:\/\/www.polisrecreio.com.br\/site\/wp-json\/wp\/v2\/posts\/8156"}],"collection":[{"href":"https:\/\/www.polisrecreio.com.br\/site\/wp-json\/wp\/v2\/posts"}],"about":[{"href":"https:\/\/www.polisrecreio.com.br\/site\/wp-json\/wp\/v2\/types\/post"}],"author":[{"embeddable":true,"href":"https:\/\/www.polisrecreio.com.br\/site\/wp-json\/wp\/v2\/users\/3"}],"replies":[{"embeddable":true,"href":"https:\/\/www.polisrecreio.com.br\/site\/wp-json\/wp\/v2\/comments?post=8156"}],"version-history":[{"count":1,"href":"https:\/\/www.polisrecreio.com.br\/site\/wp-json\/wp\/v2\/posts\/8156\/revisions"}],"predecessor-version":[{"id":8159,"href":"https:\/\/www.polisrecreio.com.br\/site\/wp-json\/wp\/v2\/posts\/8156\/revisions\/8159"}],"wp:featuredmedia":[{"embeddable":true,"href":"https:\/\/www.polisrecreio.com.br\/site\/wp-json\/wp\/v2\/media\/8158"}],"wp:attachment":[{"href":"https:\/\/www.polisrecreio.com.br\/site\/wp-json\/wp\/v2\/media?parent=8156"}],"wp:term":[{"taxonomy":"category","embeddable":true,"href":"https:\/\/www.polisrecreio.com.br\/site\/wp-json\/wp\/v2\/categories?post=8156"},{"taxonomy":"post_tag","embeddable":true,"href":"https:\/\/www.polisrecreio.com.br\/site\/wp-json\/wp\/v2\/tags?post=8156"}],"curies":[{"name":"wp","href":"https:\/\/api.w.org\/{rel}","templated":true}]}}