{"id":8169,"date":"2017-12-18T14:58:59","date_gmt":"2017-12-18T17:58:59","guid":{"rendered":"http:\/\/www.polisrecreio.com.br\/site\/?p=8169"},"modified":"2017-12-18T14:58:59","modified_gmt":"2017-12-18T17:58:59","slug":"camara-de-recreio-escolhe-nesta-segunda-feira-18-presidente-de-2018","status":"publish","type":"post","link":"https:\/\/www.polisrecreio.com.br\/site\/2017\/12\/18\/camara-de-recreio-escolhe-nesta-segunda-feira-18-presidente-de-2018\/","title":{"rendered":"C\u00e2mara de Recreio escolhe nesta segunda-feira (18) presidente de 2018"},"content":{"rendered":"<p style=\"text-align: justify;\">A C\u00e2mara Municipal de Recreio realiza nesta segunda-feira (18) a sess\u00e3o que ir\u00e1 escolher o presidente da casa para o ano de 2018. A reuni\u00e3o acontece a partir das 19h.<\/p>\n<p style=\"text-align: justify;\"><!--more--><\/p>\n<figure id=\"attachment_8170\" aria-describedby=\"caption-attachment-8170\" style=\"width: 750px\" class=\"wp-caption aligncenter\"><a href=\"http:\/\/www.polisrecreio.com.br\/site\/wp-content\/uploads\/2017\/12\/DSCN3711.jpg\"><img loading=\"lazy\" class=\"size-full wp-image-8170\" src=\"http:\/\/www.polisrecreio.com.br\/site\/wp-content\/uploads\/2017\/12\/DSCN3711.jpg\" alt=\"C\u00e2mara Municipal 2017-2020.\" width=\"750\" height=\"563\" srcset=\"https:\/\/www.polisrecreio.com.br\/site\/wp-content\/uploads\/2017\/12\/DSCN3711.jpg 750w, https:\/\/www.polisrecreio.com.br\/site\/wp-content\/uploads\/2017\/12\/DSCN3711-300x225.jpg 300w\" sizes=\"(max-width: 750px) 100vw, 750px\" \/><\/a><figcaption id=\"caption-attachment-8170\" class=\"wp-caption-text\">C\u00e2mara Municipal 2017-2020.<\/figcaption><\/figure>\n<p style=\"text-align: justify;\">Al\u00e9m da presid\u00eancia, ser\u00e3o eleitos o vice-presidente e o secret\u00e1rio. Em 2017, a mesa diretora foi composta pelos seguintes vereadores: Paulinho Pintor (PSD), presidente; Leninha (PMDB), vice-presidente; e Jovane (PSD), secret\u00e1rio.<\/p>\n<p style=\"text-align: justify;\">Todos os nove parlamentares s\u00e3o concorrentes, por\u00e9m, nos bastidores do cen\u00e1rio pol\u00edtico recreiense o nome mais cotado para presidir o legislativo no pr\u00f3ximo ano \u00e9 de Paulinho Pintor. O voto \u00e9 secreto.<\/p>\n<p style=\"text-align: justify;\">Conforme o Regimento Interno da C\u00e2mara, as elei\u00e7\u00f5es para a mesa diretora s\u00e3o realizadas anualmente dentro da legislatura de quatro anos e a reelei\u00e7\u00e3o s\u00f3 pode acontecer uma \u00fanica vez no ano sequente ao mandato em vigor.<\/p>\n","protected":false},"excerpt":{"rendered":"<p>A C\u00e2mara Municipal de Recreio realiza nesta segunda-feira (18) a sess\u00e3o que ir\u00e1 escolher o presidente da casa para o ano de 2018. A reuni\u00e3o acontece a partir das 19h.<\/p>\n","protected":false},"author":3,"featured_media":8170,"comment_status":"open","ping_status":"open","sticky":false,"template":"","format":"standard","meta":[],"categories":[6],"tags":[],"yoast_head":"<!-- This site is optimized with the Yoast SEO plugin v15.6.2 - https:\/\/yoast.com\/wordpress\/plugins\/seo\/ -->\n<meta name=\"robots\" content=\"index, follow, max-snippet:-1, max-image-preview:large, max-video-preview:-1\" \/>\n<link rel=\"canonical\" href=\"https:\/\/www.polisrecreio.com.br\/site\/2017\/12\/18\/camara-de-recreio-escolhe-nesta-segunda-feira-18-presidente-de-2018\/\" \/>\n<meta property=\"og:locale\" content=\"pt_BR\" \/>\n<meta property=\"og:type\" content=\"article\" \/>\n<meta property=\"og:title\" content=\"C\u00e2mara de Recreio escolhe nesta segunda-feira (18) presidente de 2018 - P\u00f3lis Recreio\" \/>\n<meta property=\"og:description\" content=\"A C\u00e2mara Municipal de Recreio realiza nesta segunda-feira (18) a sess\u00e3o que ir\u00e1 escolher o presidente da casa para o ano de 2018. A reuni\u00e3o acontece a partir das 19h.\" \/>\n<meta property=\"og:url\" content=\"https:\/\/www.polisrecreio.com.br\/site\/2017\/12\/18\/camara-de-recreio-escolhe-nesta-segunda-feira-18-presidente-de-2018\/\" \/>\n<meta property=\"og:site_name\" content=\"P\u00f3lis Recreio\" \/>\n<meta property=\"article:publisher\" content=\"https:\/\/www.facebook.com\/Site-P%c3%b3lis-Recreio-MG-181941708571019\/\" \/>\n<meta property=\"article:published_time\" content=\"2017-12-18T17:58:59+00:00\" \/>\n<meta property=\"og:image\" content=\"https:\/\/www.polisrecreio.com.br\/site\/wp-content\/uploads\/2017\/12\/DSCN3711.jpg\" \/>\n\t<meta property=\"og:image:width\" content=\"750\" \/>\n\t<meta property=\"og:image:height\" content=\"563\" \/>\n<meta name=\"twitter:card\" content=\"summary_large_image\" \/>\n<meta name=\"twitter:creator\" content=\"@PolisRecreio\" \/>\n<meta name=\"twitter:site\" content=\"@PolisRecreio\" \/>\n<meta name=\"twitter:label1\" content=\"Est. reading time\">\n\t<meta name=\"twitter:data1\" content=\"1 minuto\">\n<script type=\"application\/ld+json\" class=\"yoast-schema-graph\">{\"@context\":\"https:\/\/schema.org\",\"@graph\":[{\"@type\":\"WebSite\",\"@id\":\"https:\/\/www.polisrecreio.com.br\/site\/#website\",\"url\":\"https:\/\/www.polisrecreio.com.br\/site\/\",\"name\":\"P\\u00f3lis Recreio\",\"description\":\"\",\"potentialAction\":[{\"@type\":\"SearchAction\",\"target\":\"https:\/\/www.polisrecreio.com.br\/site\/?s={search_term_string}\",\"query-input\":\"required name=search_term_string\"}],\"inLanguage\":\"pt-BR\"},{\"@type\":\"ImageObject\",\"@id\":\"https:\/\/www.polisrecreio.com.br\/site\/2017\/12\/18\/camara-de-recreio-escolhe-nesta-segunda-feira-18-presidente-de-2018\/#primaryimage\",\"inLanguage\":\"pt-BR\",\"url\":\"https:\/\/www.polisrecreio.com.br\/site\/wp-content\/uploads\/2017\/12\/DSCN3711.jpg\",\"width\":750,\"height\":563,\"caption\":\"C\\u00e2mara Municipal 2017-2020.\"},{\"@type\":\"WebPage\",\"@id\":\"https:\/\/www.polisrecreio.com.br\/site\/2017\/12\/18\/camara-de-recreio-escolhe-nesta-segunda-feira-18-presidente-de-2018\/#webpage\",\"url\":\"https:\/\/www.polisrecreio.com.br\/site\/2017\/12\/18\/camara-de-recreio-escolhe-nesta-segunda-feira-18-presidente-de-2018\/\",\"name\":\"C\\u00e2mara de Recreio escolhe nesta segunda-feira (18) presidente de 2018 - P\\u00f3lis Recreio\",\"isPartOf\":{\"@id\":\"https:\/\/www.polisrecreio.com.br\/site\/#website\"},\"primaryImageOfPage\":{\"@id\":\"https:\/\/www.polisrecreio.com.br\/site\/2017\/12\/18\/camara-de-recreio-escolhe-nesta-segunda-feira-18-presidente-de-2018\/#primaryimage\"},\"datePublished\":\"2017-12-18T17:58:59+00:00\",\"dateModified\":\"2017-12-18T17:58:59+00:00\",\"author\":{\"@id\":\"https:\/\/www.polisrecreio.com.br\/site\/#\/schema\/person\/3363c1c78e1e28e1329d97adb387638e\"},\"inLanguage\":\"pt-BR\",\"potentialAction\":[{\"@type\":\"ReadAction\",\"target\":[\"https:\/\/www.polisrecreio.com.br\/site\/2017\/12\/18\/camara-de-recreio-escolhe-nesta-segunda-feira-18-presidente-de-2018\/\"]}]},{\"@type\":\"Person\",\"@id\":\"https:\/\/www.polisrecreio.com.br\/site\/#\/schema\/person\/3363c1c78e1e28e1329d97adb387638e\",\"name\":\"Leonardo Ribeiro\",\"image\":{\"@type\":\"ImageObject\",\"@id\":\"https:\/\/www.polisrecreio.com.br\/site\/#personlogo\",\"inLanguage\":\"pt-BR\",\"url\":\"https:\/\/secure.gravatar.com\/avatar\/6ba92a37d621e1a83e23710251178a12?s=96&d=mm&r=g\",\"caption\":\"Leonardo Ribeiro\"},\"sameAs\":[\"http:\/\/www.polisrecreio.com.br\"]}]}<\/script>\n<!-- \/ Yoast SEO plugin. -->","_links":{"self":[{"href":"https:\/\/www.polisrecreio.com.br\/site\/wp-json\/wp\/v2\/posts\/8169"}],"collection":[{"href":"https:\/\/www.polisrecreio.com.br\/site\/wp-json\/wp\/v2\/posts"}],"about":[{"href":"https:\/\/www.polisrecreio.com.br\/site\/wp-json\/wp\/v2\/types\/post"}],"author":[{"embeddable":true,"href":"https:\/\/www.polisrecreio.com.br\/site\/wp-json\/wp\/v2\/users\/3"}],"replies":[{"embeddable":true,"href":"https:\/\/www.polisrecreio.com.br\/site\/wp-json\/wp\/v2\/comments?post=8169"}],"version-history":[{"count":1,"href":"https:\/\/www.polisrecreio.com.br\/site\/wp-json\/wp\/v2\/posts\/8169\/revisions"}],"predecessor-version":[{"id":8171,"href":"https:\/\/www.polisrecreio.com.br\/site\/wp-json\/wp\/v2\/posts\/8169\/revisions\/8171"}],"wp:featuredmedia":[{"embeddable":true,"href":"https:\/\/www.polisrecreio.com.br\/site\/wp-json\/wp\/v2\/media\/8170"}],"wp:attachment":[{"href":"https:\/\/www.polisrecreio.com.br\/site\/wp-json\/wp\/v2\/media?parent=8169"}],"wp:term":[{"taxonomy":"category","embeddable":true,"href":"https:\/\/www.polisrecreio.com.br\/site\/wp-json\/wp\/v2\/categories?post=8169"},{"taxonomy":"post_tag","embeddable":true,"href":"https:\/\/www.polisrecreio.com.br\/site\/wp-json\/wp\/v2\/tags?post=8169"}],"curies":[{"name":"wp","href":"https:\/\/api.w.org\/{rel}","templated":true}]}}