{"id":8172,"date":"2017-12-19T07:14:21","date_gmt":"2017-12-19T10:14:21","guid":{"rendered":"http:\/\/www.polisrecreio.com.br\/site\/?p=8172"},"modified":"2017-12-19T09:32:34","modified_gmt":"2017-12-19T12:32:34","slug":"paulinho-pintor-e-reeleito-presidente-da-camara-de-recreio","status":"publish","type":"post","link":"https:\/\/www.polisrecreio.com.br\/site\/2017\/12\/19\/paulinho-pintor-e-reeleito-presidente-da-camara-de-recreio\/","title":{"rendered":"Paulinho Pintor \u00e9 reeleito presidente da C\u00e2mara de Recreio"},"content":{"rendered":"<p style=\"text-align: justify;\">O vereador Paulinho Pintor (PSD) foi reeleito presidente da C\u00e2mara Municipal de Recreio na sess\u00e3o de vota\u00e7\u00e3o da mesa diretora do ano de 2018 realizada na segunda-feira (18). A vice-presid\u00eancia ficou com Pororoca (PSB); secret\u00e1rio, Jovane (PSD); e suplente de secret\u00e1rio, Marcel (PRB).<\/p>\n<p style=\"text-align: justify;\"><!--more--><\/p>\n<figure id=\"attachment_8173\" aria-describedby=\"caption-attachment-8173\" style=\"width: 750px\" class=\"wp-caption aligncenter\"><a href=\"http:\/\/www.polisrecreio.com.br\/site\/wp-content\/uploads\/2017\/12\/camara1.jpg\"><img loading=\"lazy\" class=\"size-full wp-image-8173\" src=\"http:\/\/www.polisrecreio.com.br\/site\/wp-content\/uploads\/2017\/12\/camara1.jpg\" alt=\"Vereador Paulinho Pintor, reeleito presidente da C\u00e2mara.\" width=\"750\" height=\"505\" srcset=\"https:\/\/www.polisrecreio.com.br\/site\/wp-content\/uploads\/2017\/12\/camara1.jpg 750w, https:\/\/www.polisrecreio.com.br\/site\/wp-content\/uploads\/2017\/12\/camara1-300x202.jpg 300w\" sizes=\"(max-width: 750px) 100vw, 750px\" \/><\/a><figcaption id=\"caption-attachment-8173\" class=\"wp-caption-text\">Vereador Paulinho Pintor, reeleito presidente da C\u00e2mara.<\/figcaption><\/figure>\n<p style=\"text-align: justify;\">A elei\u00e7\u00e3o come\u00e7ou por volta de 19:30h e terminou mais de tr\u00eas horas depois. Para o mandato de presidente uma vota\u00e7\u00e3o apenas foi necess\u00e1ria para confirmar Paulinho Pintor como presidente de 2018, foram 5 votos a seu favor, e 4 para a vereadora Leninha (PMDB). A supl\u00eancia de secret\u00e1rio tamb\u00e9m foi definida de maneira \u00e1gil, com 5 votos para Marcel (PRB); 3 Fabricio &#8220;P\u00e3o Doce&#8221; (DEM); e, 1 voto nulo.<\/p>\n<p style=\"text-align: justify;\">Para vice-presidente e secret\u00e1rio foram necess\u00e1rias mais duas rodadas at\u00e9 que terminasse o persistente empate, conforme orienta o Regime Interno da C\u00e2mara. Foram escolhidos vice-presidente, Pororoca (PSB); e Jovane (PSD), ambos com 5 votos. Na concorr\u00eancia estiveram Valma (PR), para vice-presid\u00eancia; e Beto (PRB), para secret\u00e1rio, eles obtiveram 4 votos cada.<\/p>\n<p style=\"text-align: justify;\">Na elei\u00e7\u00e3o da mesa diretora, principalmente, para a posi\u00e7\u00e3o de presidente da C\u00e2mara, demonstrou uma clara divis\u00e3o de grupos pol\u00edticos no legislativo. Apesar de a vota\u00e7\u00e3o ser secreta, o Site P\u00f3lis levantou como votaram os parlamentares: Fabr\u00edsio \u201cP\u00e3o Doce\u201d (DEM), Jovane (PSD), Marcel (PRB), Pororoca (PSB) e Paulinho Pintor (PSD), escolheram Paulinho Pintor. Beto (PRB), Chiquinho (PSDB), Leninha (PMDB) e Valma (PR), votaram em Leninha.<\/p>\n<p style=\"text-align: justify;\">Em conversa com o presidente reeleito ele confirmou ao Site P\u00f3lis que sua posse para o ano de 2018 ser\u00e1 autom\u00e1tica, por tanto, n\u00e3o haver\u00e1 solenidade. A C\u00e2mara Municipal agora entra no per\u00edodo de recesso parlamentar, caso haja a necessidade da vota\u00e7\u00e3o de algum projeto com urg\u00eancia, o presidente convoca os vereadores para uma sess\u00e3o extraordin\u00e1ria.<\/p>\n<p>&nbsp;<\/p>\n<figure id=\"attachment_8178\" aria-describedby=\"caption-attachment-8178\" style=\"width: 750px\" class=\"wp-caption aligncenter\"><a href=\"http:\/\/www.polisrecreio.com.br\/site\/wp-content\/uploads\/2017\/12\/camara6.jpg\"><img loading=\"lazy\" class=\"size-full wp-image-8178\" src=\"http:\/\/www.polisrecreio.com.br\/site\/wp-content\/uploads\/2017\/12\/camara6.jpg\" alt=\"Sess\u00e3o de vota\u00e7\u00e3o.\" width=\"750\" height=\"500\" srcset=\"https:\/\/www.polisrecreio.com.br\/site\/wp-content\/uploads\/2017\/12\/camara6.jpg 750w, https:\/\/www.polisrecreio.com.br\/site\/wp-content\/uploads\/2017\/12\/camara6-300x200.jpg 300w\" sizes=\"(max-width: 750px) 100vw, 750px\" \/><\/a><figcaption id=\"caption-attachment-8178\" class=\"wp-caption-text\">Sess\u00e3o de vota\u00e7\u00e3o.<\/figcaption><\/figure>\n<figure id=\"attachment_8176\" aria-describedby=\"caption-attachment-8176\" style=\"width: 750px\" class=\"wp-caption aligncenter\"><a href=\"http:\/\/www.polisrecreio.com.br\/site\/wp-content\/uploads\/2017\/12\/camara4.jpg\"><img loading=\"lazy\" class=\"size-full wp-image-8176\" src=\"http:\/\/www.polisrecreio.com.br\/site\/wp-content\/uploads\/2017\/12\/camara4.jpg\" alt=\"Assessora jur\u00eddica, Dr\u00aa Walqu\u00edria Barcellos, apresentou a urna.\" width=\"750\" height=\"500\" srcset=\"https:\/\/www.polisrecreio.com.br\/site\/wp-content\/uploads\/2017\/12\/camara4.jpg 750w, https:\/\/www.polisrecreio.com.br\/site\/wp-content\/uploads\/2017\/12\/camara4-300x200.jpg 300w\" sizes=\"(max-width: 750px) 100vw, 750px\" \/><\/a><figcaption id=\"caption-attachment-8176\" class=\"wp-caption-text\">Assessora jur\u00eddica, Dr\u00aa Walqu\u00edria Barcellos, apresentou a urna.<\/figcaption><\/figure>\n<figure id=\"attachment_8177\" aria-describedby=\"caption-attachment-8177\" style=\"width: 750px\" class=\"wp-caption aligncenter\"><a href=\"http:\/\/www.polisrecreio.com.br\/site\/wp-content\/uploads\/2017\/12\/camara5.jpg\"><img loading=\"lazy\" class=\"size-full wp-image-8177\" src=\"http:\/\/www.polisrecreio.com.br\/site\/wp-content\/uploads\/2017\/12\/camara5.jpg\" alt=\"Apura\u00e7\u00e3o dos votos.\" width=\"750\" height=\"500\" srcset=\"https:\/\/www.polisrecreio.com.br\/site\/wp-content\/uploads\/2017\/12\/camara5.jpg 750w, https:\/\/www.polisrecreio.com.br\/site\/wp-content\/uploads\/2017\/12\/camara5-300x200.jpg 300w\" sizes=\"(max-width: 750px) 100vw, 750px\" \/><\/a><figcaption id=\"caption-attachment-8177\" class=\"wp-caption-text\">Apura\u00e7\u00e3o dos votos.<\/figcaption><\/figure>\n<figure id=\"attachment_8179\" aria-describedby=\"caption-attachment-8179\" style=\"width: 750px\" class=\"wp-caption aligncenter\"><a href=\"http:\/\/www.polisrecreio.com.br\/site\/wp-content\/uploads\/2017\/12\/camara7.jpg\"><img loading=\"lazy\" class=\"size-full wp-image-8179\" src=\"http:\/\/www.polisrecreio.com.br\/site\/wp-content\/uploads\/2017\/12\/camara7.jpg\" alt=\"P\u00fablico presente.\" width=\"750\" height=\"500\" srcset=\"https:\/\/www.polisrecreio.com.br\/site\/wp-content\/uploads\/2017\/12\/camara7.jpg 750w, https:\/\/www.polisrecreio.com.br\/site\/wp-content\/uploads\/2017\/12\/camara7-300x200.jpg 300w\" sizes=\"(max-width: 750px) 100vw, 750px\" \/><\/a><figcaption id=\"caption-attachment-8179\" class=\"wp-caption-text\">P\u00fablico presente.<\/figcaption><\/figure>\n<figure id=\"attachment_8175\" aria-describedby=\"caption-attachment-8175\" style=\"width: 750px\" class=\"wp-caption aligncenter\"><a href=\"http:\/\/www.polisrecreio.com.br\/site\/wp-content\/uploads\/2017\/12\/camara3.jpg\"><img loading=\"lazy\" class=\"size-full wp-image-8175\" src=\"http:\/\/www.polisrecreio.com.br\/site\/wp-content\/uploads\/2017\/12\/camara3.jpg\" alt=\"C\u00e2mara Municipal de Recreio.\" width=\"750\" height=\"500\" srcset=\"https:\/\/www.polisrecreio.com.br\/site\/wp-content\/uploads\/2017\/12\/camara3.jpg 750w, https:\/\/www.polisrecreio.com.br\/site\/wp-content\/uploads\/2017\/12\/camara3-300x200.jpg 300w\" sizes=\"(max-width: 750px) 100vw, 750px\" \/><\/a><figcaption id=\"caption-attachment-8175\" class=\"wp-caption-text\">C\u00e2mara Municipal de Recreio.<\/figcaption><\/figure>\n","protected":false},"excerpt":{"rendered":"<p>O vereador Paulinho Pintor (PSD) foi reeleito presidente da C\u00e2mara Municipal de Recreio na sess\u00e3o de vota\u00e7\u00e3o da mesa diretora do ano de 2018 realizada na segunda-feira (18). A vice-presid\u00eancia ficou com Pororoca (PSB); secret\u00e1rio, Jovane (PSD); e suplente de secret\u00e1rio, Marcel (PRB).<\/p>\n","protected":false},"author":3,"featured_media":8173,"comment_status":"open","ping_status":"open","sticky":false,"template":"","format":"standard","meta":[],"categories":[6],"tags":[],"yoast_head":"<!-- This site is optimized with the Yoast SEO plugin v15.6.2 - https:\/\/yoast.com\/wordpress\/plugins\/seo\/ -->\n<meta name=\"robots\" content=\"index, follow, max-snippet:-1, max-image-preview:large, max-video-preview:-1\" \/>\n<link rel=\"canonical\" href=\"http:\/\/www.polisrecreio.com.br\/site\/2017\/12\/19\/paulinho-pintor-e-reeleito-presidente-da-camara-de-recreio\/\" \/>\n<meta property=\"og:locale\" content=\"pt_BR\" \/>\n<meta property=\"og:type\" content=\"article\" \/>\n<meta property=\"og:title\" content=\"Paulinho Pintor \u00e9 reeleito presidente da C\u00e2mara de Recreio - P\u00f3lis Recreio\" \/>\n<meta property=\"og:description\" content=\"O vereador Paulinho Pintor (PSD) foi reeleito presidente da C\u00e2mara Municipal de Recreio na sess\u00e3o de vota\u00e7\u00e3o da mesa diretora do ano de 2018 realizada na segunda-feira (18). A vice-presid\u00eancia ficou com Pororoca (PSB); secret\u00e1rio, Jovane (PSD); e suplente de secret\u00e1rio, Marcel (PRB).\" \/>\n<meta property=\"og:url\" content=\"http:\/\/www.polisrecreio.com.br\/site\/2017\/12\/19\/paulinho-pintor-e-reeleito-presidente-da-camara-de-recreio\/\" \/>\n<meta property=\"og:site_name\" content=\"P\u00f3lis Recreio\" \/>\n<meta property=\"article:publisher\" content=\"https:\/\/www.facebook.com\/Site-P%c3%b3lis-Recreio-MG-181941708571019\/\" \/>\n<meta property=\"article:published_time\" content=\"2017-12-19T10:14:21+00:00\" \/>\n<meta property=\"article:modified_time\" content=\"2017-12-19T12:32:34+00:00\" \/>\n<meta property=\"og:image\" content=\"https:\/\/www.polisrecreio.com.br\/site\/wp-content\/uploads\/2017\/12\/camara1.jpg\" \/>\n\t<meta property=\"og:image:width\" content=\"750\" \/>\n\t<meta property=\"og:image:height\" content=\"505\" \/>\n<meta name=\"twitter:card\" content=\"summary_large_image\" \/>\n<meta name=\"twitter:creator\" content=\"@PolisRecreio\" \/>\n<meta name=\"twitter:site\" content=\"@PolisRecreio\" \/>\n<meta name=\"twitter:label1\" content=\"Est. reading time\">\n\t<meta name=\"twitter:data1\" content=\"2 minutos\">\n<script type=\"application\/ld+json\" class=\"yoast-schema-graph\">{\"@context\":\"https:\/\/schema.org\",\"@graph\":[{\"@type\":\"WebSite\",\"@id\":\"https:\/\/www.polisrecreio.com.br\/site\/#website\",\"url\":\"https:\/\/www.polisrecreio.com.br\/site\/\",\"name\":\"P\\u00f3lis Recreio\",\"description\":\"\",\"potentialAction\":[{\"@type\":\"SearchAction\",\"target\":\"https:\/\/www.polisrecreio.com.br\/site\/?s={search_term_string}\",\"query-input\":\"required name=search_term_string\"}],\"inLanguage\":\"pt-BR\"},{\"@type\":\"ImageObject\",\"@id\":\"http:\/\/www.polisrecreio.com.br\/site\/2017\/12\/19\/paulinho-pintor-e-reeleito-presidente-da-camara-de-recreio\/#primaryimage\",\"inLanguage\":\"pt-BR\",\"url\":\"https:\/\/www.polisrecreio.com.br\/site\/wp-content\/uploads\/2017\/12\/camara1.jpg\",\"width\":750,\"height\":505,\"caption\":\"Vereador Paulinho Pintor, reeleito presidente da C\\u00e2mara.\"},{\"@type\":\"WebPage\",\"@id\":\"http:\/\/www.polisrecreio.com.br\/site\/2017\/12\/19\/paulinho-pintor-e-reeleito-presidente-da-camara-de-recreio\/#webpage\",\"url\":\"http:\/\/www.polisrecreio.com.br\/site\/2017\/12\/19\/paulinho-pintor-e-reeleito-presidente-da-camara-de-recreio\/\",\"name\":\"Paulinho Pintor \\u00e9 reeleito presidente da C\\u00e2mara de Recreio - P\\u00f3lis Recreio\",\"isPartOf\":{\"@id\":\"https:\/\/www.polisrecreio.com.br\/site\/#website\"},\"primaryImageOfPage\":{\"@id\":\"http:\/\/www.polisrecreio.com.br\/site\/2017\/12\/19\/paulinho-pintor-e-reeleito-presidente-da-camara-de-recreio\/#primaryimage\"},\"datePublished\":\"2017-12-19T10:14:21+00:00\",\"dateModified\":\"2017-12-19T12:32:34+00:00\",\"author\":{\"@id\":\"https:\/\/www.polisrecreio.com.br\/site\/#\/schema\/person\/3363c1c78e1e28e1329d97adb387638e\"},\"inLanguage\":\"pt-BR\",\"potentialAction\":[{\"@type\":\"ReadAction\",\"target\":[\"http:\/\/www.polisrecreio.com.br\/site\/2017\/12\/19\/paulinho-pintor-e-reeleito-presidente-da-camara-de-recreio\/\"]}]},{\"@type\":\"Person\",\"@id\":\"https:\/\/www.polisrecreio.com.br\/site\/#\/schema\/person\/3363c1c78e1e28e1329d97adb387638e\",\"name\":\"Leonardo Ribeiro\",\"image\":{\"@type\":\"ImageObject\",\"@id\":\"https:\/\/www.polisrecreio.com.br\/site\/#personlogo\",\"inLanguage\":\"pt-BR\",\"url\":\"https:\/\/secure.gravatar.com\/avatar\/6ba92a37d621e1a83e23710251178a12?s=96&d=mm&r=g\",\"caption\":\"Leonardo Ribeiro\"},\"sameAs\":[\"http:\/\/www.polisrecreio.com.br\"]}]}<\/script>\n<!-- \/ Yoast SEO plugin. -->","_links":{"self":[{"href":"https:\/\/www.polisrecreio.com.br\/site\/wp-json\/wp\/v2\/posts\/8172"}],"collection":[{"href":"https:\/\/www.polisrecreio.com.br\/site\/wp-json\/wp\/v2\/posts"}],"about":[{"href":"https:\/\/www.polisrecreio.com.br\/site\/wp-json\/wp\/v2\/types\/post"}],"author":[{"embeddable":true,"href":"https:\/\/www.polisrecreio.com.br\/site\/wp-json\/wp\/v2\/users\/3"}],"replies":[{"embeddable":true,"href":"https:\/\/www.polisrecreio.com.br\/site\/wp-json\/wp\/v2\/comments?post=8172"}],"version-history":[{"count":5,"href":"https:\/\/www.polisrecreio.com.br\/site\/wp-json\/wp\/v2\/posts\/8172\/revisions"}],"predecessor-version":[{"id":8184,"href":"https:\/\/www.polisrecreio.com.br\/site\/wp-json\/wp\/v2\/posts\/8172\/revisions\/8184"}],"wp:featuredmedia":[{"embeddable":true,"href":"https:\/\/www.polisrecreio.com.br\/site\/wp-json\/wp\/v2\/media\/8173"}],"wp:attachment":[{"href":"https:\/\/www.polisrecreio.com.br\/site\/wp-json\/wp\/v2\/media?parent=8172"}],"wp:term":[{"taxonomy":"category","embeddable":true,"href":"https:\/\/www.polisrecreio.com.br\/site\/wp-json\/wp\/v2\/categories?post=8172"},{"taxonomy":"post_tag","embeddable":true,"href":"https:\/\/www.polisrecreio.com.br\/site\/wp-json\/wp\/v2\/tags?post=8172"}],"curies":[{"name":"wp","href":"https:\/\/api.w.org\/{rel}","templated":true}]}}