{"id":8281,"date":"2017-12-26T11:35:28","date_gmt":"2017-12-26T14:35:28","guid":{"rendered":"http:\/\/www.polisrecreio.com.br\/site\/?p=8281"},"modified":"2017-12-26T13:09:22","modified_gmt":"2017-12-26T16:09:22","slug":"vendaval-de-natal-quebra-torre-da-oi-em-recreio","status":"publish","type":"post","link":"https:\/\/www.polisrecreio.com.br\/site\/2017\/12\/26\/vendaval-de-natal-quebra-torre-da-oi-em-recreio\/","title":{"rendered":"Vendaval de Natal quebra torre da Oi em Recreio"},"content":{"rendered":"<p style=\"text-align: justify;\">O final da tarde do dia 25 de dezembro veio\u00a0acompanhado de\u00a0um vendaval de Natal que acarretou preju\u00edzos para a empresa Oi. A torre instalada no morro com acesso pela Rua Araci Meira \u2013 Avenida \u2013 quebrou ao meio.<\/p>\n<p style=\"text-align: justify;\"><!--more--><\/p>\n<figure id=\"attachment_8282\" aria-describedby=\"caption-attachment-8282\" style=\"width: 750px\" class=\"wp-caption aligncenter\"><a href=\"http:\/\/www.polisrecreio.com.br\/site\/wp-content\/uploads\/2017\/12\/DSC_0193.jpg\"><img loading=\"lazy\" class=\"size-full wp-image-8282\" src=\"http:\/\/www.polisrecreio.com.br\/site\/wp-content\/uploads\/2017\/12\/DSC_0193.jpg\" alt=\"Torre quebrada com o vendaval do Natal.\" width=\"750\" height=\"500\" srcset=\"https:\/\/www.polisrecreio.com.br\/site\/wp-content\/uploads\/2017\/12\/DSC_0193.jpg 750w, https:\/\/www.polisrecreio.com.br\/site\/wp-content\/uploads\/2017\/12\/DSC_0193-300x200.jpg 300w\" sizes=\"(max-width: 750px) 100vw, 750px\" \/><\/a><figcaption id=\"caption-attachment-8282\" class=\"wp-caption-text\">Torre quebrada com o vendaval do Natal.<\/figcaption><\/figure>\n<p style=\"text-align: justify;\">Al\u00e9m deste contratempo na torre da empresa que fornece servi\u00e7os de telefonia fixa, internet e TV no Munic\u00edpio, diversas \u00e1rvores foram despeda\u00e7adas, tampas de caixas d\u2019\u00e1gua foram perdidas, antenas resid\u00eanciais de televis\u00e3o e telhados arrancados.<\/p>\n<p style=\"text-align: justify;\">Na Rua Gon\u00e7alves Neto, em frente ao Social Country Clube, parte de uma \u00e1rvore caiu sobre a rede el\u00e9trica e interrompeu o fornecimento de energia tanto na rua como nas casas. No bairro Jos\u00e9 Taranto Luz \u2013 Cohab Dr. Iraj\u00e1 Jos\u00e9 Fernandes \u2013 e na Rua Manoel Leite Pinho \u2013 Morro da ERUS \u2013 tamb\u00e9m faltou luz. A empresa Energisa rapidamente resolveu o problema e em menos de 1 hora o fornecimento foi normalizado.<\/p>\n<figure id=\"attachment_8283\" aria-describedby=\"caption-attachment-8283\" style=\"width: 750px\" class=\"wp-caption aligncenter\"><a href=\"http:\/\/www.polisrecreio.com.br\/site\/wp-content\/uploads\/2017\/12\/DSC_0201.jpg\"><img loading=\"lazy\" class=\"size-full wp-image-8283\" src=\"http:\/\/www.polisrecreio.com.br\/site\/wp-content\/uploads\/2017\/12\/DSC_0201.jpg\" alt=\"\u00c1rvore na Rua Gon\u00e7alves Neto que causou problemas na rede el\u00e9trica.\" width=\"750\" height=\"500\" srcset=\"https:\/\/www.polisrecreio.com.br\/site\/wp-content\/uploads\/2017\/12\/DSC_0201.jpg 750w, https:\/\/www.polisrecreio.com.br\/site\/wp-content\/uploads\/2017\/12\/DSC_0201-300x200.jpg 300w\" sizes=\"(max-width: 750px) 100vw, 750px\" \/><\/a><figcaption id=\"caption-attachment-8283\" class=\"wp-caption-text\">\u00c1rvore na Rua Gon\u00e7alves Neto que causou problemas na rede el\u00e9trica.<\/figcaption><\/figure>\n<p style=\"text-align: justify;\">Ap\u00f3s o vendaval que durou cerca de uns 30 minutos uma chuva caiu sem preju\u00edzos materiais.<\/p>\n<p style=\"text-align: justify;\">Como a cidade est\u00e1 tomada por galhos e \u00e1rvores quebradas a Secretaria de Desenvolvimento Urbano voltou a recolher os entulhos. Na \u00faltima semana o servi\u00e7o havia sido suspenso por ocasi\u00e3o do per\u00edodo de final de ano. O secret\u00e1rio Juarez Ara\u00fajo lembra que restos de obras e de capinas n\u00e3o\u00a0ser\u00e3o recolhidos.<\/p>\n<p style=\"text-align: justify;\">O Site P\u00f3lis n\u00e3o obteve informa\u00e7\u00f5es sobre os reparos na torre da Oi.<\/p>\n<figure id=\"attachment_8284\" aria-describedby=\"caption-attachment-8284\" style=\"width: 750px\" class=\"wp-caption aligncenter\"><a href=\"http:\/\/www.polisrecreio.com.br\/site\/wp-content\/uploads\/2017\/12\/DSC_0198.jpg\"><img loading=\"lazy\" class=\"size-full wp-image-8284\" src=\"http:\/\/www.polisrecreio.com.br\/site\/wp-content\/uploads\/2017\/12\/DSC_0198.jpg\" alt=\"Preju\u00edzo para empresa Oi.\" width=\"750\" height=\"500\" srcset=\"https:\/\/www.polisrecreio.com.br\/site\/wp-content\/uploads\/2017\/12\/DSC_0198.jpg 750w, https:\/\/www.polisrecreio.com.br\/site\/wp-content\/uploads\/2017\/12\/DSC_0198-300x200.jpg 300w\" sizes=\"(max-width: 750px) 100vw, 750px\" \/><\/a><figcaption id=\"caption-attachment-8284\" class=\"wp-caption-text\">Preju\u00edzo para empresa Oi.<\/figcaption><\/figure>\n<figure id=\"attachment_8285\" aria-describedby=\"caption-attachment-8285\" style=\"width: 750px\" class=\"wp-caption aligncenter\"><a href=\"http:\/\/www.polisrecreio.com.br\/site\/wp-content\/uploads\/2017\/12\/DSC_0189.jpg\"><img loading=\"lazy\" class=\"size-full wp-image-8285\" src=\"http:\/\/www.polisrecreio.com.br\/site\/wp-content\/uploads\/2017\/12\/DSC_0189.jpg\" alt=\"\u00c1rvore quebrada na cidade.\" width=\"750\" height=\"500\" srcset=\"https:\/\/www.polisrecreio.com.br\/site\/wp-content\/uploads\/2017\/12\/DSC_0189.jpg 750w, https:\/\/www.polisrecreio.com.br\/site\/wp-content\/uploads\/2017\/12\/DSC_0189-300x200.jpg 300w\" sizes=\"(max-width: 750px) 100vw, 750px\" \/><\/a><figcaption id=\"caption-attachment-8285\" class=\"wp-caption-text\">\u00c1rvore quebrada na cidade.<\/figcaption><\/figure>\n<figure id=\"attachment_8286\" aria-describedby=\"caption-attachment-8286\" style=\"width: 750px\" class=\"wp-caption aligncenter\"><a href=\"http:\/\/www.polisrecreio.com.br\/site\/wp-content\/uploads\/2017\/12\/DSC_0192.jpg\"><img loading=\"lazy\" class=\"size-full wp-image-8286\" src=\"http:\/\/www.polisrecreio.com.br\/site\/wp-content\/uploads\/2017\/12\/DSC_0192.jpg\" alt=\"Queda de \u00e1rvore.\" width=\"750\" height=\"500\" srcset=\"https:\/\/www.polisrecreio.com.br\/site\/wp-content\/uploads\/2017\/12\/DSC_0192.jpg 750w, https:\/\/www.polisrecreio.com.br\/site\/wp-content\/uploads\/2017\/12\/DSC_0192-300x200.jpg 300w\" sizes=\"(max-width: 750px) 100vw, 750px\" \/><\/a><figcaption id=\"caption-attachment-8286\" class=\"wp-caption-text\">Queda de \u00e1rvore.<\/figcaption><\/figure>\n","protected":false},"excerpt":{"rendered":"<p>O final da tarde do dia 25 de dezembro veio\u00a0acompanhado de\u00a0um vendaval de Natal que acarretou preju\u00edzos para a empresa Oi. A torre instalada no morro com acesso pela Rua Araci Meira \u2013 Avenida \u2013 quebrou ao meio.<\/p>\n","protected":false},"author":3,"featured_media":8282,"comment_status":"open","ping_status":"open","sticky":false,"template":"","format":"standard","meta":[],"categories":[6],"tags":[],"yoast_head":"<!-- This site is optimized with the Yoast SEO plugin v15.6.2 - https:\/\/yoast.com\/wordpress\/plugins\/seo\/ -->\n<meta name=\"robots\" content=\"index, follow, max-snippet:-1, max-image-preview:large, max-video-preview:-1\" \/>\n<link rel=\"canonical\" href=\"https:\/\/www.polisrecreio.com.br\/site\/2017\/12\/26\/vendaval-de-natal-quebra-torre-da-oi-em-recreio\/\" \/>\n<meta property=\"og:locale\" content=\"pt_BR\" \/>\n<meta property=\"og:type\" content=\"article\" \/>\n<meta property=\"og:title\" content=\"Vendaval de Natal quebra torre da Oi em Recreio - P\u00f3lis Recreio\" \/>\n<meta property=\"og:description\" content=\"O final da tarde do dia 25 de dezembro veio\u00a0acompanhado de\u00a0um vendaval de Natal que acarretou preju\u00edzos para a empresa Oi. A torre instalada no morro com acesso pela Rua Araci Meira \u2013 Avenida \u2013 quebrou ao meio.\" \/>\n<meta property=\"og:url\" content=\"https:\/\/www.polisrecreio.com.br\/site\/2017\/12\/26\/vendaval-de-natal-quebra-torre-da-oi-em-recreio\/\" \/>\n<meta property=\"og:site_name\" content=\"P\u00f3lis Recreio\" \/>\n<meta property=\"article:publisher\" content=\"https:\/\/www.facebook.com\/Site-P%c3%b3lis-Recreio-MG-181941708571019\/\" \/>\n<meta property=\"article:published_time\" content=\"2017-12-26T14:35:28+00:00\" \/>\n<meta property=\"article:modified_time\" content=\"2017-12-26T16:09:22+00:00\" \/>\n<meta property=\"og:image\" content=\"https:\/\/www.polisrecreio.com.br\/site\/wp-content\/uploads\/2017\/12\/DSC_0193.jpg\" \/>\n\t<meta property=\"og:image:width\" content=\"750\" \/>\n\t<meta property=\"og:image:height\" content=\"500\" \/>\n<meta name=\"twitter:card\" content=\"summary_large_image\" \/>\n<meta name=\"twitter:creator\" content=\"@PolisRecreio\" \/>\n<meta name=\"twitter:site\" content=\"@PolisRecreio\" \/>\n<meta name=\"twitter:label1\" content=\"Est. reading time\">\n\t<meta name=\"twitter:data1\" content=\"2 minutos\">\n<script type=\"application\/ld+json\" class=\"yoast-schema-graph\">{\"@context\":\"https:\/\/schema.org\",\"@graph\":[{\"@type\":\"WebSite\",\"@id\":\"https:\/\/www.polisrecreio.com.br\/site\/#website\",\"url\":\"https:\/\/www.polisrecreio.com.br\/site\/\",\"name\":\"P\\u00f3lis Recreio\",\"description\":\"\",\"potentialAction\":[{\"@type\":\"SearchAction\",\"target\":\"https:\/\/www.polisrecreio.com.br\/site\/?s={search_term_string}\",\"query-input\":\"required name=search_term_string\"}],\"inLanguage\":\"pt-BR\"},{\"@type\":\"ImageObject\",\"@id\":\"https:\/\/www.polisrecreio.com.br\/site\/2017\/12\/26\/vendaval-de-natal-quebra-torre-da-oi-em-recreio\/#primaryimage\",\"inLanguage\":\"pt-BR\",\"url\":\"https:\/\/www.polisrecreio.com.br\/site\/wp-content\/uploads\/2017\/12\/DSC_0193.jpg\",\"width\":750,\"height\":500,\"caption\":\"Torre quebrada com o vendaval do Natal.\"},{\"@type\":\"WebPage\",\"@id\":\"https:\/\/www.polisrecreio.com.br\/site\/2017\/12\/26\/vendaval-de-natal-quebra-torre-da-oi-em-recreio\/#webpage\",\"url\":\"https:\/\/www.polisrecreio.com.br\/site\/2017\/12\/26\/vendaval-de-natal-quebra-torre-da-oi-em-recreio\/\",\"name\":\"Vendaval de Natal quebra torre da Oi em Recreio - P\\u00f3lis Recreio\",\"isPartOf\":{\"@id\":\"https:\/\/www.polisrecreio.com.br\/site\/#website\"},\"primaryImageOfPage\":{\"@id\":\"https:\/\/www.polisrecreio.com.br\/site\/2017\/12\/26\/vendaval-de-natal-quebra-torre-da-oi-em-recreio\/#primaryimage\"},\"datePublished\":\"2017-12-26T14:35:28+00:00\",\"dateModified\":\"2017-12-26T16:09:22+00:00\",\"author\":{\"@id\":\"https:\/\/www.polisrecreio.com.br\/site\/#\/schema\/person\/3363c1c78e1e28e1329d97adb387638e\"},\"inLanguage\":\"pt-BR\",\"potentialAction\":[{\"@type\":\"ReadAction\",\"target\":[\"https:\/\/www.polisrecreio.com.br\/site\/2017\/12\/26\/vendaval-de-natal-quebra-torre-da-oi-em-recreio\/\"]}]},{\"@type\":\"Person\",\"@id\":\"https:\/\/www.polisrecreio.com.br\/site\/#\/schema\/person\/3363c1c78e1e28e1329d97adb387638e\",\"name\":\"Leonardo Ribeiro\",\"image\":{\"@type\":\"ImageObject\",\"@id\":\"https:\/\/www.polisrecreio.com.br\/site\/#personlogo\",\"inLanguage\":\"pt-BR\",\"url\":\"https:\/\/secure.gravatar.com\/avatar\/6ba92a37d621e1a83e23710251178a12?s=96&d=mm&r=g\",\"caption\":\"Leonardo Ribeiro\"},\"sameAs\":[\"http:\/\/www.polisrecreio.com.br\"]}]}<\/script>\n<!-- \/ Yoast SEO plugin. -->","_links":{"self":[{"href":"https:\/\/www.polisrecreio.com.br\/site\/wp-json\/wp\/v2\/posts\/8281"}],"collection":[{"href":"https:\/\/www.polisrecreio.com.br\/site\/wp-json\/wp\/v2\/posts"}],"about":[{"href":"https:\/\/www.polisrecreio.com.br\/site\/wp-json\/wp\/v2\/types\/post"}],"author":[{"embeddable":true,"href":"https:\/\/www.polisrecreio.com.br\/site\/wp-json\/wp\/v2\/users\/3"}],"replies":[{"embeddable":true,"href":"https:\/\/www.polisrecreio.com.br\/site\/wp-json\/wp\/v2\/comments?post=8281"}],"version-history":[{"count":5,"href":"https:\/\/www.polisrecreio.com.br\/site\/wp-json\/wp\/v2\/posts\/8281\/revisions"}],"predecessor-version":[{"id":8291,"href":"https:\/\/www.polisrecreio.com.br\/site\/wp-json\/wp\/v2\/posts\/8281\/revisions\/8291"}],"wp:featuredmedia":[{"embeddable":true,"href":"https:\/\/www.polisrecreio.com.br\/site\/wp-json\/wp\/v2\/media\/8282"}],"wp:attachment":[{"href":"https:\/\/www.polisrecreio.com.br\/site\/wp-json\/wp\/v2\/media?parent=8281"}],"wp:term":[{"taxonomy":"category","embeddable":true,"href":"https:\/\/www.polisrecreio.com.br\/site\/wp-json\/wp\/v2\/categories?post=8281"},{"taxonomy":"post_tag","embeddable":true,"href":"https:\/\/www.polisrecreio.com.br\/site\/wp-json\/wp\/v2\/tags?post=8281"}],"curies":[{"name":"wp","href":"https:\/\/api.w.org\/{rel}","templated":true}]}}