{"id":8322,"date":"2017-12-29T15:09:39","date_gmt":"2017-12-29T18:09:39","guid":{"rendered":"http:\/\/www.polisrecreio.com.br\/site\/?p=8322"},"modified":"2017-12-29T15:15:56","modified_gmt":"2017-12-29T18:15:56","slug":"prefeito-de-recreio-divulga-pagamento-dos-servidores-para-dias-3-4-e-5","status":"publish","type":"post","link":"https:\/\/www.polisrecreio.com.br\/site\/2017\/12\/29\/prefeito-de-recreio-divulga-pagamento-dos-servidores-para-dias-3-4-e-5\/","title":{"rendered":"Prefeito de Recreio divulga pagamento dos servidores para dias 3, 4 e 5"},"content":{"rendered":"<p style=\"text-align: justify;\">Nesta sexta-feira (29), durante programa de r\u00e1dio da emissora Mundial FM 104,9 o prefeito de Recreio, Z\u00e9 Maria Barros, divulgou o cronograma do pagamento dos servidores municipais para os dias 3, 4 e 5.<\/p>\n<p style=\"text-align: justify;\"><!--more--><\/p>\n<figure id=\"attachment_8323\" aria-describedby=\"caption-attachment-8323\" style=\"width: 750px\" class=\"wp-caption aligncenter\"><a href=\"http:\/\/www.polisrecreio.com.br\/site\/wp-content\/uploads\/2017\/12\/radio1.jpg\"><img loading=\"lazy\" class=\"size-full wp-image-8323\" src=\"http:\/\/www.polisrecreio.com.br\/site\/wp-content\/uploads\/2017\/12\/radio1.jpg\" alt=\"Prefeito em programa de r\u00e1dio.\" width=\"750\" height=\"500\" srcset=\"https:\/\/www.polisrecreio.com.br\/site\/wp-content\/uploads\/2017\/12\/radio1.jpg 750w, https:\/\/www.polisrecreio.com.br\/site\/wp-content\/uploads\/2017\/12\/radio1-300x200.jpg 300w\" sizes=\"(max-width: 750px) 100vw, 750px\" \/><\/a><figcaption id=\"caption-attachment-8323\" class=\"wp-caption-text\">Prefeito em programa de r\u00e1dio.<\/figcaption><\/figure>\n<p style=\"text-align: justify;\">Confira:<\/p>\n<p style=\"text-align: justify;\">03\/01 \u2013 quarta-feira: Obras, Aposentados, Desenvolvimento Social e Administra\u00e7\u00e3o;<\/p>\n<p style=\"text-align: justify;\">04\/01 \u2013 quinta-feira: Sa\u00fade;<\/p>\n<p style=\"text-align: justify;\">05\/01 \u2013 sexta-feira: Educa\u00e7\u00e3o.<\/p>\n<p style=\"text-align: justify;\"><a href=\"http:\/\/www.polisrecreio.com.br\/site\/wp-content\/uploads\/2017\/12\/radio2.jpg\"><img loading=\"lazy\" class=\"alignleft size-medium wp-image-8324\" src=\"http:\/\/www.polisrecreio.com.br\/site\/wp-content\/uploads\/2017\/12\/radio2-300x200.jpg\" alt=\"radio2\" width=\"300\" height=\"200\" srcset=\"https:\/\/www.polisrecreio.com.br\/site\/wp-content\/uploads\/2017\/12\/radio2-300x200.jpg 300w, https:\/\/www.polisrecreio.com.br\/site\/wp-content\/uploads\/2017\/12\/radio2.jpg 750w\" sizes=\"(max-width: 300px) 100vw, 300px\" \/><\/a>\u201cA manuten\u00e7\u00e3o de pagamentos de servidores p\u00fablicos em dia est\u00e1 complicada em diversos entes governamentais. Tudo isso em decorr\u00eancia da grave crise econ\u00f4mica que assola o pa\u00eds, os estados e que acaba refletindo direto nas cidades. No Estado de Minas Gerais, por exemplo, os servidores que anos anteriores recebiam at\u00e9 o quinto \u00fatil, hoje n\u00e3o tem uma data certa para receber, e ainda h\u00e1 parcelamentos conforme os vencimentos. Em janeiro, Minas vai pagar o sal\u00e1rio de dezembro somente no dia 12 e o 13\u00ba sal\u00e1rio ser\u00e1 dividido em quatro parcelas de janeiro a abril\u201d, disse Z\u00e9 Maria Barros na r\u00e1dio (foto), destacando que a sua equipe administrativa\u00a0tem feito o poss\u00edvel e o imposs\u00edvel para garantir o direito de cada trabalhador. \u201cO 13\u00ba sal\u00e1rio que t\u00ednhamos at\u00e9 o dia 20 de dezembro para quitar foi pago nos dias 13, 14 e 15. J\u00e1 o vencimento referente a dezembro ser\u00e1 pago na primeira semana de janeiro. Conforme a Consolida\u00e7\u00e3o das Leis do Trabalho &#8211; CLT &#8211; todo empregador\u00a0tem at\u00e9 o quinto \u00fatil para efetuar o pagamento de seus funcion\u00e1rios\u201d, concluiu.<\/p>\n<p style=\"text-align: justify;\">O programa da Mundial FM foi conduzido pelo locutor Pierre de Souza.<\/p>\n","protected":false},"excerpt":{"rendered":"<p>Nesta sexta-feira (29), durante programa de r\u00e1dio da emissora Mundial FM 104,9 o prefeito de Recreio, Z\u00e9 Maria Barros, divulgou o cronograma do pagamento dos servidores municipais para os dias 3, 4 e 5.<\/p>\n","protected":false},"author":3,"featured_media":8323,"comment_status":"open","ping_status":"open","sticky":false,"template":"","format":"standard","meta":[],"categories":[6],"tags":[],"yoast_head":"<!-- This site is optimized with the Yoast SEO plugin v15.6.2 - https:\/\/yoast.com\/wordpress\/plugins\/seo\/ -->\n<meta name=\"robots\" content=\"index, follow, max-snippet:-1, max-image-preview:large, max-video-preview:-1\" \/>\n<link rel=\"canonical\" href=\"http:\/\/www.polisrecreio.com.br\/site\/2017\/12\/29\/prefeito-de-recreio-divulga-pagamento-dos-servidores-para-dias-3-4-e-5\/\" \/>\n<meta property=\"og:locale\" content=\"pt_BR\" \/>\n<meta property=\"og:type\" content=\"article\" \/>\n<meta property=\"og:title\" content=\"Prefeito de Recreio divulga pagamento dos servidores para dias 3, 4 e 5 - P\u00f3lis Recreio\" \/>\n<meta property=\"og:description\" content=\"Nesta sexta-feira (29), durante programa de r\u00e1dio da emissora Mundial FM 104,9 o prefeito de Recreio, Z\u00e9 Maria Barros, divulgou o cronograma do pagamento dos servidores municipais para os dias 3, 4 e 5.\" \/>\n<meta property=\"og:url\" content=\"http:\/\/www.polisrecreio.com.br\/site\/2017\/12\/29\/prefeito-de-recreio-divulga-pagamento-dos-servidores-para-dias-3-4-e-5\/\" \/>\n<meta property=\"og:site_name\" content=\"P\u00f3lis Recreio\" \/>\n<meta property=\"article:publisher\" content=\"https:\/\/www.facebook.com\/Site-P%c3%b3lis-Recreio-MG-181941708571019\/\" \/>\n<meta property=\"article:published_time\" content=\"2017-12-29T18:09:39+00:00\" \/>\n<meta property=\"article:modified_time\" content=\"2017-12-29T18:15:56+00:00\" \/>\n<meta property=\"og:image\" content=\"https:\/\/www.polisrecreio.com.br\/site\/wp-content\/uploads\/2017\/12\/radio1.jpg\" \/>\n\t<meta property=\"og:image:width\" content=\"750\" \/>\n\t<meta property=\"og:image:height\" content=\"500\" \/>\n<meta name=\"twitter:card\" content=\"summary_large_image\" \/>\n<meta name=\"twitter:creator\" content=\"@PolisRecreio\" \/>\n<meta name=\"twitter:site\" content=\"@PolisRecreio\" \/>\n<meta name=\"twitter:label1\" content=\"Est. reading time\">\n\t<meta name=\"twitter:data1\" content=\"1 minuto\">\n<script type=\"application\/ld+json\" class=\"yoast-schema-graph\">{\"@context\":\"https:\/\/schema.org\",\"@graph\":[{\"@type\":\"WebSite\",\"@id\":\"https:\/\/www.polisrecreio.com.br\/site\/#website\",\"url\":\"https:\/\/www.polisrecreio.com.br\/site\/\",\"name\":\"P\\u00f3lis Recreio\",\"description\":\"\",\"potentialAction\":[{\"@type\":\"SearchAction\",\"target\":\"https:\/\/www.polisrecreio.com.br\/site\/?s={search_term_string}\",\"query-input\":\"required name=search_term_string\"}],\"inLanguage\":\"pt-BR\"},{\"@type\":\"ImageObject\",\"@id\":\"http:\/\/www.polisrecreio.com.br\/site\/2017\/12\/29\/prefeito-de-recreio-divulga-pagamento-dos-servidores-para-dias-3-4-e-5\/#primaryimage\",\"inLanguage\":\"pt-BR\",\"url\":\"https:\/\/www.polisrecreio.com.br\/site\/wp-content\/uploads\/2017\/12\/radio1.jpg\",\"width\":750,\"height\":500,\"caption\":\"Prefeito em programa de r\\u00e1dio.\"},{\"@type\":\"WebPage\",\"@id\":\"http:\/\/www.polisrecreio.com.br\/site\/2017\/12\/29\/prefeito-de-recreio-divulga-pagamento-dos-servidores-para-dias-3-4-e-5\/#webpage\",\"url\":\"http:\/\/www.polisrecreio.com.br\/site\/2017\/12\/29\/prefeito-de-recreio-divulga-pagamento-dos-servidores-para-dias-3-4-e-5\/\",\"name\":\"Prefeito de Recreio divulga pagamento dos servidores para dias 3, 4 e 5 - P\\u00f3lis Recreio\",\"isPartOf\":{\"@id\":\"https:\/\/www.polisrecreio.com.br\/site\/#website\"},\"primaryImageOfPage\":{\"@id\":\"http:\/\/www.polisrecreio.com.br\/site\/2017\/12\/29\/prefeito-de-recreio-divulga-pagamento-dos-servidores-para-dias-3-4-e-5\/#primaryimage\"},\"datePublished\":\"2017-12-29T18:09:39+00:00\",\"dateModified\":\"2017-12-29T18:15:56+00:00\",\"author\":{\"@id\":\"https:\/\/www.polisrecreio.com.br\/site\/#\/schema\/person\/3363c1c78e1e28e1329d97adb387638e\"},\"inLanguage\":\"pt-BR\",\"potentialAction\":[{\"@type\":\"ReadAction\",\"target\":[\"http:\/\/www.polisrecreio.com.br\/site\/2017\/12\/29\/prefeito-de-recreio-divulga-pagamento-dos-servidores-para-dias-3-4-e-5\/\"]}]},{\"@type\":\"Person\",\"@id\":\"https:\/\/www.polisrecreio.com.br\/site\/#\/schema\/person\/3363c1c78e1e28e1329d97adb387638e\",\"name\":\"Leonardo Ribeiro\",\"image\":{\"@type\":\"ImageObject\",\"@id\":\"https:\/\/www.polisrecreio.com.br\/site\/#personlogo\",\"inLanguage\":\"pt-BR\",\"url\":\"https:\/\/secure.gravatar.com\/avatar\/6ba92a37d621e1a83e23710251178a12?s=96&d=mm&r=g\",\"caption\":\"Leonardo Ribeiro\"},\"sameAs\":[\"http:\/\/www.polisrecreio.com.br\"]}]}<\/script>\n<!-- \/ Yoast SEO plugin. -->","_links":{"self":[{"href":"https:\/\/www.polisrecreio.com.br\/site\/wp-json\/wp\/v2\/posts\/8322"}],"collection":[{"href":"https:\/\/www.polisrecreio.com.br\/site\/wp-json\/wp\/v2\/posts"}],"about":[{"href":"https:\/\/www.polisrecreio.com.br\/site\/wp-json\/wp\/v2\/types\/post"}],"author":[{"embeddable":true,"href":"https:\/\/www.polisrecreio.com.br\/site\/wp-json\/wp\/v2\/users\/3"}],"replies":[{"embeddable":true,"href":"https:\/\/www.polisrecreio.com.br\/site\/wp-json\/wp\/v2\/comments?post=8322"}],"version-history":[{"count":4,"href":"https:\/\/www.polisrecreio.com.br\/site\/wp-json\/wp\/v2\/posts\/8322\/revisions"}],"predecessor-version":[{"id":8328,"href":"https:\/\/www.polisrecreio.com.br\/site\/wp-json\/wp\/v2\/posts\/8322\/revisions\/8328"}],"wp:featuredmedia":[{"embeddable":true,"href":"https:\/\/www.polisrecreio.com.br\/site\/wp-json\/wp\/v2\/media\/8323"}],"wp:attachment":[{"href":"https:\/\/www.polisrecreio.com.br\/site\/wp-json\/wp\/v2\/media?parent=8322"}],"wp:term":[{"taxonomy":"category","embeddable":true,"href":"https:\/\/www.polisrecreio.com.br\/site\/wp-json\/wp\/v2\/categories?post=8322"},{"taxonomy":"post_tag","embeddable":true,"href":"https:\/\/www.polisrecreio.com.br\/site\/wp-json\/wp\/v2\/tags?post=8322"}],"curies":[{"name":"wp","href":"https:\/\/api.w.org\/{rel}","templated":true}]}}