{"id":8510,"date":"2018-01-14T19:18:43","date_gmt":"2018-01-14T22:18:43","guid":{"rendered":"http:\/\/www.polisrecreio.com.br\/site\/?p=8510"},"modified":"2018-01-15T11:02:19","modified_gmt":"2018-01-15T14:02:19","slug":"saae-comunica-rompimento-da-rede-de-agua-e-reparos-serao-feitos-na-segunda-feira-15","status":"publish","type":"post","link":"https:\/\/www.polisrecreio.com.br\/site\/2018\/01\/14\/saae-comunica-rompimento-da-rede-de-agua-e-reparos-serao-feitos-na-segunda-feira-15\/","title":{"rendered":"SAAE comunica rompimento da rede de \u00e1gua e reparos ser\u00e3o feitos na segunda-feira (15)"},"content":{"rendered":"<p style=\"text-align: justify;\">O Servi\u00e7o Aut\u00f4nomo de \u00c1gua e Esgoto \u201cSAAE\u201d de Recreio comunicou o rompimento da rede de \u00e1gua neste domingo (14) pr\u00f3ximo a Cachoeira dos Monos. Os reparos ser\u00e3o feitos logo pela manh\u00e3 desta segunda-feira (15).<\/p>\n<p><!--more--><\/p>\n<p><a href=\"http:\/\/www.polisrecreio.com.br\/site\/wp-content\/uploads\/2018\/01\/saae.jpg\"><img loading=\"lazy\" class=\"aligncenter size-full wp-image-8511\" src=\"http:\/\/www.polisrecreio.com.br\/site\/wp-content\/uploads\/2018\/01\/saae.jpg\" alt=\"\" width=\"750\" height=\"500\" srcset=\"https:\/\/www.polisrecreio.com.br\/site\/wp-content\/uploads\/2018\/01\/saae.jpg 750w, https:\/\/www.polisrecreio.com.br\/site\/wp-content\/uploads\/2018\/01\/saae-300x200.jpg 300w\" sizes=\"(max-width: 750px) 100vw, 750px\" \/><\/a><\/p>\n<p style=\"text-align: justify;\">Segundo informa\u00e7\u00f5es do diretor da autarquia, Jos\u00e9 Augusto de Souza Filho \u201cDutinha\u201d, o problema foi causado por um deslizamento de terra que acabou levando junto alguns tubos da rede. \u201cAmanh\u00e3 cedo a equipe do SAAE com apoio da m\u00e1quina retroescavadeira da Prefeitura Municipal estar\u00e1 no local para a reestrutura\u00e7\u00e3o do sistema de abastecimento\u201d, disse o diretor, lembrando ainda que \u00e9 importante a popula\u00e7\u00e3o economizar at\u00e9 que seja normalizado.<\/p>\n<p style=\"text-align: justify;\">A tubula\u00e7\u00e3o traz a \u00e1gua do manancial, localizado a 2 km da \u00e1rea urbana, na Serra das Virgens, para ser tratada na ETA, instalada no bairro Alto do Asilo, e dali distribu\u00edda para a cidade. O rompimento ocorreu nas proximidades da Cachoeira dos Monos.<\/p>\n","protected":false},"excerpt":{"rendered":"<p>O Servi\u00e7o Aut\u00f4nomo de \u00c1gua e Esgoto \u201cSAAE\u201d de Recreio comunicou o rompimento da rede de \u00e1gua neste domingo (14) pr\u00f3ximo a Cachoeira dos Monos. Os reparos ser\u00e3o feitos logo pela manh\u00e3 desta segunda-feira (15).<\/p>\n","protected":false},"author":3,"featured_media":8511,"comment_status":"open","ping_status":"open","sticky":false,"template":"","format":"standard","meta":[],"categories":[6],"tags":[],"yoast_head":"<!-- This site is optimized with the Yoast SEO plugin v15.6.2 - https:\/\/yoast.com\/wordpress\/plugins\/seo\/ -->\n<meta name=\"robots\" content=\"index, follow, max-snippet:-1, max-image-preview:large, max-video-preview:-1\" \/>\n<link rel=\"canonical\" href=\"https:\/\/www.polisrecreio.com.br\/site\/2018\/01\/14\/saae-comunica-rompimento-da-rede-de-agua-e-reparos-serao-feitos-na-segunda-feira-15\/\" \/>\n<meta property=\"og:locale\" content=\"pt_BR\" \/>\n<meta property=\"og:type\" content=\"article\" \/>\n<meta property=\"og:title\" content=\"SAAE comunica rompimento da rede de \u00e1gua e reparos ser\u00e3o feitos na segunda-feira (15) - P\u00f3lis Recreio\" \/>\n<meta property=\"og:description\" content=\"O Servi\u00e7o Aut\u00f4nomo de \u00c1gua e Esgoto \u201cSAAE\u201d de Recreio comunicou o rompimento da rede de \u00e1gua neste domingo (14) pr\u00f3ximo a Cachoeira dos Monos. Os reparos ser\u00e3o feitos logo pela manh\u00e3 desta segunda-feira (15).\" \/>\n<meta property=\"og:url\" content=\"https:\/\/www.polisrecreio.com.br\/site\/2018\/01\/14\/saae-comunica-rompimento-da-rede-de-agua-e-reparos-serao-feitos-na-segunda-feira-15\/\" \/>\n<meta property=\"og:site_name\" content=\"P\u00f3lis Recreio\" \/>\n<meta property=\"article:publisher\" content=\"https:\/\/www.facebook.com\/Site-P%c3%b3lis-Recreio-MG-181941708571019\/\" \/>\n<meta property=\"article:published_time\" content=\"2018-01-14T22:18:43+00:00\" \/>\n<meta property=\"article:modified_time\" content=\"2018-01-15T14:02:19+00:00\" \/>\n<meta property=\"og:image\" content=\"https:\/\/www.polisrecreio.com.br\/site\/wp-content\/uploads\/2018\/01\/saae.jpg\" \/>\n\t<meta property=\"og:image:width\" content=\"750\" \/>\n\t<meta property=\"og:image:height\" content=\"500\" \/>\n<meta name=\"twitter:card\" content=\"summary_large_image\" \/>\n<meta name=\"twitter:creator\" content=\"@PolisRecreio\" \/>\n<meta name=\"twitter:site\" content=\"@PolisRecreio\" \/>\n<meta name=\"twitter:label1\" content=\"Est. reading time\">\n\t<meta name=\"twitter:data1\" content=\"1 minuto\">\n<script type=\"application\/ld+json\" class=\"yoast-schema-graph\">{\"@context\":\"https:\/\/schema.org\",\"@graph\":[{\"@type\":\"WebSite\",\"@id\":\"https:\/\/www.polisrecreio.com.br\/site\/#website\",\"url\":\"https:\/\/www.polisrecreio.com.br\/site\/\",\"name\":\"P\\u00f3lis Recreio\",\"description\":\"\",\"potentialAction\":[{\"@type\":\"SearchAction\",\"target\":\"https:\/\/www.polisrecreio.com.br\/site\/?s={search_term_string}\",\"query-input\":\"required name=search_term_string\"}],\"inLanguage\":\"pt-BR\"},{\"@type\":\"ImageObject\",\"@id\":\"https:\/\/www.polisrecreio.com.br\/site\/2018\/01\/14\/saae-comunica-rompimento-da-rede-de-agua-e-reparos-serao-feitos-na-segunda-feira-15\/#primaryimage\",\"inLanguage\":\"pt-BR\",\"url\":\"https:\/\/www.polisrecreio.com.br\/site\/wp-content\/uploads\/2018\/01\/saae.jpg\",\"width\":750,\"height\":500},{\"@type\":\"WebPage\",\"@id\":\"https:\/\/www.polisrecreio.com.br\/site\/2018\/01\/14\/saae-comunica-rompimento-da-rede-de-agua-e-reparos-serao-feitos-na-segunda-feira-15\/#webpage\",\"url\":\"https:\/\/www.polisrecreio.com.br\/site\/2018\/01\/14\/saae-comunica-rompimento-da-rede-de-agua-e-reparos-serao-feitos-na-segunda-feira-15\/\",\"name\":\"SAAE comunica rompimento da rede de \\u00e1gua e reparos ser\\u00e3o feitos na segunda-feira (15) - P\\u00f3lis Recreio\",\"isPartOf\":{\"@id\":\"https:\/\/www.polisrecreio.com.br\/site\/#website\"},\"primaryImageOfPage\":{\"@id\":\"https:\/\/www.polisrecreio.com.br\/site\/2018\/01\/14\/saae-comunica-rompimento-da-rede-de-agua-e-reparos-serao-feitos-na-segunda-feira-15\/#primaryimage\"},\"datePublished\":\"2018-01-14T22:18:43+00:00\",\"dateModified\":\"2018-01-15T14:02:19+00:00\",\"author\":{\"@id\":\"https:\/\/www.polisrecreio.com.br\/site\/#\/schema\/person\/3363c1c78e1e28e1329d97adb387638e\"},\"inLanguage\":\"pt-BR\",\"potentialAction\":[{\"@type\":\"ReadAction\",\"target\":[\"https:\/\/www.polisrecreio.com.br\/site\/2018\/01\/14\/saae-comunica-rompimento-da-rede-de-agua-e-reparos-serao-feitos-na-segunda-feira-15\/\"]}]},{\"@type\":\"Person\",\"@id\":\"https:\/\/www.polisrecreio.com.br\/site\/#\/schema\/person\/3363c1c78e1e28e1329d97adb387638e\",\"name\":\"Leonardo Ribeiro\",\"image\":{\"@type\":\"ImageObject\",\"@id\":\"https:\/\/www.polisrecreio.com.br\/site\/#personlogo\",\"inLanguage\":\"pt-BR\",\"url\":\"https:\/\/secure.gravatar.com\/avatar\/6ba92a37d621e1a83e23710251178a12?s=96&d=mm&r=g\",\"caption\":\"Leonardo Ribeiro\"},\"sameAs\":[\"http:\/\/www.polisrecreio.com.br\"]}]}<\/script>\n<!-- \/ Yoast SEO plugin. -->","_links":{"self":[{"href":"https:\/\/www.polisrecreio.com.br\/site\/wp-json\/wp\/v2\/posts\/8510"}],"collection":[{"href":"https:\/\/www.polisrecreio.com.br\/site\/wp-json\/wp\/v2\/posts"}],"about":[{"href":"https:\/\/www.polisrecreio.com.br\/site\/wp-json\/wp\/v2\/types\/post"}],"author":[{"embeddable":true,"href":"https:\/\/www.polisrecreio.com.br\/site\/wp-json\/wp\/v2\/users\/3"}],"replies":[{"embeddable":true,"href":"https:\/\/www.polisrecreio.com.br\/site\/wp-json\/wp\/v2\/comments?post=8510"}],"version-history":[{"count":7,"href":"https:\/\/www.polisrecreio.com.br\/site\/wp-json\/wp\/v2\/posts\/8510\/revisions"}],"predecessor-version":[{"id":8525,"href":"https:\/\/www.polisrecreio.com.br\/site\/wp-json\/wp\/v2\/posts\/8510\/revisions\/8525"}],"wp:featuredmedia":[{"embeddable":true,"href":"https:\/\/www.polisrecreio.com.br\/site\/wp-json\/wp\/v2\/media\/8511"}],"wp:attachment":[{"href":"https:\/\/www.polisrecreio.com.br\/site\/wp-json\/wp\/v2\/media?parent=8510"}],"wp:term":[{"taxonomy":"category","embeddable":true,"href":"https:\/\/www.polisrecreio.com.br\/site\/wp-json\/wp\/v2\/categories?post=8510"},{"taxonomy":"post_tag","embeddable":true,"href":"https:\/\/www.polisrecreio.com.br\/site\/wp-json\/wp\/v2\/tags?post=8510"}],"curies":[{"name":"wp","href":"https:\/\/api.w.org\/{rel}","templated":true}]}}