{"id":8518,"date":"2018-01-15T10:54:25","date_gmt":"2018-01-15T13:54:25","guid":{"rendered":"http:\/\/www.polisrecreio.com.br\/site\/?p=8518"},"modified":"2018-01-15T11:01:37","modified_gmt":"2018-01-15T14:01:37","slug":"equipe-do-saae-trabalha-para-recuperar-rede-de-agua","status":"publish","type":"post","link":"https:\/\/www.polisrecreio.com.br\/site\/2018\/01\/15\/equipe-do-saae-trabalha-para-recuperar-rede-de-agua\/","title":{"rendered":"Equipe do SAAE trabalha para recuperar rede de \u00e1gua"},"content":{"rendered":"<p style=\"text-align: justify;\">Logo pela manh\u00e3 desta segunda-feira (15) a equipe do Servi\u00e7o Aut\u00f4nomo de \u00c1gua e Esgoto \u201cSAAE\u201d de Recreio iniciou os trabalhos para recuperar a rede de \u00e1gua rompida no final de semana devido ao deslizamento de uma encosta pr\u00f3xima a Cachoeira dos Monos.<\/p>\n<p><!--more--><\/p>\n<figure id=\"attachment_8519\" aria-describedby=\"caption-attachment-8519\" style=\"width: 750px\" class=\"wp-caption aligncenter\"><a href=\"http:\/\/www.polisrecreio.com.br\/site\/wp-content\/uploads\/2018\/01\/servi\u00e7o-saae-1.jpg\"><img loading=\"lazy\" class=\"size-full wp-image-8519\" src=\"http:\/\/www.polisrecreio.com.br\/site\/wp-content\/uploads\/2018\/01\/servi\u00e7o-saae-1.jpg\" alt=\"\" width=\"750\" height=\"500\" srcset=\"https:\/\/www.polisrecreio.com.br\/site\/wp-content\/uploads\/2018\/01\/servi\u00e7o-saae-1.jpg 750w, https:\/\/www.polisrecreio.com.br\/site\/wp-content\/uploads\/2018\/01\/servi\u00e7o-saae-1-300x200.jpg 300w\" sizes=\"(max-width: 750px) 100vw, 750px\" \/><\/a><figcaption id=\"caption-attachment-8519\" class=\"wp-caption-text\">Equipe trabalhando para reestruturar rede de \u00e1gua.<\/figcaption><\/figure>\n<p style=\"text-align: justify;\">Por ser uma \u00e1rea de dif\u00edcil acesso a m\u00e1quina retroescavadeira da Prefeitura Municipal n\u00e3o consegue chegar ao local e os servi\u00e7os t\u00eam que ser executados manualmente. A previs\u00e3o \u00e9 que at\u00e9 o final da tarde os tubos danificados sejam trocados. O motivo do deslizamento n\u00e3o foi identificado. Os funcion\u00e1rios desconfiam de vazamento na rede e consequentemente infiltra\u00e7\u00e3o no solo.<\/p>\n<p style=\"text-align: justify;\">A tubula\u00e7\u00e3o traz a \u00e1gua do manancial, localizado a 2 km da \u00e1rea urbana, na Serra das Virgens, para ser tratada na ETA, instalada no bairro Alto do Asilo, e dali distribu\u00edda para a cidade. No momento a Esta\u00e7\u00e3o est\u00e1 trabalhando com apenas 12 l\/seg. atrav\u00e9s da bomba auxiliar do Ribeir\u00e3o do Monos. A vaz\u00e3o natural, vinda do manancial, \u00e9 de 25 l\/seg.<\/p>\n<p style=\"text-align: justify;\">A expectativa \u00e9 que o fornecimento seja normalizado ap\u00f3s \u00e0s 16h desta segunda-feira (15).<\/p>\n<figure id=\"attachment_8520\" aria-describedby=\"caption-attachment-8520\" style=\"width: 750px\" class=\"wp-caption aligncenter\"><a href=\"http:\/\/www.polisrecreio.com.br\/site\/wp-content\/uploads\/2018\/01\/servi\u00e7o-saae.jpg\"><img loading=\"lazy\" class=\"size-full wp-image-8520\" src=\"http:\/\/www.polisrecreio.com.br\/site\/wp-content\/uploads\/2018\/01\/servi\u00e7o-saae.jpg\" alt=\"\" width=\"750\" height=\"500\" srcset=\"https:\/\/www.polisrecreio.com.br\/site\/wp-content\/uploads\/2018\/01\/servi\u00e7o-saae.jpg 750w, https:\/\/www.polisrecreio.com.br\/site\/wp-content\/uploads\/2018\/01\/servi\u00e7o-saae-300x200.jpg 300w\" sizes=\"(max-width: 750px) 100vw, 750px\" \/><\/a><figcaption id=\"caption-attachment-8520\" class=\"wp-caption-text\">Encosta que deslizou.<\/figcaption><\/figure>\n","protected":false},"excerpt":{"rendered":"<p>Logo pela manh\u00e3 desta segunda-feira (15) a equipe do Servi\u00e7o Aut\u00f4nomo de \u00c1gua e Esgoto \u201cSAAE\u201d de Recreio iniciou os trabalhos para recuperar a rede de \u00e1gua rompida no final de semana devido ao deslizamento de uma encosta pr\u00f3xima a Cachoeira dos Monos.<\/p>\n","protected":false},"author":3,"featured_media":8519,"comment_status":"open","ping_status":"open","sticky":false,"template":"","format":"standard","meta":[],"categories":[6],"tags":[],"yoast_head":"<!-- This site is optimized with the Yoast SEO plugin v15.6.2 - https:\/\/yoast.com\/wordpress\/plugins\/seo\/ -->\n<meta name=\"robots\" content=\"index, follow, max-snippet:-1, max-image-preview:large, max-video-preview:-1\" \/>\n<link rel=\"canonical\" href=\"https:\/\/www.polisrecreio.com.br\/site\/2018\/01\/15\/equipe-do-saae-trabalha-para-recuperar-rede-de-agua\/\" \/>\n<meta property=\"og:locale\" content=\"pt_BR\" \/>\n<meta property=\"og:type\" content=\"article\" \/>\n<meta property=\"og:title\" content=\"Equipe do SAAE trabalha para recuperar rede de \u00e1gua - P\u00f3lis Recreio\" \/>\n<meta property=\"og:description\" content=\"Logo pela manh\u00e3 desta segunda-feira (15) a equipe do Servi\u00e7o Aut\u00f4nomo de \u00c1gua e Esgoto \u201cSAAE\u201d de Recreio iniciou os trabalhos para recuperar a rede de \u00e1gua rompida no final de semana devido ao deslizamento de uma encosta pr\u00f3xima a Cachoeira dos Monos.\" \/>\n<meta property=\"og:url\" content=\"https:\/\/www.polisrecreio.com.br\/site\/2018\/01\/15\/equipe-do-saae-trabalha-para-recuperar-rede-de-agua\/\" \/>\n<meta property=\"og:site_name\" content=\"P\u00f3lis Recreio\" \/>\n<meta property=\"article:publisher\" content=\"https:\/\/www.facebook.com\/Site-P%c3%b3lis-Recreio-MG-181941708571019\/\" \/>\n<meta property=\"article:published_time\" content=\"2018-01-15T13:54:25+00:00\" \/>\n<meta property=\"article:modified_time\" content=\"2018-01-15T14:01:37+00:00\" \/>\n<meta property=\"og:image\" content=\"https:\/\/www.polisrecreio.com.br\/site\/wp-content\/uploads\/2018\/01\/servi\u00e7o-saae-1.jpg\" \/>\n\t<meta property=\"og:image:width\" content=\"750\" \/>\n\t<meta property=\"og:image:height\" content=\"500\" \/>\n<meta name=\"twitter:card\" content=\"summary_large_image\" \/>\n<meta name=\"twitter:creator\" content=\"@PolisRecreio\" \/>\n<meta name=\"twitter:site\" content=\"@PolisRecreio\" \/>\n<meta name=\"twitter:label1\" content=\"Est. reading time\">\n\t<meta name=\"twitter:data1\" content=\"1 minuto\">\n<script type=\"application\/ld+json\" class=\"yoast-schema-graph\">{\"@context\":\"https:\/\/schema.org\",\"@graph\":[{\"@type\":\"WebSite\",\"@id\":\"https:\/\/www.polisrecreio.com.br\/site\/#website\",\"url\":\"https:\/\/www.polisrecreio.com.br\/site\/\",\"name\":\"P\\u00f3lis Recreio\",\"description\":\"\",\"potentialAction\":[{\"@type\":\"SearchAction\",\"target\":\"https:\/\/www.polisrecreio.com.br\/site\/?s={search_term_string}\",\"query-input\":\"required name=search_term_string\"}],\"inLanguage\":\"pt-BR\"},{\"@type\":\"ImageObject\",\"@id\":\"https:\/\/www.polisrecreio.com.br\/site\/2018\/01\/15\/equipe-do-saae-trabalha-para-recuperar-rede-de-agua\/#primaryimage\",\"inLanguage\":\"pt-BR\",\"url\":\"https:\/\/www.polisrecreio.com.br\/site\/wp-content\/uploads\/2018\/01\/servi\\u00e7o-saae-1.jpg\",\"width\":750,\"height\":500,\"caption\":\"Equipe trabalhando para reestruturar rede de \\u00e1gua.\"},{\"@type\":\"WebPage\",\"@id\":\"https:\/\/www.polisrecreio.com.br\/site\/2018\/01\/15\/equipe-do-saae-trabalha-para-recuperar-rede-de-agua\/#webpage\",\"url\":\"https:\/\/www.polisrecreio.com.br\/site\/2018\/01\/15\/equipe-do-saae-trabalha-para-recuperar-rede-de-agua\/\",\"name\":\"Equipe do SAAE trabalha para recuperar rede de \\u00e1gua - P\\u00f3lis Recreio\",\"isPartOf\":{\"@id\":\"https:\/\/www.polisrecreio.com.br\/site\/#website\"},\"primaryImageOfPage\":{\"@id\":\"https:\/\/www.polisrecreio.com.br\/site\/2018\/01\/15\/equipe-do-saae-trabalha-para-recuperar-rede-de-agua\/#primaryimage\"},\"datePublished\":\"2018-01-15T13:54:25+00:00\",\"dateModified\":\"2018-01-15T14:01:37+00:00\",\"author\":{\"@id\":\"https:\/\/www.polisrecreio.com.br\/site\/#\/schema\/person\/3363c1c78e1e28e1329d97adb387638e\"},\"inLanguage\":\"pt-BR\",\"potentialAction\":[{\"@type\":\"ReadAction\",\"target\":[\"https:\/\/www.polisrecreio.com.br\/site\/2018\/01\/15\/equipe-do-saae-trabalha-para-recuperar-rede-de-agua\/\"]}]},{\"@type\":\"Person\",\"@id\":\"https:\/\/www.polisrecreio.com.br\/site\/#\/schema\/person\/3363c1c78e1e28e1329d97adb387638e\",\"name\":\"Leonardo Ribeiro\",\"image\":{\"@type\":\"ImageObject\",\"@id\":\"https:\/\/www.polisrecreio.com.br\/site\/#personlogo\",\"inLanguage\":\"pt-BR\",\"url\":\"https:\/\/secure.gravatar.com\/avatar\/6ba92a37d621e1a83e23710251178a12?s=96&d=mm&r=g\",\"caption\":\"Leonardo Ribeiro\"},\"sameAs\":[\"http:\/\/www.polisrecreio.com.br\"]}]}<\/script>\n<!-- \/ Yoast SEO plugin. -->","_links":{"self":[{"href":"https:\/\/www.polisrecreio.com.br\/site\/wp-json\/wp\/v2\/posts\/8518"}],"collection":[{"href":"https:\/\/www.polisrecreio.com.br\/site\/wp-json\/wp\/v2\/posts"}],"about":[{"href":"https:\/\/www.polisrecreio.com.br\/site\/wp-json\/wp\/v2\/types\/post"}],"author":[{"embeddable":true,"href":"https:\/\/www.polisrecreio.com.br\/site\/wp-json\/wp\/v2\/users\/3"}],"replies":[{"embeddable":true,"href":"https:\/\/www.polisrecreio.com.br\/site\/wp-json\/wp\/v2\/comments?post=8518"}],"version-history":[{"count":4,"href":"https:\/\/www.polisrecreio.com.br\/site\/wp-json\/wp\/v2\/posts\/8518\/revisions"}],"predecessor-version":[{"id":8524,"href":"https:\/\/www.polisrecreio.com.br\/site\/wp-json\/wp\/v2\/posts\/8518\/revisions\/8524"}],"wp:featuredmedia":[{"embeddable":true,"href":"https:\/\/www.polisrecreio.com.br\/site\/wp-json\/wp\/v2\/media\/8519"}],"wp:attachment":[{"href":"https:\/\/www.polisrecreio.com.br\/site\/wp-json\/wp\/v2\/media?parent=8518"}],"wp:term":[{"taxonomy":"category","embeddable":true,"href":"https:\/\/www.polisrecreio.com.br\/site\/wp-json\/wp\/v2\/categories?post=8518"},{"taxonomy":"post_tag","embeddable":true,"href":"https:\/\/www.polisrecreio.com.br\/site\/wp-json\/wp\/v2\/tags?post=8518"}],"curies":[{"name":"wp","href":"https:\/\/api.w.org\/{rel}","templated":true}]}}