{"id":8526,"date":"2018-01-15T15:46:12","date_gmt":"2018-01-15T18:46:12","guid":{"rendered":"http:\/\/www.polisrecreio.com.br\/site\/?p=8526"},"modified":"2018-01-15T15:50:16","modified_gmt":"2018-01-15T18:50:16","slug":"cobertura-vacinal-de-febre-amarela-atingiu-76-em-recreio","status":"publish","type":"post","link":"https:\/\/www.polisrecreio.com.br\/site\/2018\/01\/15\/cobertura-vacinal-de-febre-amarela-atingiu-76-em-recreio\/","title":{"rendered":"Cobertura vacinal de febre amarela atingiu 76% em Recreio"},"content":{"rendered":"<p style=\"text-align: justify;\">Segundo dados apresentados pela Secretaria de Estado de Sa\u00fade de Minas Gerais o munic\u00edpio de Recreio atingiu 76% de cobertura vacinal de febre amarela em 2017.\u00a0Atualmente, a cobertura em Minas Gerais est\u00e1 em torno de 81%, contudo a meta \u00e9 alcan\u00e7ar 95%.<\/p>\n<p><!--more--><\/p>\n<p><a href=\"http:\/\/www.polisrecreio.com.br\/site\/wp-content\/uploads\/2018\/01\/jn-omsfebreamarela_20170204194230.jpg\"><img loading=\"lazy\" class=\"aligncenter size-full wp-image-8527\" src=\"http:\/\/www.polisrecreio.com.br\/site\/wp-content\/uploads\/2018\/01\/jn-omsfebreamarela_20170204194230.jpg\" alt=\"\" width=\"750\" height=\"563\" srcset=\"https:\/\/www.polisrecreio.com.br\/site\/wp-content\/uploads\/2018\/01\/jn-omsfebreamarela_20170204194230.jpg 750w, https:\/\/www.polisrecreio.com.br\/site\/wp-content\/uploads\/2018\/01\/jn-omsfebreamarela_20170204194230-300x225.jpg 300w\" sizes=\"(max-width: 750px) 100vw, 750px\" \/><\/a><\/p>\n<p style=\"text-align: justify;\">Minas j\u00e1 contabiliza mais de 10 mortes de ser humanos devido a doen\u00e7a em diferentes regi\u00f5es do Estado, entre elas na zona da mata. Duas cidades localizadas a pouco mais de 100 km de Recreio j\u00e1 tem dois \u00f3bitos confirmados, em Mar de Espanha e em Goian\u00e1.<\/p>\n<p style=\"text-align: justify;\">A Secretaria Municipal de Sa\u00fade lembra que a \u00fanica forma de evitar a doen\u00e7a \u00e9 com a vacina\u00e7\u00e3o. As unidades de sa\u00fade \u2013 UBS, tanto de Recreio como dos distritos, funcionam de 7h \u00e0s 16h, e as vacina\u00e7\u00f5es est\u00e3o sendo realizadas normalmente para a popula\u00e7\u00e3o que ainda n\u00e3o foi imunizada. Para saber se voc\u00ea est\u00e1 em dia basta levar o seu cart\u00e3o de vacina at\u00e9 a UBS. Caso tenha perdido o cart\u00e3o dever\u00e1 ir at\u00e9 a unidade e solicitar uma pesquisa sobre a sua situa\u00e7\u00e3o.<\/p>\n<p style=\"text-align: justify;\">Os dados da Secretaria Estadual apresentaram que 2.463 pessoas ainda n\u00e3o foram imunizadas.<\/p>\n<p><strong>A doen\u00e7a<\/strong><\/p>\n<p>\u00c9 uma doen\u00e7a infecciosa febril aguda, causada por um arbov\u00edrus (v\u00edrus transmitido por artr\u00f3podes), que pode levar \u00e0 morte em cerca de uma semana, se n\u00e3o for tratada rapidamente. Os casos de febre amarela no Brasil s\u00e3o classificados como febre amarela silvestre ou febre amarela urbana, sendo que o v\u00edrus transmitido \u00e9 o mesmo, assim como a doen\u00e7a que se manifesta nos dois casos, a diferen\u00e7a entre elas \u00e9 o mosquito vetor envolvido na transmiss\u00e3o.<\/p>\n<p>Na febre amarela silvestre, os mosquitos dos g\u00eaneros Haemagogus e Sabethes transmitem o v\u00edrus e os macacos s\u00e3o os principais hospedeiros; nessa situa\u00e7\u00e3o, os casos humanos ocorrem quando uma pessoa n\u00e3o vacinada adentra uma \u00e1rea silvestre e \u00e9 picada por mosquito contaminado. Na febre amarela urbana o v\u00edrus \u00e9 transmitido pelos mosquitos Aedes aegypti ao homem, mas esta n\u00e3o \u00e9 registrada no Brasil desde 1942.<\/p>\n<p style=\"text-align: justify;\"><strong>Sintomas<\/strong><\/p>\n<p style=\"text-align: justify;\">Os sintomas iniciais incluem febre de in\u00edcio s\u00fabito, calafrios, dor de cabe\u00e7a, dores nas costas, dores no corpo em geral, n\u00e1useas e v\u00f4mitos, fadiga e fraqueza. Em casos graves, a pessoa pode desenvolver febre alta, icter\u00edcia (colora\u00e7\u00e3o amarelada da pele e do branco dos olhos), hemorragia e, eventualmente, choque e insufici\u00eancia de m\u00faltiplos \u00f3rg\u00e3os. Cerca de 20-50% das pessoas que desenvolvem doen\u00e7a grave podem morrer.<\/p>\n<p style=\"text-align: justify;\">Depois de identificar alguns dos sintomas, procure um m\u00e9dico na unidade de sa\u00fade mais pr\u00f3xima e informe sobre qualquer viagem para \u00e1reas de risco nos 15 dias anteriores ao in\u00edcio dos sintomas e se voc\u00ea observou mortandade de macacos pr\u00f3ximo aos lugares que voc\u00ea visitou.\u00a0 Informe, ainda, se voc\u00ea tomou a vacina contra a febre amarela, e a data.<\/p>\n<p style=\"text-align: justify;\"><strong>Tratamento<\/strong><\/p>\n<p style=\"text-align: justify;\">N\u00e3o h\u00e1 nenhum tratamento espec\u00edfico contra a doen\u00e7a. O m\u00e9dico deve tratar os sintomas, como as dores no corpo e cabe\u00e7a, com analg\u00e9sicos e antit\u00e9rmicos. Salicilatos devem ser evitados (AAS e Aspirina), j\u00e1 que seu uso pode favorecer o aparecimento de manifesta\u00e7\u00f5es hemorr\u00e1gicas. O m\u00e9dico deve estar alerta para quaisquer indica\u00e7\u00f5es de um agravamento do quadro cl\u00ednico.<\/p>\n<p style=\"text-align: justify;\">Importante: Somente um m\u00e9dico \u00e9 capaz de diagnosticar e tratar corretamente a doen\u00e7a.<\/p>\n<p style=\"text-align: justify;\"><strong>Como evitar<\/strong><\/p>\n<p style=\"text-align: justify;\">A \u00fanica forma de evitar a febre amarela \u00e9 atrav\u00e9s da vacina\u00e7\u00e3o.<\/p>\n","protected":false},"excerpt":{"rendered":"<p>Segundo dados apresentados pela Secretaria de Estado de Sa\u00fade de Minas Gerais o munic\u00edpio de Recreio atingiu 76% de cobertura vacinal de febre amarela em 2017.\u00a0Atualmente, a cobertura em Minas Gerais est\u00e1 em torno de 81%, contudo a meta \u00e9 alcan\u00e7ar 95%.<\/p>\n","protected":false},"author":3,"featured_media":8527,"comment_status":"open","ping_status":"open","sticky":false,"template":"","format":"standard","meta":[],"categories":[7],"tags":[],"yoast_head":"<!-- This site is optimized with the Yoast SEO plugin v15.6.2 - https:\/\/yoast.com\/wordpress\/plugins\/seo\/ -->\n<meta name=\"robots\" content=\"index, follow, max-snippet:-1, max-image-preview:large, max-video-preview:-1\" \/>\n<link rel=\"canonical\" href=\"https:\/\/www.polisrecreio.com.br\/site\/2018\/01\/15\/cobertura-vacinal-de-febre-amarela-atingiu-76-em-recreio\/\" \/>\n<meta property=\"og:locale\" content=\"pt_BR\" \/>\n<meta property=\"og:type\" content=\"article\" \/>\n<meta property=\"og:title\" content=\"Cobertura vacinal de febre amarela atingiu 76% em Recreio - P\u00f3lis Recreio\" \/>\n<meta property=\"og:description\" content=\"Segundo dados apresentados pela Secretaria de Estado de Sa\u00fade de Minas Gerais o munic\u00edpio de Recreio atingiu 76% de cobertura vacinal de febre amarela em 2017.\u00a0Atualmente, a cobertura em Minas Gerais est\u00e1 em torno de 81%, contudo a meta \u00e9 alcan\u00e7ar 95%.\" \/>\n<meta property=\"og:url\" content=\"https:\/\/www.polisrecreio.com.br\/site\/2018\/01\/15\/cobertura-vacinal-de-febre-amarela-atingiu-76-em-recreio\/\" \/>\n<meta property=\"og:site_name\" content=\"P\u00f3lis Recreio\" \/>\n<meta property=\"article:publisher\" content=\"https:\/\/www.facebook.com\/Site-P%c3%b3lis-Recreio-MG-181941708571019\/\" \/>\n<meta property=\"article:published_time\" content=\"2018-01-15T18:46:12+00:00\" \/>\n<meta property=\"article:modified_time\" content=\"2018-01-15T18:50:16+00:00\" \/>\n<meta property=\"og:image\" content=\"https:\/\/www.polisrecreio.com.br\/site\/wp-content\/uploads\/2018\/01\/jn-omsfebreamarela_20170204194230.jpg\" \/>\n\t<meta property=\"og:image:width\" content=\"750\" \/>\n\t<meta property=\"og:image:height\" content=\"563\" \/>\n<meta name=\"twitter:card\" content=\"summary_large_image\" \/>\n<meta name=\"twitter:creator\" content=\"@PolisRecreio\" \/>\n<meta name=\"twitter:site\" content=\"@PolisRecreio\" \/>\n<meta name=\"twitter:label1\" content=\"Est. reading time\">\n\t<meta name=\"twitter:data1\" content=\"3 minutos\">\n<script type=\"application\/ld+json\" class=\"yoast-schema-graph\">{\"@context\":\"https:\/\/schema.org\",\"@graph\":[{\"@type\":\"WebSite\",\"@id\":\"https:\/\/www.polisrecreio.com.br\/site\/#website\",\"url\":\"https:\/\/www.polisrecreio.com.br\/site\/\",\"name\":\"P\\u00f3lis Recreio\",\"description\":\"\",\"potentialAction\":[{\"@type\":\"SearchAction\",\"target\":\"https:\/\/www.polisrecreio.com.br\/site\/?s={search_term_string}\",\"query-input\":\"required name=search_term_string\"}],\"inLanguage\":\"pt-BR\"},{\"@type\":\"ImageObject\",\"@id\":\"https:\/\/www.polisrecreio.com.br\/site\/2018\/01\/15\/cobertura-vacinal-de-febre-amarela-atingiu-76-em-recreio\/#primaryimage\",\"inLanguage\":\"pt-BR\",\"url\":\"https:\/\/www.polisrecreio.com.br\/site\/wp-content\/uploads\/2018\/01\/jn-omsfebreamarela_20170204194230.jpg\",\"width\":750,\"height\":563},{\"@type\":\"WebPage\",\"@id\":\"https:\/\/www.polisrecreio.com.br\/site\/2018\/01\/15\/cobertura-vacinal-de-febre-amarela-atingiu-76-em-recreio\/#webpage\",\"url\":\"https:\/\/www.polisrecreio.com.br\/site\/2018\/01\/15\/cobertura-vacinal-de-febre-amarela-atingiu-76-em-recreio\/\",\"name\":\"Cobertura vacinal de febre amarela atingiu 76% em Recreio - P\\u00f3lis Recreio\",\"isPartOf\":{\"@id\":\"https:\/\/www.polisrecreio.com.br\/site\/#website\"},\"primaryImageOfPage\":{\"@id\":\"https:\/\/www.polisrecreio.com.br\/site\/2018\/01\/15\/cobertura-vacinal-de-febre-amarela-atingiu-76-em-recreio\/#primaryimage\"},\"datePublished\":\"2018-01-15T18:46:12+00:00\",\"dateModified\":\"2018-01-15T18:50:16+00:00\",\"author\":{\"@id\":\"https:\/\/www.polisrecreio.com.br\/site\/#\/schema\/person\/3363c1c78e1e28e1329d97adb387638e\"},\"inLanguage\":\"pt-BR\",\"potentialAction\":[{\"@type\":\"ReadAction\",\"target\":[\"https:\/\/www.polisrecreio.com.br\/site\/2018\/01\/15\/cobertura-vacinal-de-febre-amarela-atingiu-76-em-recreio\/\"]}]},{\"@type\":\"Person\",\"@id\":\"https:\/\/www.polisrecreio.com.br\/site\/#\/schema\/person\/3363c1c78e1e28e1329d97adb387638e\",\"name\":\"Leonardo Ribeiro\",\"image\":{\"@type\":\"ImageObject\",\"@id\":\"https:\/\/www.polisrecreio.com.br\/site\/#personlogo\",\"inLanguage\":\"pt-BR\",\"url\":\"https:\/\/secure.gravatar.com\/avatar\/6ba92a37d621e1a83e23710251178a12?s=96&d=mm&r=g\",\"caption\":\"Leonardo Ribeiro\"},\"sameAs\":[\"http:\/\/www.polisrecreio.com.br\"]}]}<\/script>\n<!-- \/ Yoast SEO plugin. -->","_links":{"self":[{"href":"https:\/\/www.polisrecreio.com.br\/site\/wp-json\/wp\/v2\/posts\/8526"}],"collection":[{"href":"https:\/\/www.polisrecreio.com.br\/site\/wp-json\/wp\/v2\/posts"}],"about":[{"href":"https:\/\/www.polisrecreio.com.br\/site\/wp-json\/wp\/v2\/types\/post"}],"author":[{"embeddable":true,"href":"https:\/\/www.polisrecreio.com.br\/site\/wp-json\/wp\/v2\/users\/3"}],"replies":[{"embeddable":true,"href":"https:\/\/www.polisrecreio.com.br\/site\/wp-json\/wp\/v2\/comments?post=8526"}],"version-history":[{"count":3,"href":"https:\/\/www.polisrecreio.com.br\/site\/wp-json\/wp\/v2\/posts\/8526\/revisions"}],"predecessor-version":[{"id":8530,"href":"https:\/\/www.polisrecreio.com.br\/site\/wp-json\/wp\/v2\/posts\/8526\/revisions\/8530"}],"wp:featuredmedia":[{"embeddable":true,"href":"https:\/\/www.polisrecreio.com.br\/site\/wp-json\/wp\/v2\/media\/8527"}],"wp:attachment":[{"href":"https:\/\/www.polisrecreio.com.br\/site\/wp-json\/wp\/v2\/media?parent=8526"}],"wp:term":[{"taxonomy":"category","embeddable":true,"href":"https:\/\/www.polisrecreio.com.br\/site\/wp-json\/wp\/v2\/categories?post=8526"},{"taxonomy":"post_tag","embeddable":true,"href":"https:\/\/www.polisrecreio.com.br\/site\/wp-json\/wp\/v2\/tags?post=8526"}],"curies":[{"name":"wp","href":"https:\/\/api.w.org\/{rel}","templated":true}]}}