{"id":8531,"date":"2018-01-15T17:50:12","date_gmt":"2018-01-15T20:50:12","guid":{"rendered":"http:\/\/www.polisrecreio.com.br\/site\/?p=8531"},"modified":"2018-01-15T17:56:05","modified_gmt":"2018-01-15T20:56:05","slug":"saae-encerra-reparos-na-rede-e-abastecimento-deve-ser-normalizado-a-partir-das-21h","status":"publish","type":"post","link":"https:\/\/www.polisrecreio.com.br\/site\/2018\/01\/15\/saae-encerra-reparos-na-rede-e-abastecimento-deve-ser-normalizado-a-partir-das-21h\/","title":{"rendered":"SAAE encerra reparos na rede e abastecimento deve ser normalizado a partir das 21h"},"content":{"rendered":"<p style=\"text-align: justify;\">A equipe do SAAE encerrou os reparos na rede de \u00e1gua rompida devido a um deslizamento de encosta em uma \u00e1rea de dif\u00edcil acesso pr\u00f3xima a Cachoeira dos Monos. Cinco tubos foram trocados. O abastecimento de \u00e1gua na cidade deve ser normalizado a partir das 21h.<\/p>\n<p><!--more--><\/p>\n<figure id=\"attachment_8532\" aria-describedby=\"caption-attachment-8532\" style=\"width: 750px\" class=\"wp-caption aligncenter\"><a href=\"http:\/\/www.polisrecreio.com.br\/site\/wp-content\/uploads\/2018\/01\/DSC_0295.jpg\"><img loading=\"lazy\" class=\"size-full wp-image-8532\" src=\"http:\/\/www.polisrecreio.com.br\/site\/wp-content\/uploads\/2018\/01\/DSC_0295.jpg\" alt=\"\" width=\"750\" height=\"500\" srcset=\"https:\/\/www.polisrecreio.com.br\/site\/wp-content\/uploads\/2018\/01\/DSC_0295.jpg 750w, https:\/\/www.polisrecreio.com.br\/site\/wp-content\/uploads\/2018\/01\/DSC_0295-300x200.jpg 300w\" sizes=\"(max-width: 750px) 100vw, 750px\" \/><\/a><figcaption id=\"caption-attachment-8532\" class=\"wp-caption-text\">Local do deslizamento.<\/figcaption><\/figure>\n<p style=\"text-align: justify;\">Segundo os funcion\u00e1rios que passaram a segunda-feira (15) no local, os trabalhos foram complexos e arriscados devido \u00e0 localiza\u00e7\u00e3o da rede constru\u00edda h\u00e1 50 anos. Tudo feito manualmente, pois, n\u00e3o havia acesso para a m\u00e1quina retroescavadeira da Prefeitura Municipal chegar at\u00e9 l\u00e1.<\/p>\n<p style=\"text-align: justify;\">Ao todo foram reestruturados 30 metros de rede. Logo ap\u00f3s a finaliza\u00e7\u00e3o dos servi\u00e7os a \u00e1gua do manancial, localizado na Serra das Virgens, a 2 km da \u00e1rea urbana, foi liberada para o tratamento na ETA. A previs\u00e3o do SAAE \u00e9 que o abastecimento seja normalizado a partir das 21h.<\/p>\n","protected":false},"excerpt":{"rendered":"<p>A equipe do SAAE encerrou os reparos na rede de \u00e1gua rompida devido a um deslizamento de encosta em uma \u00e1rea de dif\u00edcil acesso pr\u00f3xima a Cachoeira dos Monos. Cinco tubos foram trocados. O abastecimento de \u00e1gua na cidade deve ser normalizado a partir das 21h.<\/p>\n","protected":false},"author":3,"featured_media":8532,"comment_status":"open","ping_status":"open","sticky":false,"template":"","format":"standard","meta":[],"categories":[6],"tags":[],"yoast_head":"<!-- This site is optimized with the Yoast SEO plugin v15.6.2 - https:\/\/yoast.com\/wordpress\/plugins\/seo\/ -->\n<meta name=\"robots\" content=\"index, follow, max-snippet:-1, max-image-preview:large, max-video-preview:-1\" \/>\n<link rel=\"canonical\" href=\"http:\/\/www.polisrecreio.com.br\/site\/2018\/01\/15\/saae-encerra-reparos-na-rede-e-abastecimento-deve-ser-normalizado-a-partir-das-21h\/\" \/>\n<meta property=\"og:locale\" content=\"pt_BR\" \/>\n<meta property=\"og:type\" content=\"article\" \/>\n<meta property=\"og:title\" content=\"SAAE encerra reparos na rede e abastecimento deve ser normalizado a partir das 21h - P\u00f3lis Recreio\" \/>\n<meta property=\"og:description\" content=\"A equipe do SAAE encerrou os reparos na rede de \u00e1gua rompida devido a um deslizamento de encosta em uma \u00e1rea de dif\u00edcil acesso pr\u00f3xima a Cachoeira dos Monos. Cinco tubos foram trocados. O abastecimento de \u00e1gua na cidade deve ser normalizado a partir das 21h.\" \/>\n<meta property=\"og:url\" content=\"http:\/\/www.polisrecreio.com.br\/site\/2018\/01\/15\/saae-encerra-reparos-na-rede-e-abastecimento-deve-ser-normalizado-a-partir-das-21h\/\" \/>\n<meta property=\"og:site_name\" content=\"P\u00f3lis Recreio\" \/>\n<meta property=\"article:publisher\" content=\"https:\/\/www.facebook.com\/Site-P%c3%b3lis-Recreio-MG-181941708571019\/\" \/>\n<meta property=\"article:published_time\" content=\"2018-01-15T20:50:12+00:00\" \/>\n<meta property=\"article:modified_time\" content=\"2018-01-15T20:56:05+00:00\" \/>\n<meta property=\"og:image\" content=\"https:\/\/www.polisrecreio.com.br\/site\/wp-content\/uploads\/2018\/01\/DSC_0295.jpg\" \/>\n\t<meta property=\"og:image:width\" content=\"750\" \/>\n\t<meta property=\"og:image:height\" content=\"500\" \/>\n<meta name=\"twitter:card\" content=\"summary_large_image\" \/>\n<meta name=\"twitter:creator\" content=\"@PolisRecreio\" \/>\n<meta name=\"twitter:site\" content=\"@PolisRecreio\" \/>\n<meta name=\"twitter:label1\" content=\"Est. reading time\">\n\t<meta name=\"twitter:data1\" content=\"1 minuto\">\n<script type=\"application\/ld+json\" class=\"yoast-schema-graph\">{\"@context\":\"https:\/\/schema.org\",\"@graph\":[{\"@type\":\"WebSite\",\"@id\":\"https:\/\/www.polisrecreio.com.br\/site\/#website\",\"url\":\"https:\/\/www.polisrecreio.com.br\/site\/\",\"name\":\"P\\u00f3lis Recreio\",\"description\":\"\",\"potentialAction\":[{\"@type\":\"SearchAction\",\"target\":\"https:\/\/www.polisrecreio.com.br\/site\/?s={search_term_string}\",\"query-input\":\"required name=search_term_string\"}],\"inLanguage\":\"pt-BR\"},{\"@type\":\"ImageObject\",\"@id\":\"http:\/\/www.polisrecreio.com.br\/site\/2018\/01\/15\/saae-encerra-reparos-na-rede-e-abastecimento-deve-ser-normalizado-a-partir-das-21h\/#primaryimage\",\"inLanguage\":\"pt-BR\",\"url\":\"https:\/\/www.polisrecreio.com.br\/site\/wp-content\/uploads\/2018\/01\/DSC_0295.jpg\",\"width\":750,\"height\":500,\"caption\":\"Local do deslizamento.\"},{\"@type\":\"WebPage\",\"@id\":\"http:\/\/www.polisrecreio.com.br\/site\/2018\/01\/15\/saae-encerra-reparos-na-rede-e-abastecimento-deve-ser-normalizado-a-partir-das-21h\/#webpage\",\"url\":\"http:\/\/www.polisrecreio.com.br\/site\/2018\/01\/15\/saae-encerra-reparos-na-rede-e-abastecimento-deve-ser-normalizado-a-partir-das-21h\/\",\"name\":\"SAAE encerra reparos na rede e abastecimento deve ser normalizado a partir das 21h - P\\u00f3lis Recreio\",\"isPartOf\":{\"@id\":\"https:\/\/www.polisrecreio.com.br\/site\/#website\"},\"primaryImageOfPage\":{\"@id\":\"http:\/\/www.polisrecreio.com.br\/site\/2018\/01\/15\/saae-encerra-reparos-na-rede-e-abastecimento-deve-ser-normalizado-a-partir-das-21h\/#primaryimage\"},\"datePublished\":\"2018-01-15T20:50:12+00:00\",\"dateModified\":\"2018-01-15T20:56:05+00:00\",\"author\":{\"@id\":\"https:\/\/www.polisrecreio.com.br\/site\/#\/schema\/person\/3363c1c78e1e28e1329d97adb387638e\"},\"inLanguage\":\"pt-BR\",\"potentialAction\":[{\"@type\":\"ReadAction\",\"target\":[\"http:\/\/www.polisrecreio.com.br\/site\/2018\/01\/15\/saae-encerra-reparos-na-rede-e-abastecimento-deve-ser-normalizado-a-partir-das-21h\/\"]}]},{\"@type\":\"Person\",\"@id\":\"https:\/\/www.polisrecreio.com.br\/site\/#\/schema\/person\/3363c1c78e1e28e1329d97adb387638e\",\"name\":\"Leonardo Ribeiro\",\"image\":{\"@type\":\"ImageObject\",\"@id\":\"https:\/\/www.polisrecreio.com.br\/site\/#personlogo\",\"inLanguage\":\"pt-BR\",\"url\":\"https:\/\/secure.gravatar.com\/avatar\/6ba92a37d621e1a83e23710251178a12?s=96&d=mm&r=g\",\"caption\":\"Leonardo Ribeiro\"},\"sameAs\":[\"http:\/\/www.polisrecreio.com.br\"]}]}<\/script>\n<!-- \/ Yoast SEO plugin. -->","_links":{"self":[{"href":"https:\/\/www.polisrecreio.com.br\/site\/wp-json\/wp\/v2\/posts\/8531"}],"collection":[{"href":"https:\/\/www.polisrecreio.com.br\/site\/wp-json\/wp\/v2\/posts"}],"about":[{"href":"https:\/\/www.polisrecreio.com.br\/site\/wp-json\/wp\/v2\/types\/post"}],"author":[{"embeddable":true,"href":"https:\/\/www.polisrecreio.com.br\/site\/wp-json\/wp\/v2\/users\/3"}],"replies":[{"embeddable":true,"href":"https:\/\/www.polisrecreio.com.br\/site\/wp-json\/wp\/v2\/comments?post=8531"}],"version-history":[{"count":5,"href":"https:\/\/www.polisrecreio.com.br\/site\/wp-json\/wp\/v2\/posts\/8531\/revisions"}],"predecessor-version":[{"id":8537,"href":"https:\/\/www.polisrecreio.com.br\/site\/wp-json\/wp\/v2\/posts\/8531\/revisions\/8537"}],"wp:featuredmedia":[{"embeddable":true,"href":"https:\/\/www.polisrecreio.com.br\/site\/wp-json\/wp\/v2\/media\/8532"}],"wp:attachment":[{"href":"https:\/\/www.polisrecreio.com.br\/site\/wp-json\/wp\/v2\/media?parent=8531"}],"wp:term":[{"taxonomy":"category","embeddable":true,"href":"https:\/\/www.polisrecreio.com.br\/site\/wp-json\/wp\/v2\/categories?post=8531"},{"taxonomy":"post_tag","embeddable":true,"href":"https:\/\/www.polisrecreio.com.br\/site\/wp-json\/wp\/v2\/tags?post=8531"}],"curies":[{"name":"wp","href":"https:\/\/api.w.org\/{rel}","templated":true}]}}