{"id":8883,"date":"2018-02-15T19:33:58","date_gmt":"2018-02-15T22:33:58","guid":{"rendered":"http:\/\/www.polisrecreio.com.br\/site\/?p=8883"},"modified":"2018-02-15T19:36:13","modified_gmt":"2018-02-15T22:36:13","slug":"familia-de-laranjal-pede-ajuda-para-cirurgia-de-filha-de-6-meses","status":"publish","type":"post","link":"https:\/\/www.polisrecreio.com.br\/site\/2018\/02\/15\/familia-de-laranjal-pede-ajuda-para-cirurgia-de-filha-de-6-meses\/","title":{"rendered":"Fam\u00edlia de Laranjal pede ajuda para cirurgia de filha de 6 meses"},"content":{"rendered":"<p style=\"text-align: justify;\">Uma fam\u00edlia que reside na Vila de S\u00e3o Jo\u00e3o da Sapucaia, distrito de Laranjal, a 38 km de Recreio, est\u00e1 pedindo ajuda para arrecadar recursos para a cirurgia da filha de apenas 6 meses. A pequena Isabelly precisa passar por diversos procedimentos que podem chegar at\u00e9 R$ 40 mil. No domingo (18) um evento ser\u00e1 realizado no Parque de Exposi\u00e7\u00f5es de Laranjal, a partir das 8h, com objetivo de angariar fundos.<\/p>\n<p><!--more--><\/p>\n<figure id=\"attachment_8884\" aria-describedby=\"caption-attachment-8884\" style=\"width: 900px\" class=\"wp-caption aligncenter\"><a href=\"http:\/\/www.polisrecreio.com.br\/site\/wp-content\/uploads\/2018\/02\/cef369d6d14d4f2d943f22e87ba0cf9a.jpg\"><img loading=\"lazy\" class=\"size-full wp-image-8884\" src=\"http:\/\/www.polisrecreio.com.br\/site\/wp-content\/uploads\/2018\/02\/cef369d6d14d4f2d943f22e87ba0cf9a.jpg\" alt=\"\" width=\"900\" height=\"500\" srcset=\"https:\/\/www.polisrecreio.com.br\/site\/wp-content\/uploads\/2018\/02\/cef369d6d14d4f2d943f22e87ba0cf9a.jpg 900w, https:\/\/www.polisrecreio.com.br\/site\/wp-content\/uploads\/2018\/02\/cef369d6d14d4f2d943f22e87ba0cf9a-300x167.jpg 300w, https:\/\/www.polisrecreio.com.br\/site\/wp-content\/uploads\/2018\/02\/cef369d6d14d4f2d943f22e87ba0cf9a-768x427.jpg 768w\" sizes=\"(max-width: 900px) 100vw, 900px\" \/><\/a><figcaption id=\"caption-attachment-8884\" class=\"wp-caption-text\">Fam\u00edlia de Jussandra e Carlos Alexandre. Foto: Facebook.<\/figcaption><\/figure>\n<p style=\"text-align: justify;\">Isabelly \u00e9 g\u00eamea de Nicolly, elas nasceram no dia 9 de agosto. Os pais, Jussandra dos Santos Fernandes Lancini, de 34 anos, e Carlos Alexandre Lancini, de 36 anos, descobriram dois dias ap\u00f3s o nascimento que Isabelly tem m\u00e1 forma\u00e7\u00e3o de intestino, \u00e2nus imperfurado e persist\u00eancia de cloaca. Segundo reportagem de O Vigilante Online, a m\u00e3e contou que no quarto dia de vida a g\u00eamea passou por uma opera\u00e7\u00e3o de colostomia em Juiz de Fora, no Hospital Jo\u00e3o Penido. Os m\u00e9dicos disseram aos pais que devido aos problemas, Isabelly precisaria passar por 3 ou 4 cirurgias corretivas. \u201cMinha filha tem que fazer a corre\u00e7\u00e3o no canal da uretra e passar por avalia\u00e7\u00f5es para se saber quais os outros procedimentos ser\u00e3o adotados\u201d, disse Jussandra, esclarecendo que \u201cas cirurgias podem ser feitas em Juiz de Fora, no Hospital Albert Sabin, por\u00e9m teremos que pagar por elas\u201d.<\/p>\n<p style=\"text-align: justify;\">Para conseguir atrav\u00e9s do SUS \u2013 Sistema \u00danico de Sa\u00fade \u2013 a fam\u00edlia teria que ingressar na Justi\u00e7a. Procuraram a Prefeitura de Laranjal e a Secretaria de Sa\u00fade do Munic\u00edpio, mas, o caminho seria o mesmo, a Justi\u00e7a, o que demoraria.<\/p>\n<p style=\"text-align: justify;\">Al\u00e9m da g\u00eameas, Jussandra e Carlos Alexandre, tem mais um casal de filhos: Alexandre, de 8 anos, e, Emily, de 6 anos. A m\u00e3e \u00e9 costureira, por\u00e9m, n\u00e3o tem como trabalhar, pois, tem que cuidar das crian\u00e7as. O pai \u00e9 caminhoneiro.<\/p>\n<p style=\"text-align: justify;\">A fam\u00edlia aguarda o contato do m\u00e9dico informando o dia da cirurgia, mas, os custos preocupam os pais. A estimativa \u00e9 que sejam necess\u00e1rios de R$ 30 mil a R$ 40 mil, somados cirurgias e interna\u00e7\u00e3o, ou seja, a parte do Hospital.<\/p>\n<p style=\"text-align: justify;\">A comunidade da Vila de S\u00e3o Jo\u00e3o da Sapucaia vai realizar um almo\u00e7o beneficente com cavalgada no dia 25 de fevereiro, \u00e0s 11h, no distrito. E, no pr\u00f3ximo domingo (18), um grupo de amigos, dentre eles os senhores Ant\u00f4nio Augusto Fernandes, Maguinho e sargento Freitas, est\u00e3o organizando um leil\u00e3o de bezerros e de prendas no Parque de Exposi\u00e7\u00f5es, a partir das 8h.<\/p>\n<p style=\"text-align: justify;\">Quem quiser colaborar pode depositar qualquer quantia na Ag\u00eancia 4386 da Caixa Econ\u00f4mica Federal \u2013 Opera\u00e7\u00e3o 013 \u2013 Conta 10674-0 em nome de Isabelly Fernandes Lancini.<\/p>\n<p style=\"text-align: justify;\">A outra op\u00e7\u00e3o \u00e9 pelo site vakinha, onde os colaboradores encontrar\u00e3o na p\u00e1gina\u00a0<a href=\"https:\/\/www.vakinha.com.br\/vaquinha\/todos-pela-isabelly-carlos-alexandre-lancini\" target=\"_blank\" rel=\"noopener\">&#8220;Todos pela Isabelly&#8221;<\/a>, mais um canal para contribu\u00edrem com qualquer quantia. L\u00e1, o pai da crian\u00e7a, Carlos Alexandre, conta a hist\u00f3ria de ang\u00fastia que vive a fam\u00edlia, at\u00e9 conseguirem os recursos para pagar a cirurgia.<\/p>\n<p><em>Com informa\u00e7\u00f5es: O Vigilante Online.<\/em><\/p>\n","protected":false},"excerpt":{"rendered":"<p>Uma fam\u00edlia que reside na Vila de S\u00e3o Jo\u00e3o da Sapucaia, distrito de Laranjal, a 38 km de Recreio, est\u00e1 pedindo ajuda para arrecadar recursos para a cirurgia da filha de apenas 6 meses. A pequena Isabelly precisa passar por diversos procedimentos que podem chegar at\u00e9 R$ 40 mil. No domingo (18) um evento ser\u00e1 [&hellip;]<\/p>\n","protected":false},"author":3,"featured_media":8884,"comment_status":"open","ping_status":"open","sticky":false,"template":"","format":"standard","meta":[],"categories":[8],"tags":[],"yoast_head":"<!-- This site is optimized with the Yoast SEO plugin v15.6.2 - https:\/\/yoast.com\/wordpress\/plugins\/seo\/ -->\n<meta name=\"robots\" content=\"index, follow, max-snippet:-1, max-image-preview:large, max-video-preview:-1\" \/>\n<link rel=\"canonical\" href=\"http:\/\/www.polisrecreio.com.br\/site\/2018\/02\/15\/familia-de-laranjal-pede-ajuda-para-cirurgia-de-filha-de-6-meses\/\" \/>\n<meta property=\"og:locale\" content=\"pt_BR\" \/>\n<meta property=\"og:type\" content=\"article\" \/>\n<meta property=\"og:title\" content=\"Fam\u00edlia de Laranjal pede ajuda para cirurgia de filha de 6 meses - P\u00f3lis Recreio\" \/>\n<meta property=\"og:description\" content=\"Uma fam\u00edlia que reside na Vila de S\u00e3o Jo\u00e3o da Sapucaia, distrito de Laranjal, a 38 km de Recreio, est\u00e1 pedindo ajuda para arrecadar recursos para a cirurgia da filha de apenas 6 meses. A pequena Isabelly precisa passar por diversos procedimentos que podem chegar at\u00e9 R$ 40 mil. No domingo (18) um evento ser\u00e1 [&hellip;]\" \/>\n<meta property=\"og:url\" content=\"http:\/\/www.polisrecreio.com.br\/site\/2018\/02\/15\/familia-de-laranjal-pede-ajuda-para-cirurgia-de-filha-de-6-meses\/\" \/>\n<meta property=\"og:site_name\" content=\"P\u00f3lis Recreio\" \/>\n<meta property=\"article:publisher\" content=\"https:\/\/www.facebook.com\/Site-P%c3%b3lis-Recreio-MG-181941708571019\/\" \/>\n<meta property=\"article:published_time\" content=\"2018-02-15T22:33:58+00:00\" \/>\n<meta property=\"article:modified_time\" content=\"2018-02-15T22:36:13+00:00\" \/>\n<meta property=\"og:image\" content=\"https:\/\/www.polisrecreio.com.br\/site\/wp-content\/uploads\/2018\/02\/cef369d6d14d4f2d943f22e87ba0cf9a.jpg\" \/>\n\t<meta property=\"og:image:width\" content=\"900\" \/>\n\t<meta property=\"og:image:height\" content=\"500\" \/>\n<meta name=\"twitter:card\" content=\"summary_large_image\" \/>\n<meta name=\"twitter:creator\" content=\"@PolisRecreio\" \/>\n<meta name=\"twitter:site\" content=\"@PolisRecreio\" \/>\n<meta name=\"twitter:label1\" content=\"Est. reading time\">\n\t<meta name=\"twitter:data1\" content=\"3 minutos\">\n<script type=\"application\/ld+json\" class=\"yoast-schema-graph\">{\"@context\":\"https:\/\/schema.org\",\"@graph\":[{\"@type\":\"WebSite\",\"@id\":\"https:\/\/www.polisrecreio.com.br\/site\/#website\",\"url\":\"https:\/\/www.polisrecreio.com.br\/site\/\",\"name\":\"P\\u00f3lis Recreio\",\"description\":\"\",\"potentialAction\":[{\"@type\":\"SearchAction\",\"target\":\"https:\/\/www.polisrecreio.com.br\/site\/?s={search_term_string}\",\"query-input\":\"required name=search_term_string\"}],\"inLanguage\":\"pt-BR\"},{\"@type\":\"ImageObject\",\"@id\":\"http:\/\/www.polisrecreio.com.br\/site\/2018\/02\/15\/familia-de-laranjal-pede-ajuda-para-cirurgia-de-filha-de-6-meses\/#primaryimage\",\"inLanguage\":\"pt-BR\",\"url\":\"https:\/\/www.polisrecreio.com.br\/site\/wp-content\/uploads\/2018\/02\/cef369d6d14d4f2d943f22e87ba0cf9a.jpg\",\"width\":900,\"height\":500,\"caption\":\"Fam\\u00edlia de Jussandra e Carlos Alexandre. Foto: Facebook.\"},{\"@type\":\"WebPage\",\"@id\":\"http:\/\/www.polisrecreio.com.br\/site\/2018\/02\/15\/familia-de-laranjal-pede-ajuda-para-cirurgia-de-filha-de-6-meses\/#webpage\",\"url\":\"http:\/\/www.polisrecreio.com.br\/site\/2018\/02\/15\/familia-de-laranjal-pede-ajuda-para-cirurgia-de-filha-de-6-meses\/\",\"name\":\"Fam\\u00edlia de Laranjal pede ajuda para cirurgia de filha de 6 meses - P\\u00f3lis Recreio\",\"isPartOf\":{\"@id\":\"https:\/\/www.polisrecreio.com.br\/site\/#website\"},\"primaryImageOfPage\":{\"@id\":\"http:\/\/www.polisrecreio.com.br\/site\/2018\/02\/15\/familia-de-laranjal-pede-ajuda-para-cirurgia-de-filha-de-6-meses\/#primaryimage\"},\"datePublished\":\"2018-02-15T22:33:58+00:00\",\"dateModified\":\"2018-02-15T22:36:13+00:00\",\"author\":{\"@id\":\"https:\/\/www.polisrecreio.com.br\/site\/#\/schema\/person\/3363c1c78e1e28e1329d97adb387638e\"},\"inLanguage\":\"pt-BR\",\"potentialAction\":[{\"@type\":\"ReadAction\",\"target\":[\"http:\/\/www.polisrecreio.com.br\/site\/2018\/02\/15\/familia-de-laranjal-pede-ajuda-para-cirurgia-de-filha-de-6-meses\/\"]}]},{\"@type\":\"Person\",\"@id\":\"https:\/\/www.polisrecreio.com.br\/site\/#\/schema\/person\/3363c1c78e1e28e1329d97adb387638e\",\"name\":\"Leonardo Ribeiro\",\"image\":{\"@type\":\"ImageObject\",\"@id\":\"https:\/\/www.polisrecreio.com.br\/site\/#personlogo\",\"inLanguage\":\"pt-BR\",\"url\":\"https:\/\/secure.gravatar.com\/avatar\/6ba92a37d621e1a83e23710251178a12?s=96&d=mm&r=g\",\"caption\":\"Leonardo Ribeiro\"},\"sameAs\":[\"http:\/\/www.polisrecreio.com.br\"]}]}<\/script>\n<!-- \/ Yoast SEO plugin. -->","_links":{"self":[{"href":"https:\/\/www.polisrecreio.com.br\/site\/wp-json\/wp\/v2\/posts\/8883"}],"collection":[{"href":"https:\/\/www.polisrecreio.com.br\/site\/wp-json\/wp\/v2\/posts"}],"about":[{"href":"https:\/\/www.polisrecreio.com.br\/site\/wp-json\/wp\/v2\/types\/post"}],"author":[{"embeddable":true,"href":"https:\/\/www.polisrecreio.com.br\/site\/wp-json\/wp\/v2\/users\/3"}],"replies":[{"embeddable":true,"href":"https:\/\/www.polisrecreio.com.br\/site\/wp-json\/wp\/v2\/comments?post=8883"}],"version-history":[{"count":3,"href":"https:\/\/www.polisrecreio.com.br\/site\/wp-json\/wp\/v2\/posts\/8883\/revisions"}],"predecessor-version":[{"id":8887,"href":"https:\/\/www.polisrecreio.com.br\/site\/wp-json\/wp\/v2\/posts\/8883\/revisions\/8887"}],"wp:featuredmedia":[{"embeddable":true,"href":"https:\/\/www.polisrecreio.com.br\/site\/wp-json\/wp\/v2\/media\/8884"}],"wp:attachment":[{"href":"https:\/\/www.polisrecreio.com.br\/site\/wp-json\/wp\/v2\/media?parent=8883"}],"wp:term":[{"taxonomy":"category","embeddable":true,"href":"https:\/\/www.polisrecreio.com.br\/site\/wp-json\/wp\/v2\/categories?post=8883"},{"taxonomy":"post_tag","embeddable":true,"href":"https:\/\/www.polisrecreio.com.br\/site\/wp-json\/wp\/v2\/tags?post=8883"}],"curies":[{"name":"wp","href":"https:\/\/api.w.org\/{rel}","templated":true}]}}