{"id":9051,"date":"2018-03-02T15:03:51","date_gmt":"2018-03-02T18:03:51","guid":{"rendered":"http:\/\/www.polisrecreio.com.br\/site\/?p=9051"},"modified":"2018-03-02T15:03:51","modified_gmt":"2018-03-02T18:03:51","slug":"recreio-podera-voltar-a-receber-icms-esportivo","status":"publish","type":"post","link":"https:\/\/www.polisrecreio.com.br\/site\/2018\/03\/02\/recreio-podera-voltar-a-receber-icms-esportivo\/","title":{"rendered":"Recreio poder\u00e1 voltar a receber ICMS Esportivo"},"content":{"rendered":"<p style=\"text-align: justify;\">A Secretaria de Esportes do Estado de Minas Gerais divulgou na quinta-feira (1\u00ba) a rela\u00e7\u00e3o dos munic\u00edpios habilitados a participarem do ICMS Esportivo \u2013 ano base 2017. A partir da emiss\u00e3o deste documento, Recreio poder\u00e1 voltar a receber o recurso financeiro destinado a incentivar projetos esportivos.<\/p>\n<p><!--more--><\/p>\n<p style=\"text-align: justify;\">Ao todo foram 334 munic\u00edpios, incluindo Recreio, que comprovaram o pleno funcionamento dos conselhos municipais de esportes, nos termos da Lei n\u00ba 18.030\/2009, do Decreto n\u00ba 45.393\/2010 e da Resolu\u00e7\u00e3o SEESP n\u00ba 31\/2016, alterada pela Resolu\u00e7\u00e3o SEESP n\u00ba 38\/2017.<\/p>\n<p style=\"text-align: justify;\">O secret\u00e1rio de Esportes, Leandro Ferreira Medeiros \u201cLeo Medeiros\u201d, disse estar muito feliz por conseguir resgatar este importante mecanismo de apoio do Estado para a \u00e1rea da qual ele est\u00e1 \u00e0 frente desde 2017. O secret\u00e1rio destacou tamb\u00e9m a confian\u00e7a que o prefeito Jos\u00e9 Maria Barros tem no seu trabalho.<\/p>\n<p style=\"text-align: justify;\">Ano passado, Recreio ficou inabilitado a participar do ICMS Esportivo devido a in\u00e9rcia do poder p\u00fablico no ano de 2016 em desenvolver atividades na \u00e1rea, comprovar investimentos\/incentivos e ainda, por inatividade do Conselho Municipal de Esportes. O fato influenciou tamb\u00e9m na falta de repasses neste ano de 2018, conforme as legisla\u00e7\u00f5es.<\/p>\n<p style=\"text-align: justify;\">Segundo o secret\u00e1rio Leo Medeiros, \u201ca pr\u00f3xima etapa ser\u00e1 a comprova\u00e7\u00e3o das atividades desenvolvidas em Recreio no ano de 2017, com fotos, mat\u00e9rias jornal\u00edsticas, cartazes e outras formas de divulga\u00e7\u00e3o das a\u00e7\u00f5es, tudo feito online. Na sequ\u00eancia a Secretaria de Estado de Esporte far\u00e1 a avalia\u00e7\u00e3o dos projetos e emitir\u00e1 um relat\u00f3rio com a pontua\u00e7\u00e3o de todos munic\u00edpios. O incentivo ser\u00e1 repassado em 2019\u201d, concluiu.<\/p>\n<p style=\"text-align: justify;\">O ICMS Esportivo \u00e9 um dos crit\u00e9rios estabelecidos pelo Governo de Minas para distribui\u00e7\u00e3o aos munic\u00edpios dos valores arrecadados com o Imposto sobre Circula\u00e7\u00e3o de Mercadorias e Servi\u00e7os \u201cICMS\u201d, quanto mais o munic\u00edpio fomentar o esporte, maior poder\u00e1 ser a parcela que receber\u00e1.<\/p>\n<p style=\"text-align: justify;\">De acordo com informa\u00e7\u00f5es do portal da Funda\u00e7\u00e3o Jo\u00e3o Pinheiro, no ano de 2015, o munic\u00edpio recebeu R$ 4.087,51, e, em 2016, R$ 10.968,10.<\/p>\n","protected":false},"excerpt":{"rendered":"<p>A Secretaria de Esportes do Estado de Minas Gerais divulgou na quinta-feira (1\u00ba) a rela\u00e7\u00e3o dos munic\u00edpios habilitados a participarem do ICMS Esportivo \u2013 ano base 2017. A partir da emiss\u00e3o deste documento, Recreio poder\u00e1 voltar a receber o recurso financeiro destinado a incentivar projetos esportivos.<\/p>\n","protected":false},"author":3,"featured_media":0,"comment_status":"open","ping_status":"open","sticky":false,"template":"","format":"standard","meta":[],"categories":[4],"tags":[],"yoast_head":"<!-- This site is optimized with the Yoast SEO plugin v15.6.2 - https:\/\/yoast.com\/wordpress\/plugins\/seo\/ -->\n<meta name=\"robots\" content=\"index, follow, max-snippet:-1, max-image-preview:large, max-video-preview:-1\" \/>\n<link rel=\"canonical\" href=\"https:\/\/www.polisrecreio.com.br\/site\/2018\/03\/02\/recreio-podera-voltar-a-receber-icms-esportivo\/\" \/>\n<meta property=\"og:locale\" content=\"pt_BR\" \/>\n<meta property=\"og:type\" content=\"article\" \/>\n<meta property=\"og:title\" content=\"Recreio poder\u00e1 voltar a receber ICMS Esportivo - P\u00f3lis Recreio\" \/>\n<meta property=\"og:description\" content=\"A Secretaria de Esportes do Estado de Minas Gerais divulgou na quinta-feira (1\u00ba) a rela\u00e7\u00e3o dos munic\u00edpios habilitados a participarem do ICMS Esportivo \u2013 ano base 2017. A partir da emiss\u00e3o deste documento, Recreio poder\u00e1 voltar a receber o recurso financeiro destinado a incentivar projetos esportivos.\" \/>\n<meta property=\"og:url\" content=\"https:\/\/www.polisrecreio.com.br\/site\/2018\/03\/02\/recreio-podera-voltar-a-receber-icms-esportivo\/\" \/>\n<meta property=\"og:site_name\" content=\"P\u00f3lis Recreio\" \/>\n<meta property=\"article:publisher\" content=\"https:\/\/www.facebook.com\/Site-P%c3%b3lis-Recreio-MG-181941708571019\/\" \/>\n<meta property=\"article:published_time\" content=\"2018-03-02T18:03:51+00:00\" \/>\n<meta name=\"twitter:card\" content=\"summary_large_image\" \/>\n<meta name=\"twitter:creator\" content=\"@PolisRecreio\" \/>\n<meta name=\"twitter:site\" content=\"@PolisRecreio\" \/>\n<meta name=\"twitter:label1\" content=\"Est. reading time\">\n\t<meta name=\"twitter:data1\" content=\"2 minutos\">\n<script type=\"application\/ld+json\" class=\"yoast-schema-graph\">{\"@context\":\"https:\/\/schema.org\",\"@graph\":[{\"@type\":\"WebSite\",\"@id\":\"https:\/\/www.polisrecreio.com.br\/site\/#website\",\"url\":\"https:\/\/www.polisrecreio.com.br\/site\/\",\"name\":\"P\\u00f3lis Recreio\",\"description\":\"\",\"potentialAction\":[{\"@type\":\"SearchAction\",\"target\":\"https:\/\/www.polisrecreio.com.br\/site\/?s={search_term_string}\",\"query-input\":\"required name=search_term_string\"}],\"inLanguage\":\"pt-BR\"},{\"@type\":\"WebPage\",\"@id\":\"https:\/\/www.polisrecreio.com.br\/site\/2018\/03\/02\/recreio-podera-voltar-a-receber-icms-esportivo\/#webpage\",\"url\":\"https:\/\/www.polisrecreio.com.br\/site\/2018\/03\/02\/recreio-podera-voltar-a-receber-icms-esportivo\/\",\"name\":\"Recreio poder\\u00e1 voltar a receber ICMS Esportivo - P\\u00f3lis Recreio\",\"isPartOf\":{\"@id\":\"https:\/\/www.polisrecreio.com.br\/site\/#website\"},\"datePublished\":\"2018-03-02T18:03:51+00:00\",\"dateModified\":\"2018-03-02T18:03:51+00:00\",\"author\":{\"@id\":\"https:\/\/www.polisrecreio.com.br\/site\/#\/schema\/person\/3363c1c78e1e28e1329d97adb387638e\"},\"inLanguage\":\"pt-BR\",\"potentialAction\":[{\"@type\":\"ReadAction\",\"target\":[\"https:\/\/www.polisrecreio.com.br\/site\/2018\/03\/02\/recreio-podera-voltar-a-receber-icms-esportivo\/\"]}]},{\"@type\":\"Person\",\"@id\":\"https:\/\/www.polisrecreio.com.br\/site\/#\/schema\/person\/3363c1c78e1e28e1329d97adb387638e\",\"name\":\"Leonardo Ribeiro\",\"image\":{\"@type\":\"ImageObject\",\"@id\":\"https:\/\/www.polisrecreio.com.br\/site\/#personlogo\",\"inLanguage\":\"pt-BR\",\"url\":\"https:\/\/secure.gravatar.com\/avatar\/6ba92a37d621e1a83e23710251178a12?s=96&d=mm&r=g\",\"caption\":\"Leonardo Ribeiro\"},\"sameAs\":[\"http:\/\/www.polisrecreio.com.br\"]}]}<\/script>\n<!-- \/ Yoast SEO plugin. -->","_links":{"self":[{"href":"https:\/\/www.polisrecreio.com.br\/site\/wp-json\/wp\/v2\/posts\/9051"}],"collection":[{"href":"https:\/\/www.polisrecreio.com.br\/site\/wp-json\/wp\/v2\/posts"}],"about":[{"href":"https:\/\/www.polisrecreio.com.br\/site\/wp-json\/wp\/v2\/types\/post"}],"author":[{"embeddable":true,"href":"https:\/\/www.polisrecreio.com.br\/site\/wp-json\/wp\/v2\/users\/3"}],"replies":[{"embeddable":true,"href":"https:\/\/www.polisrecreio.com.br\/site\/wp-json\/wp\/v2\/comments?post=9051"}],"version-history":[{"count":1,"href":"https:\/\/www.polisrecreio.com.br\/site\/wp-json\/wp\/v2\/posts\/9051\/revisions"}],"predecessor-version":[{"id":9052,"href":"https:\/\/www.polisrecreio.com.br\/site\/wp-json\/wp\/v2\/posts\/9051\/revisions\/9052"}],"wp:attachment":[{"href":"https:\/\/www.polisrecreio.com.br\/site\/wp-json\/wp\/v2\/media?parent=9051"}],"wp:term":[{"taxonomy":"category","embeddable":true,"href":"https:\/\/www.polisrecreio.com.br\/site\/wp-json\/wp\/v2\/categories?post=9051"},{"taxonomy":"post_tag","embeddable":true,"href":"https:\/\/www.polisrecreio.com.br\/site\/wp-json\/wp\/v2\/tags?post=9051"}],"curies":[{"name":"wp","href":"https:\/\/api.w.org\/{rel}","templated":true}]}}