{"id":9069,"date":"2018-03-05T22:35:28","date_gmt":"2018-03-06T01:35:28","guid":{"rendered":"http:\/\/www.polisrecreio.com.br\/site\/?p=9069"},"modified":"2018-03-05T22:36:24","modified_gmt":"2018-03-06T01:36:24","slug":"computador-e-furtado-da-unidade-de-saude-do-planalto","status":"publish","type":"post","link":"https:\/\/www.polisrecreio.com.br\/site\/2018\/03\/05\/computador-e-furtado-da-unidade-de-saude-do-planalto\/","title":{"rendered":"Computador \u00e9 furtado da Unidade de Sa\u00fade do Planalto"},"content":{"rendered":"<p style=\"text-align: justify;\">Um computador foi furtado da Unidade B\u00e1sica de Sa\u00fade Dr. Ruimar Costa Azevedo, do bairro Planalto. O caso foi registrado na manh\u00e3 desta segunda-feira (5).<\/p>\n<p><!--more--><\/p>\n<p><a href=\"http:\/\/www.polisrecreio.com.br\/site\/wp-content\/uploads\/2018\/03\/28767729_1641546422632821_1145230901_o.jpg\"><img loading=\"lazy\" class=\"aligncenter size-full wp-image-9070\" src=\"http:\/\/www.polisrecreio.com.br\/site\/wp-content\/uploads\/2018\/03\/28767729_1641546422632821_1145230901_o.jpg\" alt=\"\" width=\"750\" height=\"421\" srcset=\"https:\/\/www.polisrecreio.com.br\/site\/wp-content\/uploads\/2018\/03\/28767729_1641546422632821_1145230901_o.jpg 750w, https:\/\/www.polisrecreio.com.br\/site\/wp-content\/uploads\/2018\/03\/28767729_1641546422632821_1145230901_o-300x168.jpg 300w\" sizes=\"(max-width: 750px) 100vw, 750px\" \/><\/a><\/p>\n<p style=\"text-align: justify;\">A Pol\u00edcia Militar foi acionada pelas funcion\u00e1rias que chegaram para trabalhar na manh\u00e3 desta segunda-feira e avistaram os arrombamentos na parte frontal. O port\u00e3o de ferro foi arrombado e a porta de vidro quebrada.<\/p>\n<p style=\"text-align: justify;\">L\u00e1 de dentro foi levado um computador da marca Positivo composto por um monitor de 14 polegadas, um estabilizador, um CPU da marca Megawere e um teclado.<\/p>\n<p style=\"text-align: justify;\">A per\u00edcia t\u00e9cnica foi acionada e o caso encaminhado para a Delegacia de Pol\u00edcia Civil.<\/p>\n","protected":false},"excerpt":{"rendered":"<p>Um computador foi furtado da Unidade B\u00e1sica de Sa\u00fade Dr. Ruimar Costa Azevedo, do bairro Planalto. O caso foi registrado na manh\u00e3 desta segunda-feira (5).<\/p>\n","protected":false},"author":3,"featured_media":9070,"comment_status":"open","ping_status":"open","sticky":false,"template":"","format":"standard","meta":[],"categories":[6],"tags":[],"yoast_head":"<!-- This site is optimized with the Yoast SEO plugin v15.6.2 - https:\/\/yoast.com\/wordpress\/plugins\/seo\/ -->\n<meta name=\"robots\" content=\"index, follow, max-snippet:-1, max-image-preview:large, max-video-preview:-1\" \/>\n<link rel=\"canonical\" href=\"http:\/\/www.polisrecreio.com.br\/site\/2018\/03\/05\/computador-e-furtado-da-unidade-de-saude-do-planalto\/\" \/>\n<meta property=\"og:locale\" content=\"pt_BR\" \/>\n<meta property=\"og:type\" content=\"article\" \/>\n<meta property=\"og:title\" content=\"Computador \u00e9 furtado da Unidade de Sa\u00fade do Planalto - P\u00f3lis Recreio\" \/>\n<meta property=\"og:description\" content=\"Um computador foi furtado da Unidade B\u00e1sica de Sa\u00fade Dr. Ruimar Costa Azevedo, do bairro Planalto. O caso foi registrado na manh\u00e3 desta segunda-feira (5).\" \/>\n<meta property=\"og:url\" content=\"http:\/\/www.polisrecreio.com.br\/site\/2018\/03\/05\/computador-e-furtado-da-unidade-de-saude-do-planalto\/\" \/>\n<meta property=\"og:site_name\" content=\"P\u00f3lis Recreio\" \/>\n<meta property=\"article:publisher\" content=\"https:\/\/www.facebook.com\/Site-P%c3%b3lis-Recreio-MG-181941708571019\/\" \/>\n<meta property=\"article:published_time\" content=\"2018-03-06T01:35:28+00:00\" \/>\n<meta property=\"article:modified_time\" content=\"2018-03-06T01:36:24+00:00\" \/>\n<meta property=\"og:image\" content=\"https:\/\/www.polisrecreio.com.br\/site\/wp-content\/uploads\/2018\/03\/28767729_1641546422632821_1145230901_o.jpg\" \/>\n\t<meta property=\"og:image:width\" content=\"750\" \/>\n\t<meta property=\"og:image:height\" content=\"421\" \/>\n<meta name=\"twitter:card\" content=\"summary_large_image\" \/>\n<meta name=\"twitter:creator\" content=\"@PolisRecreio\" \/>\n<meta name=\"twitter:site\" content=\"@PolisRecreio\" \/>\n<meta name=\"twitter:label1\" content=\"Est. reading time\">\n\t<meta name=\"twitter:data1\" content=\"1 minuto\">\n<script type=\"application\/ld+json\" class=\"yoast-schema-graph\">{\"@context\":\"https:\/\/schema.org\",\"@graph\":[{\"@type\":\"WebSite\",\"@id\":\"https:\/\/www.polisrecreio.com.br\/site\/#website\",\"url\":\"https:\/\/www.polisrecreio.com.br\/site\/\",\"name\":\"P\\u00f3lis Recreio\",\"description\":\"\",\"potentialAction\":[{\"@type\":\"SearchAction\",\"target\":\"https:\/\/www.polisrecreio.com.br\/site\/?s={search_term_string}\",\"query-input\":\"required name=search_term_string\"}],\"inLanguage\":\"pt-BR\"},{\"@type\":\"ImageObject\",\"@id\":\"http:\/\/www.polisrecreio.com.br\/site\/2018\/03\/05\/computador-e-furtado-da-unidade-de-saude-do-planalto\/#primaryimage\",\"inLanguage\":\"pt-BR\",\"url\":\"https:\/\/www.polisrecreio.com.br\/site\/wp-content\/uploads\/2018\/03\/28767729_1641546422632821_1145230901_o.jpg\",\"width\":750,\"height\":421},{\"@type\":\"WebPage\",\"@id\":\"http:\/\/www.polisrecreio.com.br\/site\/2018\/03\/05\/computador-e-furtado-da-unidade-de-saude-do-planalto\/#webpage\",\"url\":\"http:\/\/www.polisrecreio.com.br\/site\/2018\/03\/05\/computador-e-furtado-da-unidade-de-saude-do-planalto\/\",\"name\":\"Computador \\u00e9 furtado da Unidade de Sa\\u00fade do Planalto - P\\u00f3lis Recreio\",\"isPartOf\":{\"@id\":\"https:\/\/www.polisrecreio.com.br\/site\/#website\"},\"primaryImageOfPage\":{\"@id\":\"http:\/\/www.polisrecreio.com.br\/site\/2018\/03\/05\/computador-e-furtado-da-unidade-de-saude-do-planalto\/#primaryimage\"},\"datePublished\":\"2018-03-06T01:35:28+00:00\",\"dateModified\":\"2018-03-06T01:36:24+00:00\",\"author\":{\"@id\":\"https:\/\/www.polisrecreio.com.br\/site\/#\/schema\/person\/3363c1c78e1e28e1329d97adb387638e\"},\"inLanguage\":\"pt-BR\",\"potentialAction\":[{\"@type\":\"ReadAction\",\"target\":[\"http:\/\/www.polisrecreio.com.br\/site\/2018\/03\/05\/computador-e-furtado-da-unidade-de-saude-do-planalto\/\"]}]},{\"@type\":\"Person\",\"@id\":\"https:\/\/www.polisrecreio.com.br\/site\/#\/schema\/person\/3363c1c78e1e28e1329d97adb387638e\",\"name\":\"Leonardo Ribeiro\",\"image\":{\"@type\":\"ImageObject\",\"@id\":\"https:\/\/www.polisrecreio.com.br\/site\/#personlogo\",\"inLanguage\":\"pt-BR\",\"url\":\"https:\/\/secure.gravatar.com\/avatar\/6ba92a37d621e1a83e23710251178a12?s=96&d=mm&r=g\",\"caption\":\"Leonardo Ribeiro\"},\"sameAs\":[\"http:\/\/www.polisrecreio.com.br\"]}]}<\/script>\n<!-- \/ Yoast SEO plugin. -->","_links":{"self":[{"href":"https:\/\/www.polisrecreio.com.br\/site\/wp-json\/wp\/v2\/posts\/9069"}],"collection":[{"href":"https:\/\/www.polisrecreio.com.br\/site\/wp-json\/wp\/v2\/posts"}],"about":[{"href":"https:\/\/www.polisrecreio.com.br\/site\/wp-json\/wp\/v2\/types\/post"}],"author":[{"embeddable":true,"href":"https:\/\/www.polisrecreio.com.br\/site\/wp-json\/wp\/v2\/users\/3"}],"replies":[{"embeddable":true,"href":"https:\/\/www.polisrecreio.com.br\/site\/wp-json\/wp\/v2\/comments?post=9069"}],"version-history":[{"count":2,"href":"https:\/\/www.polisrecreio.com.br\/site\/wp-json\/wp\/v2\/posts\/9069\/revisions"}],"predecessor-version":[{"id":9072,"href":"https:\/\/www.polisrecreio.com.br\/site\/wp-json\/wp\/v2\/posts\/9069\/revisions\/9072"}],"wp:featuredmedia":[{"embeddable":true,"href":"https:\/\/www.polisrecreio.com.br\/site\/wp-json\/wp\/v2\/media\/9070"}],"wp:attachment":[{"href":"https:\/\/www.polisrecreio.com.br\/site\/wp-json\/wp\/v2\/media?parent=9069"}],"wp:term":[{"taxonomy":"category","embeddable":true,"href":"https:\/\/www.polisrecreio.com.br\/site\/wp-json\/wp\/v2\/categories?post=9069"},{"taxonomy":"post_tag","embeddable":true,"href":"https:\/\/www.polisrecreio.com.br\/site\/wp-json\/wp\/v2\/tags?post=9069"}],"curies":[{"name":"wp","href":"https:\/\/api.w.org\/{rel}","templated":true}]}}