{"id":9087,"date":"2018-03-07T20:13:14","date_gmt":"2018-03-07T23:13:14","guid":{"rendered":"http:\/\/www.polisrecreio.com.br\/site\/?p=9087"},"modified":"2018-03-07T20:16:56","modified_gmt":"2018-03-07T23:16:56","slug":"saae-realiza-instalacao-de-agua-no-conjunto-habitacional-de-conceicao-da-boa-vista","status":"publish","type":"post","link":"https:\/\/www.polisrecreio.com.br\/site\/2018\/03\/07\/saae-realiza-instalacao-de-agua-no-conjunto-habitacional-de-conceicao-da-boa-vista\/","title":{"rendered":"SAAE realiza instala\u00e7\u00e3o de \u00e1gua no conjunto habitacional de Concei\u00e7\u00e3o da Boa Vista"},"content":{"rendered":"<p style=\"text-align: justify;\">A conclus\u00e3o das obras do conjunto habitacional de Concei\u00e7\u00e3o da Boa Vista est\u00e1 pr\u00f3xima. Desde segunda-feira (5) a equipe do Servi\u00e7o Aut\u00f4nomo de \u00c1gua e Esgoto \u201cSAAE\u201d com apoio da Secretaria de Desenvolvimento Rural realiza a instala\u00e7\u00e3o da rede de \u00e1gua.<\/p>\n<p><!--more--><\/p>\n<p><a href=\"http:\/\/www.polisrecreio.com.br\/site\/wp-content\/uploads\/2018\/03\/DSC_0310.jpg\"><img loading=\"lazy\" class=\"aligncenter size-full wp-image-9092\" src=\"http:\/\/www.polisrecreio.com.br\/site\/wp-content\/uploads\/2018\/03\/DSC_0310.jpg\" alt=\"\" width=\"750\" height=\"500\" srcset=\"https:\/\/www.polisrecreio.com.br\/site\/wp-content\/uploads\/2018\/03\/DSC_0310.jpg 750w, https:\/\/www.polisrecreio.com.br\/site\/wp-content\/uploads\/2018\/03\/DSC_0310-300x200.jpg 300w\" sizes=\"(max-width: 750px) 100vw, 750px\" \/><\/a><\/p>\n<p style=\"text-align: justify;\">Para atender as 31 moradias ser\u00e1 instalada de imediato um reservat\u00f3rio de 10 mil litros. A \u00e1gua para o conjunto ser\u00e1 bombeada do po\u00e7o artesiano, na estrada da Usina de Reciclagem, revitalizado ano passado pela Prefeitura. A rede de esgoto tamb\u00e9m foi feita pelo SAAE com apoio da Secretaria Rural.<\/p>\n<p style=\"text-align: justify;\">Na \u00e1rea interna dos im\u00f3veis os funcion\u00e1rios da construtora est\u00e3o finalizando os acabamentos. A previs\u00e3o \u00e9 que seja conclu\u00eddo at\u00e9 sexta-feira (10), assim como, os servi\u00e7os da rede de \u00e1gua.<\/p>\n<p><a href=\"http:\/\/www.polisrecreio.com.br\/site\/wp-content\/uploads\/2018\/03\/DSC_0306.jpg\"><img loading=\"lazy\" class=\"aligncenter size-full wp-image-9090\" src=\"http:\/\/www.polisrecreio.com.br\/site\/wp-content\/uploads\/2018\/03\/DSC_0306.jpg\" alt=\"\" width=\"750\" height=\"500\" srcset=\"https:\/\/www.polisrecreio.com.br\/site\/wp-content\/uploads\/2018\/03\/DSC_0306.jpg 750w, https:\/\/www.polisrecreio.com.br\/site\/wp-content\/uploads\/2018\/03\/DSC_0306-300x200.jpg 300w\" sizes=\"(max-width: 750px) 100vw, 750px\" \/><\/a><\/p>\n<p style=\"text-align: justify;\">Segundo a equipe administrativa da Prefeitura para inaugurar o conjunto habitacional ainda resta as instala\u00e7\u00f5es da rede el\u00e9trica, sob responsabilidade da Energisa. N\u00e3o h\u00e1 informa\u00e7\u00f5es da data do servi\u00e7o da concession\u00e1ria de energia.<\/p>\n<p style=\"text-align: justify;\">O conjunto habitacional com 31 unidades come\u00e7ou em 2013 e deveria ter sido conclu\u00eddo no primeiro semestre daquele ano. Dois anos depois, em 2015, as obras foram abandonadas por neglig\u00eancia administrativa da gest\u00e3o 2013-2016 do Munic\u00edpio, com apenas 5 moradias em fase de acabamento.<\/p>\n<p style=\"text-align: justify;\">Em 2016, durante a corrida eleitoral, o ent\u00e3o candidato a prefeito Jos\u00e9 Maria Barros e o vice-prefeito Jo\u00e3o D\u00f3lar, firmaram o compromisso de retomar com a constru\u00e7\u00e3o. Ano passado, j\u00e1 no primeiro ano, a administra\u00e7\u00e3o do prefeito Jos\u00e9 Maria Barros revitalizou as obras e aproximadamente 7 meses depois do rein\u00edcio o conjunto est\u00e1 praticamente pronto.<\/p>\n<p style=\"text-align: justify;\">As 31 fam\u00edlias benefici\u00e1rias receber\u00e3o em breve, gratuitamente, das m\u00e3os do prefeito de Recreio as chaves de seus im\u00f3veis. A data da inaugura\u00e7\u00e3o n\u00e3o foi divulgada.<\/p>\n<p><a href=\"http:\/\/www.polisrecreio.com.br\/site\/wp-content\/uploads\/2018\/03\/DSC_0311.jpg\"><img loading=\"lazy\" class=\"aligncenter size-full wp-image-9091\" src=\"http:\/\/www.polisrecreio.com.br\/site\/wp-content\/uploads\/2018\/03\/DSC_0311.jpg\" alt=\"\" width=\"750\" height=\"500\" srcset=\"https:\/\/www.polisrecreio.com.br\/site\/wp-content\/uploads\/2018\/03\/DSC_0311.jpg 750w, https:\/\/www.polisrecreio.com.br\/site\/wp-content\/uploads\/2018\/03\/DSC_0311-300x200.jpg 300w\" sizes=\"(max-width: 750px) 100vw, 750px\" \/><\/a><\/p>\n<p><a href=\"http:\/\/www.polisrecreio.com.br\/site\/wp-content\/uploads\/2018\/03\/DSC_0304.jpg\"><img loading=\"lazy\" class=\"aligncenter size-full wp-image-9089\" src=\"http:\/\/www.polisrecreio.com.br\/site\/wp-content\/uploads\/2018\/03\/DSC_0304.jpg\" alt=\"\" width=\"750\" height=\"500\" srcset=\"https:\/\/www.polisrecreio.com.br\/site\/wp-content\/uploads\/2018\/03\/DSC_0304.jpg 750w, https:\/\/www.polisrecreio.com.br\/site\/wp-content\/uploads\/2018\/03\/DSC_0304-300x200.jpg 300w\" sizes=\"(max-width: 750px) 100vw, 750px\" \/><\/a><\/p>\n<p><a href=\"http:\/\/www.polisrecreio.com.br\/site\/wp-content\/uploads\/2018\/03\/DSC_0301.jpg\"><img loading=\"lazy\" class=\"aligncenter size-full wp-image-9088\" src=\"http:\/\/www.polisrecreio.com.br\/site\/wp-content\/uploads\/2018\/03\/DSC_0301.jpg\" alt=\"\" width=\"750\" height=\"500\" srcset=\"https:\/\/www.polisrecreio.com.br\/site\/wp-content\/uploads\/2018\/03\/DSC_0301.jpg 750w, https:\/\/www.polisrecreio.com.br\/site\/wp-content\/uploads\/2018\/03\/DSC_0301-300x200.jpg 300w\" sizes=\"(max-width: 750px) 100vw, 750px\" \/><\/a><\/p>\n<p>&nbsp;<\/p>\n","protected":false},"excerpt":{"rendered":"<p>A conclus\u00e3o das obras do conjunto habitacional de Concei\u00e7\u00e3o da Boa Vista est\u00e1 pr\u00f3xima. Desde segunda-feira (5) a equipe do Servi\u00e7o Aut\u00f4nomo de \u00c1gua e Esgoto \u201cSAAE\u201d com apoio da Secretaria de Desenvolvimento Rural realiza a instala\u00e7\u00e3o da rede de \u00e1gua.<\/p>\n","protected":false},"author":3,"featured_media":9092,"comment_status":"open","ping_status":"open","sticky":false,"template":"","format":"standard","meta":[],"categories":[12],"tags":[],"yoast_head":"<!-- This site is optimized with the Yoast SEO plugin v15.6.2 - https:\/\/yoast.com\/wordpress\/plugins\/seo\/ -->\n<meta name=\"robots\" content=\"index, follow, max-snippet:-1, max-image-preview:large, max-video-preview:-1\" \/>\n<link rel=\"canonical\" href=\"https:\/\/www.polisrecreio.com.br\/site\/2018\/03\/07\/saae-realiza-instalacao-de-agua-no-conjunto-habitacional-de-conceicao-da-boa-vista\/\" \/>\n<meta property=\"og:locale\" content=\"pt_BR\" \/>\n<meta property=\"og:type\" content=\"article\" \/>\n<meta property=\"og:title\" content=\"SAAE realiza instala\u00e7\u00e3o de \u00e1gua no conjunto habitacional de Concei\u00e7\u00e3o da Boa Vista - P\u00f3lis Recreio\" \/>\n<meta property=\"og:description\" content=\"A conclus\u00e3o das obras do conjunto habitacional de Concei\u00e7\u00e3o da Boa Vista est\u00e1 pr\u00f3xima. Desde segunda-feira (5) a equipe do Servi\u00e7o Aut\u00f4nomo de \u00c1gua e Esgoto \u201cSAAE\u201d com apoio da Secretaria de Desenvolvimento Rural realiza a instala\u00e7\u00e3o da rede de \u00e1gua.\" \/>\n<meta property=\"og:url\" content=\"https:\/\/www.polisrecreio.com.br\/site\/2018\/03\/07\/saae-realiza-instalacao-de-agua-no-conjunto-habitacional-de-conceicao-da-boa-vista\/\" \/>\n<meta property=\"og:site_name\" content=\"P\u00f3lis Recreio\" \/>\n<meta property=\"article:publisher\" content=\"https:\/\/www.facebook.com\/Site-P%c3%b3lis-Recreio-MG-181941708571019\/\" \/>\n<meta property=\"article:published_time\" content=\"2018-03-07T23:13:14+00:00\" \/>\n<meta property=\"article:modified_time\" content=\"2018-03-07T23:16:56+00:00\" \/>\n<meta property=\"og:image\" content=\"https:\/\/www.polisrecreio.com.br\/site\/wp-content\/uploads\/2018\/03\/DSC_0310.jpg\" \/>\n\t<meta property=\"og:image:width\" content=\"750\" \/>\n\t<meta property=\"og:image:height\" content=\"500\" \/>\n<meta name=\"twitter:card\" content=\"summary_large_image\" \/>\n<meta name=\"twitter:creator\" content=\"@PolisRecreio\" \/>\n<meta name=\"twitter:site\" content=\"@PolisRecreio\" \/>\n<meta name=\"twitter:label1\" content=\"Est. reading time\">\n\t<meta name=\"twitter:data1\" content=\"2 minutos\">\n<script type=\"application\/ld+json\" class=\"yoast-schema-graph\">{\"@context\":\"https:\/\/schema.org\",\"@graph\":[{\"@type\":\"WebSite\",\"@id\":\"https:\/\/www.polisrecreio.com.br\/site\/#website\",\"url\":\"https:\/\/www.polisrecreio.com.br\/site\/\",\"name\":\"P\\u00f3lis Recreio\",\"description\":\"\",\"potentialAction\":[{\"@type\":\"SearchAction\",\"target\":\"https:\/\/www.polisrecreio.com.br\/site\/?s={search_term_string}\",\"query-input\":\"required name=search_term_string\"}],\"inLanguage\":\"pt-BR\"},{\"@type\":\"ImageObject\",\"@id\":\"https:\/\/www.polisrecreio.com.br\/site\/2018\/03\/07\/saae-realiza-instalacao-de-agua-no-conjunto-habitacional-de-conceicao-da-boa-vista\/#primaryimage\",\"inLanguage\":\"pt-BR\",\"url\":\"https:\/\/www.polisrecreio.com.br\/site\/wp-content\/uploads\/2018\/03\/DSC_0310.jpg\",\"width\":750,\"height\":500},{\"@type\":\"WebPage\",\"@id\":\"https:\/\/www.polisrecreio.com.br\/site\/2018\/03\/07\/saae-realiza-instalacao-de-agua-no-conjunto-habitacional-de-conceicao-da-boa-vista\/#webpage\",\"url\":\"https:\/\/www.polisrecreio.com.br\/site\/2018\/03\/07\/saae-realiza-instalacao-de-agua-no-conjunto-habitacional-de-conceicao-da-boa-vista\/\",\"name\":\"SAAE realiza instala\\u00e7\\u00e3o de \\u00e1gua no conjunto habitacional de Concei\\u00e7\\u00e3o da Boa Vista - P\\u00f3lis Recreio\",\"isPartOf\":{\"@id\":\"https:\/\/www.polisrecreio.com.br\/site\/#website\"},\"primaryImageOfPage\":{\"@id\":\"https:\/\/www.polisrecreio.com.br\/site\/2018\/03\/07\/saae-realiza-instalacao-de-agua-no-conjunto-habitacional-de-conceicao-da-boa-vista\/#primaryimage\"},\"datePublished\":\"2018-03-07T23:13:14+00:00\",\"dateModified\":\"2018-03-07T23:16:56+00:00\",\"author\":{\"@id\":\"https:\/\/www.polisrecreio.com.br\/site\/#\/schema\/person\/3363c1c78e1e28e1329d97adb387638e\"},\"inLanguage\":\"pt-BR\",\"potentialAction\":[{\"@type\":\"ReadAction\",\"target\":[\"https:\/\/www.polisrecreio.com.br\/site\/2018\/03\/07\/saae-realiza-instalacao-de-agua-no-conjunto-habitacional-de-conceicao-da-boa-vista\/\"]}]},{\"@type\":\"Person\",\"@id\":\"https:\/\/www.polisrecreio.com.br\/site\/#\/schema\/person\/3363c1c78e1e28e1329d97adb387638e\",\"name\":\"Leonardo Ribeiro\",\"image\":{\"@type\":\"ImageObject\",\"@id\":\"https:\/\/www.polisrecreio.com.br\/site\/#personlogo\",\"inLanguage\":\"pt-BR\",\"url\":\"https:\/\/secure.gravatar.com\/avatar\/6ba92a37d621e1a83e23710251178a12?s=96&d=mm&r=g\",\"caption\":\"Leonardo Ribeiro\"},\"sameAs\":[\"http:\/\/www.polisrecreio.com.br\"]}]}<\/script>\n<!-- \/ Yoast SEO plugin. -->","_links":{"self":[{"href":"https:\/\/www.polisrecreio.com.br\/site\/wp-json\/wp\/v2\/posts\/9087"}],"collection":[{"href":"https:\/\/www.polisrecreio.com.br\/site\/wp-json\/wp\/v2\/posts"}],"about":[{"href":"https:\/\/www.polisrecreio.com.br\/site\/wp-json\/wp\/v2\/types\/post"}],"author":[{"embeddable":true,"href":"https:\/\/www.polisrecreio.com.br\/site\/wp-json\/wp\/v2\/users\/3"}],"replies":[{"embeddable":true,"href":"https:\/\/www.polisrecreio.com.br\/site\/wp-json\/wp\/v2\/comments?post=9087"}],"version-history":[{"count":2,"href":"https:\/\/www.polisrecreio.com.br\/site\/wp-json\/wp\/v2\/posts\/9087\/revisions"}],"predecessor-version":[{"id":9094,"href":"https:\/\/www.polisrecreio.com.br\/site\/wp-json\/wp\/v2\/posts\/9087\/revisions\/9094"}],"wp:featuredmedia":[{"embeddable":true,"href":"https:\/\/www.polisrecreio.com.br\/site\/wp-json\/wp\/v2\/media\/9092"}],"wp:attachment":[{"href":"https:\/\/www.polisrecreio.com.br\/site\/wp-json\/wp\/v2\/media?parent=9087"}],"wp:term":[{"taxonomy":"category","embeddable":true,"href":"https:\/\/www.polisrecreio.com.br\/site\/wp-json\/wp\/v2\/categories?post=9087"},{"taxonomy":"post_tag","embeddable":true,"href":"https:\/\/www.polisrecreio.com.br\/site\/wp-json\/wp\/v2\/tags?post=9087"}],"curies":[{"name":"wp","href":"https:\/\/api.w.org\/{rel}","templated":true}]}}