{"id":9099,"date":"2018-03-08T14:50:29","date_gmt":"2018-03-08T17:50:29","guid":{"rendered":"http:\/\/www.polisrecreio.com.br\/site\/?p=9099"},"modified":"2018-03-08T15:11:22","modified_gmt":"2018-03-08T18:11:22","slug":"jovem-de-recreio-desaparecido-desde-janeiro-e-encontrado","status":"publish","type":"post","link":"https:\/\/www.polisrecreio.com.br\/site\/2018\/03\/08\/jovem-de-recreio-desaparecido-desde-janeiro-e-encontrado\/","title":{"rendered":"Jovem de Recreio desaparecido desde janeiro \u00e9 encontrado"},"content":{"rendered":"<p style=\"text-align: justify;\">O jovem de Recreio, Andr\u00e9 Barbosa, de 22 anos de idade, estava desaparecido desde janeiro. H\u00e1 exatos dois meses da \u00faltima informa\u00e7\u00e3o a fam\u00edlia, enfim, localizou o rapaz em Ressaquinha, a mais de 200 km de Recreio.<\/p>\n<p><!--more--><\/p>\n<p><a href=\"http:\/\/www.polisrecreio.com.br\/site\/wp-content\/uploads\/2018\/03\/21192133_470913839955027_6822329097353137005_n.jpg\"><img loading=\"lazy\" class=\"aligncenter wp-image-9100\" src=\"http:\/\/www.polisrecreio.com.br\/site\/wp-content\/uploads\/2018\/03\/21192133_470913839955027_6822329097353137005_n.jpg\" alt=\"\" width=\"750\" height=\"751\" srcset=\"https:\/\/www.polisrecreio.com.br\/site\/wp-content\/uploads\/2018\/03\/21192133_470913839955027_6822329097353137005_n.jpg 515w, https:\/\/www.polisrecreio.com.br\/site\/wp-content\/uploads\/2018\/03\/21192133_470913839955027_6822329097353137005_n-150x150.jpg 150w, https:\/\/www.polisrecreio.com.br\/site\/wp-content\/uploads\/2018\/03\/21192133_470913839955027_6822329097353137005_n-300x300.jpg 300w\" sizes=\"(max-width: 750px) 100vw, 750px\" \/><\/a><\/p>\n<p style=\"text-align: justify;\">Segundo informa\u00e7\u00f5es, Andr\u00e9 foi visto pelo caminhoneiro Ant\u00f4nio Alberto Lima de Medeiros \u201cToninho\u201d. Nesta quinta-feira (8) pela manh\u00e3 ele entrou em contato com a sua esposa, Viviane Ruback, e imediatamente ela passou a informa\u00e7\u00e3o para a tia de Andr\u00e9, Mara Barbosa. Neste momento a fam\u00edlia est\u00e1 a caminho do encontro do jovem.<\/p>\n<p style=\"text-align: justify;\">Andr\u00e9 havia sido visto pela \u00faltima vez em 7 de janeiro quando entrou em um \u00f4nibus com destino a Leopoldina apenas com a roupa do corpo e sem documentos. Desde ent\u00e3o a fam\u00edlia buscava o paradeiro do rapaz.<\/p>\n","protected":false},"excerpt":{"rendered":"<p>O jovem de Recreio, Andr\u00e9 Barbosa, de 22 anos de idade, estava desaparecido desde janeiro. H\u00e1 exatos dois meses da \u00faltima informa\u00e7\u00e3o a fam\u00edlia, enfim, localizou o rapaz em Ressaquinha, a mais de 200 km de Recreio.<\/p>\n","protected":false},"author":3,"featured_media":9100,"comment_status":"open","ping_status":"open","sticky":false,"template":"","format":"standard","meta":[],"categories":[5],"tags":[],"yoast_head":"<!-- This site is optimized with the Yoast SEO plugin v15.6.2 - https:\/\/yoast.com\/wordpress\/plugins\/seo\/ -->\n<meta name=\"robots\" content=\"index, follow, max-snippet:-1, max-image-preview:large, max-video-preview:-1\" \/>\n<link rel=\"canonical\" href=\"https:\/\/www.polisrecreio.com.br\/site\/2018\/03\/08\/jovem-de-recreio-desaparecido-desde-janeiro-e-encontrado\/\" \/>\n<meta property=\"og:locale\" content=\"pt_BR\" \/>\n<meta property=\"og:type\" content=\"article\" \/>\n<meta property=\"og:title\" content=\"Jovem de Recreio desaparecido desde janeiro \u00e9 encontrado - P\u00f3lis Recreio\" \/>\n<meta property=\"og:description\" content=\"O jovem de Recreio, Andr\u00e9 Barbosa, de 22 anos de idade, estava desaparecido desde janeiro. H\u00e1 exatos dois meses da \u00faltima informa\u00e7\u00e3o a fam\u00edlia, enfim, localizou o rapaz em Ressaquinha, a mais de 200 km de Recreio.\" \/>\n<meta property=\"og:url\" content=\"https:\/\/www.polisrecreio.com.br\/site\/2018\/03\/08\/jovem-de-recreio-desaparecido-desde-janeiro-e-encontrado\/\" \/>\n<meta property=\"og:site_name\" content=\"P\u00f3lis Recreio\" \/>\n<meta property=\"article:publisher\" content=\"https:\/\/www.facebook.com\/Site-P%c3%b3lis-Recreio-MG-181941708571019\/\" \/>\n<meta property=\"article:published_time\" content=\"2018-03-08T17:50:29+00:00\" \/>\n<meta property=\"article:modified_time\" content=\"2018-03-08T18:11:22+00:00\" \/>\n<meta property=\"og:image\" content=\"https:\/\/www.polisrecreio.com.br\/site\/wp-content\/uploads\/2018\/03\/21192133_470913839955027_6822329097353137005_n.jpg\" \/>\n\t<meta property=\"og:image:width\" content=\"515\" \/>\n\t<meta property=\"og:image:height\" content=\"516\" \/>\n<meta name=\"twitter:card\" content=\"summary_large_image\" \/>\n<meta name=\"twitter:creator\" content=\"@PolisRecreio\" \/>\n<meta name=\"twitter:site\" content=\"@PolisRecreio\" \/>\n<meta name=\"twitter:label1\" content=\"Est. reading time\">\n\t<meta name=\"twitter:data1\" content=\"1 minuto\">\n<script type=\"application\/ld+json\" class=\"yoast-schema-graph\">{\"@context\":\"https:\/\/schema.org\",\"@graph\":[{\"@type\":\"WebSite\",\"@id\":\"https:\/\/www.polisrecreio.com.br\/site\/#website\",\"url\":\"https:\/\/www.polisrecreio.com.br\/site\/\",\"name\":\"P\\u00f3lis Recreio\",\"description\":\"\",\"potentialAction\":[{\"@type\":\"SearchAction\",\"target\":\"https:\/\/www.polisrecreio.com.br\/site\/?s={search_term_string}\",\"query-input\":\"required name=search_term_string\"}],\"inLanguage\":\"pt-BR\"},{\"@type\":\"ImageObject\",\"@id\":\"https:\/\/www.polisrecreio.com.br\/site\/2018\/03\/08\/jovem-de-recreio-desaparecido-desde-janeiro-e-encontrado\/#primaryimage\",\"inLanguage\":\"pt-BR\",\"url\":\"https:\/\/www.polisrecreio.com.br\/site\/wp-content\/uploads\/2018\/03\/21192133_470913839955027_6822329097353137005_n.jpg\",\"width\":515,\"height\":516},{\"@type\":\"WebPage\",\"@id\":\"https:\/\/www.polisrecreio.com.br\/site\/2018\/03\/08\/jovem-de-recreio-desaparecido-desde-janeiro-e-encontrado\/#webpage\",\"url\":\"https:\/\/www.polisrecreio.com.br\/site\/2018\/03\/08\/jovem-de-recreio-desaparecido-desde-janeiro-e-encontrado\/\",\"name\":\"Jovem de Recreio desaparecido desde janeiro \\u00e9 encontrado - P\\u00f3lis Recreio\",\"isPartOf\":{\"@id\":\"https:\/\/www.polisrecreio.com.br\/site\/#website\"},\"primaryImageOfPage\":{\"@id\":\"https:\/\/www.polisrecreio.com.br\/site\/2018\/03\/08\/jovem-de-recreio-desaparecido-desde-janeiro-e-encontrado\/#primaryimage\"},\"datePublished\":\"2018-03-08T17:50:29+00:00\",\"dateModified\":\"2018-03-08T18:11:22+00:00\",\"author\":{\"@id\":\"https:\/\/www.polisrecreio.com.br\/site\/#\/schema\/person\/3363c1c78e1e28e1329d97adb387638e\"},\"inLanguage\":\"pt-BR\",\"potentialAction\":[{\"@type\":\"ReadAction\",\"target\":[\"https:\/\/www.polisrecreio.com.br\/site\/2018\/03\/08\/jovem-de-recreio-desaparecido-desde-janeiro-e-encontrado\/\"]}]},{\"@type\":\"Person\",\"@id\":\"https:\/\/www.polisrecreio.com.br\/site\/#\/schema\/person\/3363c1c78e1e28e1329d97adb387638e\",\"name\":\"Leonardo Ribeiro\",\"image\":{\"@type\":\"ImageObject\",\"@id\":\"https:\/\/www.polisrecreio.com.br\/site\/#personlogo\",\"inLanguage\":\"pt-BR\",\"url\":\"https:\/\/secure.gravatar.com\/avatar\/6ba92a37d621e1a83e23710251178a12?s=96&d=mm&r=g\",\"caption\":\"Leonardo Ribeiro\"},\"sameAs\":[\"http:\/\/www.polisrecreio.com.br\"]}]}<\/script>\n<!-- \/ Yoast SEO plugin. -->","_links":{"self":[{"href":"https:\/\/www.polisrecreio.com.br\/site\/wp-json\/wp\/v2\/posts\/9099"}],"collection":[{"href":"https:\/\/www.polisrecreio.com.br\/site\/wp-json\/wp\/v2\/posts"}],"about":[{"href":"https:\/\/www.polisrecreio.com.br\/site\/wp-json\/wp\/v2\/types\/post"}],"author":[{"embeddable":true,"href":"https:\/\/www.polisrecreio.com.br\/site\/wp-json\/wp\/v2\/users\/3"}],"replies":[{"embeddable":true,"href":"https:\/\/www.polisrecreio.com.br\/site\/wp-json\/wp\/v2\/comments?post=9099"}],"version-history":[{"count":6,"href":"https:\/\/www.polisrecreio.com.br\/site\/wp-json\/wp\/v2\/posts\/9099\/revisions"}],"predecessor-version":[{"id":9107,"href":"https:\/\/www.polisrecreio.com.br\/site\/wp-json\/wp\/v2\/posts\/9099\/revisions\/9107"}],"wp:featuredmedia":[{"embeddable":true,"href":"https:\/\/www.polisrecreio.com.br\/site\/wp-json\/wp\/v2\/media\/9100"}],"wp:attachment":[{"href":"https:\/\/www.polisrecreio.com.br\/site\/wp-json\/wp\/v2\/media?parent=9099"}],"wp:term":[{"taxonomy":"category","embeddable":true,"href":"https:\/\/www.polisrecreio.com.br\/site\/wp-json\/wp\/v2\/categories?post=9099"},{"taxonomy":"post_tag","embeddable":true,"href":"https:\/\/www.polisrecreio.com.br\/site\/wp-json\/wp\/v2\/tags?post=9099"}],"curies":[{"name":"wp","href":"https:\/\/api.w.org\/{rel}","templated":true}]}}