{"id":9108,"date":"2018-03-08T19:42:35","date_gmt":"2018-03-08T22:42:35","guid":{"rendered":"http:\/\/www.polisrecreio.com.br\/site\/?p=9108"},"modified":"2018-03-08T19:42:35","modified_gmt":"2018-03-08T22:42:35","slug":"prefeito-de-recreio-recebe-mulheres-do-setor-administrativo","status":"publish","type":"post","link":"https:\/\/www.polisrecreio.com.br\/site\/2018\/03\/08\/prefeito-de-recreio-recebe-mulheres-do-setor-administrativo\/","title":{"rendered":"Prefeito de Recreio recebe mulheres do setor administrativo"},"content":{"rendered":"<p style=\"text-align: justify;\">No \u201cDia Internacional da Mulher\u201d o prefeito de Recreio, Jos\u00e9 Maria Barros, recebeu no gabinete do executivo as mulheres do setor administrativo da Prefeitura Municipal.<\/p>\n<p><!--more--><\/p>\n<figure id=\"attachment_9109\" aria-describedby=\"caption-attachment-9109\" style=\"width: 750px\" class=\"wp-caption aligncenter\"><a href=\"http:\/\/www.polisrecreio.com.br\/site\/wp-content\/uploads\/2018\/03\/28928247_1644946865626110_1316793474_o.jpg\"><img loading=\"lazy\" class=\"size-full wp-image-9109\" src=\"http:\/\/www.polisrecreio.com.br\/site\/wp-content\/uploads\/2018\/03\/28928247_1644946865626110_1316793474_o.jpg\" alt=\"\" width=\"750\" height=\"421\" srcset=\"https:\/\/www.polisrecreio.com.br\/site\/wp-content\/uploads\/2018\/03\/28928247_1644946865626110_1316793474_o.jpg 750w, https:\/\/www.polisrecreio.com.br\/site\/wp-content\/uploads\/2018\/03\/28928247_1644946865626110_1316793474_o-300x168.jpg 300w\" sizes=\"(max-width: 750px) 100vw, 750px\" \/><\/a><figcaption id=\"caption-attachment-9109\" class=\"wp-caption-text\">Prefeito e mulheres do setor administrativo da Prefeitura.<\/figcaption><\/figure>\n<p style=\"text-align: justify;\">Entre o lanche da tarde e uma boa conversa o prefeito agradeceu ao empenho de cada uma nas diversas \u00e1reas do governo.<\/p>\n<p style=\"text-align: justify;\">Para as mulheres recreienses o chefe do executivo deixou a seguinte mensagem: \u201cvoc\u00eas representam a for\u00e7a, a intelig\u00eancia, a alegria e o amor de nossa sociedade. Tudo de bom: hoje, amanh\u00e3 e sempre!\u201d<\/p>\n","protected":false},"excerpt":{"rendered":"<p>No \u201cDia Internacional da Mulher\u201d o prefeito de Recreio, Jos\u00e9 Maria Barros, recebeu no gabinete do executivo as mulheres do setor administrativo da Prefeitura Municipal.<\/p>\n","protected":false},"author":3,"featured_media":9109,"comment_status":"open","ping_status":"open","sticky":false,"template":"","format":"standard","meta":[],"categories":[6],"tags":[],"yoast_head":"<!-- This site is optimized with the Yoast SEO plugin v15.6.2 - https:\/\/yoast.com\/wordpress\/plugins\/seo\/ -->\n<meta name=\"robots\" content=\"index, follow, max-snippet:-1, max-image-preview:large, max-video-preview:-1\" \/>\n<link rel=\"canonical\" href=\"http:\/\/www.polisrecreio.com.br\/site\/2018\/03\/08\/prefeito-de-recreio-recebe-mulheres-do-setor-administrativo\/\" \/>\n<meta property=\"og:locale\" content=\"pt_BR\" \/>\n<meta property=\"og:type\" content=\"article\" \/>\n<meta property=\"og:title\" content=\"Prefeito de Recreio recebe mulheres do setor administrativo - P\u00f3lis Recreio\" \/>\n<meta property=\"og:description\" content=\"No \u201cDia Internacional da Mulher\u201d o prefeito de Recreio, Jos\u00e9 Maria Barros, recebeu no gabinete do executivo as mulheres do setor administrativo da Prefeitura Municipal.\" \/>\n<meta property=\"og:url\" content=\"http:\/\/www.polisrecreio.com.br\/site\/2018\/03\/08\/prefeito-de-recreio-recebe-mulheres-do-setor-administrativo\/\" \/>\n<meta property=\"og:site_name\" content=\"P\u00f3lis Recreio\" \/>\n<meta property=\"article:publisher\" content=\"https:\/\/www.facebook.com\/Site-P%c3%b3lis-Recreio-MG-181941708571019\/\" \/>\n<meta property=\"article:published_time\" content=\"2018-03-08T22:42:35+00:00\" \/>\n<meta property=\"og:image\" content=\"https:\/\/www.polisrecreio.com.br\/site\/wp-content\/uploads\/2018\/03\/28928247_1644946865626110_1316793474_o.jpg\" \/>\n\t<meta property=\"og:image:width\" content=\"750\" \/>\n\t<meta property=\"og:image:height\" content=\"421\" \/>\n<meta name=\"twitter:card\" content=\"summary_large_image\" \/>\n<meta name=\"twitter:creator\" content=\"@PolisRecreio\" \/>\n<meta name=\"twitter:site\" content=\"@PolisRecreio\" \/>\n<script type=\"application\/ld+json\" class=\"yoast-schema-graph\">{\"@context\":\"https:\/\/schema.org\",\"@graph\":[{\"@type\":\"WebSite\",\"@id\":\"https:\/\/www.polisrecreio.com.br\/site\/#website\",\"url\":\"https:\/\/www.polisrecreio.com.br\/site\/\",\"name\":\"P\\u00f3lis Recreio\",\"description\":\"\",\"potentialAction\":[{\"@type\":\"SearchAction\",\"target\":\"https:\/\/www.polisrecreio.com.br\/site\/?s={search_term_string}\",\"query-input\":\"required name=search_term_string\"}],\"inLanguage\":\"pt-BR\"},{\"@type\":\"ImageObject\",\"@id\":\"http:\/\/www.polisrecreio.com.br\/site\/2018\/03\/08\/prefeito-de-recreio-recebe-mulheres-do-setor-administrativo\/#primaryimage\",\"inLanguage\":\"pt-BR\",\"url\":\"https:\/\/www.polisrecreio.com.br\/site\/wp-content\/uploads\/2018\/03\/28928247_1644946865626110_1316793474_o.jpg\",\"width\":750,\"height\":421,\"caption\":\"Prefeito e mulheres do setor administrativo da Prefeitura.\"},{\"@type\":\"WebPage\",\"@id\":\"http:\/\/www.polisrecreio.com.br\/site\/2018\/03\/08\/prefeito-de-recreio-recebe-mulheres-do-setor-administrativo\/#webpage\",\"url\":\"http:\/\/www.polisrecreio.com.br\/site\/2018\/03\/08\/prefeito-de-recreio-recebe-mulheres-do-setor-administrativo\/\",\"name\":\"Prefeito de Recreio recebe mulheres do setor administrativo - P\\u00f3lis Recreio\",\"isPartOf\":{\"@id\":\"https:\/\/www.polisrecreio.com.br\/site\/#website\"},\"primaryImageOfPage\":{\"@id\":\"http:\/\/www.polisrecreio.com.br\/site\/2018\/03\/08\/prefeito-de-recreio-recebe-mulheres-do-setor-administrativo\/#primaryimage\"},\"datePublished\":\"2018-03-08T22:42:35+00:00\",\"dateModified\":\"2018-03-08T22:42:35+00:00\",\"author\":{\"@id\":\"https:\/\/www.polisrecreio.com.br\/site\/#\/schema\/person\/3363c1c78e1e28e1329d97adb387638e\"},\"inLanguage\":\"pt-BR\",\"potentialAction\":[{\"@type\":\"ReadAction\",\"target\":[\"http:\/\/www.polisrecreio.com.br\/site\/2018\/03\/08\/prefeito-de-recreio-recebe-mulheres-do-setor-administrativo\/\"]}]},{\"@type\":\"Person\",\"@id\":\"https:\/\/www.polisrecreio.com.br\/site\/#\/schema\/person\/3363c1c78e1e28e1329d97adb387638e\",\"name\":\"Leonardo Ribeiro\",\"image\":{\"@type\":\"ImageObject\",\"@id\":\"https:\/\/www.polisrecreio.com.br\/site\/#personlogo\",\"inLanguage\":\"pt-BR\",\"url\":\"https:\/\/secure.gravatar.com\/avatar\/6ba92a37d621e1a83e23710251178a12?s=96&d=mm&r=g\",\"caption\":\"Leonardo Ribeiro\"},\"sameAs\":[\"http:\/\/www.polisrecreio.com.br\"]}]}<\/script>\n<!-- \/ Yoast SEO plugin. -->","_links":{"self":[{"href":"https:\/\/www.polisrecreio.com.br\/site\/wp-json\/wp\/v2\/posts\/9108"}],"collection":[{"href":"https:\/\/www.polisrecreio.com.br\/site\/wp-json\/wp\/v2\/posts"}],"about":[{"href":"https:\/\/www.polisrecreio.com.br\/site\/wp-json\/wp\/v2\/types\/post"}],"author":[{"embeddable":true,"href":"https:\/\/www.polisrecreio.com.br\/site\/wp-json\/wp\/v2\/users\/3"}],"replies":[{"embeddable":true,"href":"https:\/\/www.polisrecreio.com.br\/site\/wp-json\/wp\/v2\/comments?post=9108"}],"version-history":[{"count":1,"href":"https:\/\/www.polisrecreio.com.br\/site\/wp-json\/wp\/v2\/posts\/9108\/revisions"}],"predecessor-version":[{"id":9110,"href":"https:\/\/www.polisrecreio.com.br\/site\/wp-json\/wp\/v2\/posts\/9108\/revisions\/9110"}],"wp:featuredmedia":[{"embeddable":true,"href":"https:\/\/www.polisrecreio.com.br\/site\/wp-json\/wp\/v2\/media\/9109"}],"wp:attachment":[{"href":"https:\/\/www.polisrecreio.com.br\/site\/wp-json\/wp\/v2\/media?parent=9108"}],"wp:term":[{"taxonomy":"category","embeddable":true,"href":"https:\/\/www.polisrecreio.com.br\/site\/wp-json\/wp\/v2\/categories?post=9108"},{"taxonomy":"post_tag","embeddable":true,"href":"https:\/\/www.polisrecreio.com.br\/site\/wp-json\/wp\/v2\/tags?post=9108"}],"curies":[{"name":"wp","href":"https:\/\/api.w.org\/{rel}","templated":true}]}}