{"id":9111,"date":"2018-03-09T09:19:35","date_gmt":"2018-03-09T12:19:35","guid":{"rendered":"http:\/\/www.polisrecreio.com.br\/site\/?p=9111"},"modified":"2018-03-09T09:20:48","modified_gmt":"2018-03-09T12:20:48","slug":"ribeirao-dos-monos-amanhece-com-nivel-alto-nesta-sexta-feira-9","status":"publish","type":"post","link":"https:\/\/www.polisrecreio.com.br\/site\/2018\/03\/09\/ribeirao-dos-monos-amanhece-com-nivel-alto-nesta-sexta-feira-9\/","title":{"rendered":"Ribeir\u00e3o dos Monos amanhece com n\u00edvel alto nesta sexta-feira (9)"},"content":{"rendered":"<p style=\"text-align: justify;\">O Ribeir\u00e3o dos Monos amanheceu com o n\u00edvel alto nesta sexta-feira (9) ap\u00f3s as fortes chuvas da noite de quinta-feira (8). Apesar da cheia, por enquanto, n\u00e3o houve transbordamentos.<\/p>\n<p><!--more--><\/p>\n<p><a href=\"http:\/\/www.polisrecreio.com.br\/site\/wp-content\/uploads\/2018\/03\/28942850_1645671765553620_1491945196_o.jpg\"><img loading=\"lazy\" class=\"aligncenter size-full wp-image-9112\" src=\"http:\/\/www.polisrecreio.com.br\/site\/wp-content\/uploads\/2018\/03\/28942850_1645671765553620_1491945196_o.jpg\" alt=\"\" width=\"750\" height=\"422\" srcset=\"https:\/\/www.polisrecreio.com.br\/site\/wp-content\/uploads\/2018\/03\/28942850_1645671765553620_1491945196_o.jpg 750w, https:\/\/www.polisrecreio.com.br\/site\/wp-content\/uploads\/2018\/03\/28942850_1645671765553620_1491945196_o-300x169.jpg 300w\" sizes=\"(max-width: 750px) 100vw, 750px\" \/><\/a><\/p>\n<p style=\"text-align: justify;\">Por volta das 7h da manh\u00e3 o ribeir\u00e3o, que corta toda a cidade, estava a poucos metros de derramar \u00e1gua para fora do seu leito na altura da ponte entre os bairros Caxias e Machados.<\/p>\n<p style=\"text-align: justify;\">Ao final desta edi\u00e7\u00e3o, \u00e0s 9h, o n\u00edvel come\u00e7ava a baixar. Por\u00e9m, voltou a chover. Segundo sites de meteorologia as chuvas devem continuar neste final de semana.<\/p>\n<p style=\"text-align: justify;\"><a href=\"http:\/\/www.polisrecreio.com.br\/site\/wp-content\/uploads\/2018\/03\/28907210_1645671838886946_410583112_n.jpg\"><img loading=\"lazy\" class=\"size-medium wp-image-9113 alignleft\" src=\"http:\/\/www.polisrecreio.com.br\/site\/wp-content\/uploads\/2018\/03\/28907210_1645671838886946_410583112_n-300x169.jpg\" alt=\"\" width=\"300\" height=\"169\" srcset=\"https:\/\/www.polisrecreio.com.br\/site\/wp-content\/uploads\/2018\/03\/28907210_1645671838886946_410583112_n-300x169.jpg 300w, https:\/\/www.polisrecreio.com.br\/site\/wp-content\/uploads\/2018\/03\/28907210_1645671838886946_410583112_n.jpg 480w\" sizes=\"(max-width: 300px) 100vw, 300px\" \/><\/a>Confira os dados do site Clima Tempo:<\/p>\n<p style=\"text-align: justify;\">Sexta-feira&#8230;80 mmm&#8230;.90%;<\/p>\n<p style=\"text-align: justify;\">S\u00e1bado&#8230;20 mm&#8230;.90%;<\/p>\n<p style=\"text-align: justify;\">Domingo&#8230;10 mm&#8230;90%.<\/p>\n<p>&nbsp;<\/p>\n<p><em>Com informa\u00e7\u00f5es: Site Clima Tempo.<\/em><\/p>\n","protected":false},"excerpt":{"rendered":"<p>O Ribeir\u00e3o dos Monos amanheceu com o n\u00edvel alto nesta sexta-feira (9) ap\u00f3s as fortes chuvas da noite de quinta-feira (8). Apesar da cheia, por enquanto, n\u00e3o houve transbordamentos.<\/p>\n","protected":false},"author":3,"featured_media":9112,"comment_status":"open","ping_status":"open","sticky":false,"template":"","format":"standard","meta":[],"categories":[6],"tags":[],"yoast_head":"<!-- This site is optimized with the Yoast SEO plugin v15.6.2 - https:\/\/yoast.com\/wordpress\/plugins\/seo\/ -->\n<meta name=\"robots\" content=\"index, follow, max-snippet:-1, max-image-preview:large, max-video-preview:-1\" \/>\n<link rel=\"canonical\" href=\"https:\/\/www.polisrecreio.com.br\/site\/2018\/03\/09\/ribeirao-dos-monos-amanhece-com-nivel-alto-nesta-sexta-feira-9\/\" \/>\n<meta property=\"og:locale\" content=\"pt_BR\" \/>\n<meta property=\"og:type\" content=\"article\" \/>\n<meta property=\"og:title\" content=\"Ribeir\u00e3o dos Monos amanhece com n\u00edvel alto nesta sexta-feira (9) - P\u00f3lis Recreio\" \/>\n<meta property=\"og:description\" content=\"O Ribeir\u00e3o dos Monos amanheceu com o n\u00edvel alto nesta sexta-feira (9) ap\u00f3s as fortes chuvas da noite de quinta-feira (8). Apesar da cheia, por enquanto, n\u00e3o houve transbordamentos.\" \/>\n<meta property=\"og:url\" content=\"https:\/\/www.polisrecreio.com.br\/site\/2018\/03\/09\/ribeirao-dos-monos-amanhece-com-nivel-alto-nesta-sexta-feira-9\/\" \/>\n<meta property=\"og:site_name\" content=\"P\u00f3lis Recreio\" \/>\n<meta property=\"article:publisher\" content=\"https:\/\/www.facebook.com\/Site-P%c3%b3lis-Recreio-MG-181941708571019\/\" \/>\n<meta property=\"article:published_time\" content=\"2018-03-09T12:19:35+00:00\" \/>\n<meta property=\"article:modified_time\" content=\"2018-03-09T12:20:48+00:00\" \/>\n<meta property=\"og:image\" content=\"https:\/\/www.polisrecreio.com.br\/site\/wp-content\/uploads\/2018\/03\/28942850_1645671765553620_1491945196_o.jpg\" \/>\n\t<meta property=\"og:image:width\" content=\"750\" \/>\n\t<meta property=\"og:image:height\" content=\"422\" \/>\n<meta name=\"twitter:card\" content=\"summary_large_image\" \/>\n<meta name=\"twitter:creator\" content=\"@PolisRecreio\" \/>\n<meta name=\"twitter:site\" content=\"@PolisRecreio\" \/>\n<meta name=\"twitter:label1\" content=\"Est. reading time\">\n\t<meta name=\"twitter:data1\" content=\"1 minuto\">\n<script type=\"application\/ld+json\" class=\"yoast-schema-graph\">{\"@context\":\"https:\/\/schema.org\",\"@graph\":[{\"@type\":\"WebSite\",\"@id\":\"https:\/\/www.polisrecreio.com.br\/site\/#website\",\"url\":\"https:\/\/www.polisrecreio.com.br\/site\/\",\"name\":\"P\\u00f3lis Recreio\",\"description\":\"\",\"potentialAction\":[{\"@type\":\"SearchAction\",\"target\":\"https:\/\/www.polisrecreio.com.br\/site\/?s={search_term_string}\",\"query-input\":\"required name=search_term_string\"}],\"inLanguage\":\"pt-BR\"},{\"@type\":\"ImageObject\",\"@id\":\"https:\/\/www.polisrecreio.com.br\/site\/2018\/03\/09\/ribeirao-dos-monos-amanhece-com-nivel-alto-nesta-sexta-feira-9\/#primaryimage\",\"inLanguage\":\"pt-BR\",\"url\":\"https:\/\/www.polisrecreio.com.br\/site\/wp-content\/uploads\/2018\/03\/28942850_1645671765553620_1491945196_o.jpg\",\"width\":750,\"height\":422},{\"@type\":\"WebPage\",\"@id\":\"https:\/\/www.polisrecreio.com.br\/site\/2018\/03\/09\/ribeirao-dos-monos-amanhece-com-nivel-alto-nesta-sexta-feira-9\/#webpage\",\"url\":\"https:\/\/www.polisrecreio.com.br\/site\/2018\/03\/09\/ribeirao-dos-monos-amanhece-com-nivel-alto-nesta-sexta-feira-9\/\",\"name\":\"Ribeir\\u00e3o dos Monos amanhece com n\\u00edvel alto nesta sexta-feira (9) - P\\u00f3lis Recreio\",\"isPartOf\":{\"@id\":\"https:\/\/www.polisrecreio.com.br\/site\/#website\"},\"primaryImageOfPage\":{\"@id\":\"https:\/\/www.polisrecreio.com.br\/site\/2018\/03\/09\/ribeirao-dos-monos-amanhece-com-nivel-alto-nesta-sexta-feira-9\/#primaryimage\"},\"datePublished\":\"2018-03-09T12:19:35+00:00\",\"dateModified\":\"2018-03-09T12:20:48+00:00\",\"author\":{\"@id\":\"https:\/\/www.polisrecreio.com.br\/site\/#\/schema\/person\/3363c1c78e1e28e1329d97adb387638e\"},\"inLanguage\":\"pt-BR\",\"potentialAction\":[{\"@type\":\"ReadAction\",\"target\":[\"https:\/\/www.polisrecreio.com.br\/site\/2018\/03\/09\/ribeirao-dos-monos-amanhece-com-nivel-alto-nesta-sexta-feira-9\/\"]}]},{\"@type\":\"Person\",\"@id\":\"https:\/\/www.polisrecreio.com.br\/site\/#\/schema\/person\/3363c1c78e1e28e1329d97adb387638e\",\"name\":\"Leonardo Ribeiro\",\"image\":{\"@type\":\"ImageObject\",\"@id\":\"https:\/\/www.polisrecreio.com.br\/site\/#personlogo\",\"inLanguage\":\"pt-BR\",\"url\":\"https:\/\/secure.gravatar.com\/avatar\/6ba92a37d621e1a83e23710251178a12?s=96&d=mm&r=g\",\"caption\":\"Leonardo Ribeiro\"},\"sameAs\":[\"http:\/\/www.polisrecreio.com.br\"]}]}<\/script>\n<!-- \/ Yoast SEO plugin. -->","_links":{"self":[{"href":"https:\/\/www.polisrecreio.com.br\/site\/wp-json\/wp\/v2\/posts\/9111"}],"collection":[{"href":"https:\/\/www.polisrecreio.com.br\/site\/wp-json\/wp\/v2\/posts"}],"about":[{"href":"https:\/\/www.polisrecreio.com.br\/site\/wp-json\/wp\/v2\/types\/post"}],"author":[{"embeddable":true,"href":"https:\/\/www.polisrecreio.com.br\/site\/wp-json\/wp\/v2\/users\/3"}],"replies":[{"embeddable":true,"href":"https:\/\/www.polisrecreio.com.br\/site\/wp-json\/wp\/v2\/comments?post=9111"}],"version-history":[{"count":2,"href":"https:\/\/www.polisrecreio.com.br\/site\/wp-json\/wp\/v2\/posts\/9111\/revisions"}],"predecessor-version":[{"id":9115,"href":"https:\/\/www.polisrecreio.com.br\/site\/wp-json\/wp\/v2\/posts\/9111\/revisions\/9115"}],"wp:featuredmedia":[{"embeddable":true,"href":"https:\/\/www.polisrecreio.com.br\/site\/wp-json\/wp\/v2\/media\/9112"}],"wp:attachment":[{"href":"https:\/\/www.polisrecreio.com.br\/site\/wp-json\/wp\/v2\/media?parent=9111"}],"wp:term":[{"taxonomy":"category","embeddable":true,"href":"https:\/\/www.polisrecreio.com.br\/site\/wp-json\/wp\/v2\/categories?post=9111"},{"taxonomy":"post_tag","embeddable":true,"href":"https:\/\/www.polisrecreio.com.br\/site\/wp-json\/wp\/v2\/tags?post=9111"}],"curies":[{"name":"wp","href":"https:\/\/api.w.org\/{rel}","templated":true}]}}