{"id":9116,"date":"2018-03-09T20:24:45","date_gmt":"2018-03-09T23:24:45","guid":{"rendered":"http:\/\/www.polisrecreio.com.br\/site\/?p=9116"},"modified":"2018-03-09T20:24:45","modified_gmt":"2018-03-09T23:24:45","slug":"cras-ate-voce-firma-parceria-com-e-e-presidente-carlos-luz","status":"publish","type":"post","link":"https:\/\/www.polisrecreio.com.br\/site\/2018\/03\/09\/cras-ate-voce-firma-parceria-com-e-e-presidente-carlos-luz\/","title":{"rendered":"\u201cCRAS At\u00e9 Voc\u00ea\u201d firma parceria com E.E Presidente Carlos Luz"},"content":{"rendered":"<p style=\"text-align: justify;\">O \u201cCRAS At\u00e9 Voc\u00ea\u201d, criado em 2017 pelo governo Jos\u00e9 Maria Barros, com objetivo de ofertar servi\u00e7os sociassistenciais ao cidad\u00e3o em locais distantes da sede do Centro de Refer\u00eancia de Assistente Social, como tem sido feito no distrito de Concei\u00e7\u00e3o da Boa Vista, firmou parceria com a E.E Presidente Carlos Luz, da mesma localidade.<\/p>\n<p><!--more--><\/p>\n<p><a href=\"http:\/\/www.polisrecreio.com.br\/site\/wp-content\/uploads\/2018\/03\/IMG_20180309_132235890.jpg\"><img loading=\"lazy\" class=\"aligncenter size-large wp-image-9117\" src=\"http:\/\/www.polisrecreio.com.br\/site\/wp-content\/uploads\/2018\/03\/IMG_20180309_132235890-1024x575.jpg\" alt=\"\" width=\"650\" height=\"365\" srcset=\"https:\/\/www.polisrecreio.com.br\/site\/wp-content\/uploads\/2018\/03\/IMG_20180309_132235890-1024x575.jpg 1024w, https:\/\/www.polisrecreio.com.br\/site\/wp-content\/uploads\/2018\/03\/IMG_20180309_132235890-300x168.jpg 300w, https:\/\/www.polisrecreio.com.br\/site\/wp-content\/uploads\/2018\/03\/IMG_20180309_132235890-768x431.jpg 768w\" sizes=\"(max-width: 650px) 100vw, 650px\" \/><\/a><\/p>\n<p style=\"text-align: justify;\">Nesta sexta-feira (9), a psic\u00f3loga, Beatris Carpinetti, e, a assistente social, B\u00e1rbara da Silva, estiveram no col\u00e9gio no turno vespertino, a convite do diretor V\u00edtor do Bem. Durante quase 1 hora as profissionais do CRAS conversaram com os alunos sobre \u201cconviv\u00eancia, respeito e socializa\u00e7\u00e3o\u201d.<\/p>\n<p style=\"text-align: justify;\">A expectativa para as pr\u00f3ximas atividades ser\u00e1 atender os estudantes em din\u00e2micas de grupo ou em conversas particulares. A previs\u00e3o \u00e9 que elas retornem ao col\u00e9gio no dia 23.<\/p>\n<p style=\"text-align: justify;\">De 15 em 15 dias o \u201cCRAS At\u00e9 Voc\u00ea\u201d est\u00e1 na Unidade de Sa\u00fade Altina Maria da Concei\u00e7\u00e3o, com atendimentos de psic\u00f3loga, assistente social e regulariza\u00e7\u00e3o ou cadastros do programa Bolsa Fam\u00edlia, no turno da manh\u00e3.<\/p>\n<p><a href=\"http:\/\/www.polisrecreio.com.br\/site\/wp-content\/uploads\/2018\/03\/IMG_20180309_132318015.jpg\"><img loading=\"lazy\" class=\"aligncenter size-large wp-image-9118\" src=\"http:\/\/www.polisrecreio.com.br\/site\/wp-content\/uploads\/2018\/03\/IMG_20180309_132318015-1024x575.jpg\" alt=\"\" width=\"650\" height=\"365\" srcset=\"https:\/\/www.polisrecreio.com.br\/site\/wp-content\/uploads\/2018\/03\/IMG_20180309_132318015-1024x575.jpg 1024w, https:\/\/www.polisrecreio.com.br\/site\/wp-content\/uploads\/2018\/03\/IMG_20180309_132318015-300x168.jpg 300w, https:\/\/www.polisrecreio.com.br\/site\/wp-content\/uploads\/2018\/03\/IMG_20180309_132318015-768x431.jpg 768w\" sizes=\"(max-width: 650px) 100vw, 650px\" \/><\/a><\/p>\n<p><a href=\"http:\/\/www.polisrecreio.com.br\/site\/wp-content\/uploads\/2018\/03\/IMG_20180309_132544361.jpg\"><img loading=\"lazy\" class=\"aligncenter size-large wp-image-9119\" src=\"http:\/\/www.polisrecreio.com.br\/site\/wp-content\/uploads\/2018\/03\/IMG_20180309_132544361-1024x575.jpg\" alt=\"\" width=\"650\" height=\"365\" srcset=\"https:\/\/www.polisrecreio.com.br\/site\/wp-content\/uploads\/2018\/03\/IMG_20180309_132544361-1024x575.jpg 1024w, https:\/\/www.polisrecreio.com.br\/site\/wp-content\/uploads\/2018\/03\/IMG_20180309_132544361-300x168.jpg 300w, https:\/\/www.polisrecreio.com.br\/site\/wp-content\/uploads\/2018\/03\/IMG_20180309_132544361-768x431.jpg 768w\" sizes=\"(max-width: 650px) 100vw, 650px\" \/><\/a><\/p>\n<p><a href=\"http:\/\/www.polisrecreio.com.br\/site\/wp-content\/uploads\/2018\/03\/IMG_20180309_134747810.jpg\"><img loading=\"lazy\" class=\"aligncenter size-large wp-image-9120\" src=\"http:\/\/www.polisrecreio.com.br\/site\/wp-content\/uploads\/2018\/03\/IMG_20180309_134747810-1024x575.jpg\" alt=\"\" width=\"650\" height=\"365\" srcset=\"https:\/\/www.polisrecreio.com.br\/site\/wp-content\/uploads\/2018\/03\/IMG_20180309_134747810-1024x575.jpg 1024w, https:\/\/www.polisrecreio.com.br\/site\/wp-content\/uploads\/2018\/03\/IMG_20180309_134747810-300x168.jpg 300w, https:\/\/www.polisrecreio.com.br\/site\/wp-content\/uploads\/2018\/03\/IMG_20180309_134747810-768x431.jpg 768w\" sizes=\"(max-width: 650px) 100vw, 650px\" \/><\/a><\/p>\n<p><a href=\"http:\/\/www.polisrecreio.com.br\/site\/wp-content\/uploads\/2018\/03\/IMG_20180309_135306543.jpg\"><img loading=\"lazy\" class=\"aligncenter size-large wp-image-9121\" src=\"http:\/\/www.polisrecreio.com.br\/site\/wp-content\/uploads\/2018\/03\/IMG_20180309_135306543-1024x575.jpg\" alt=\"\" width=\"650\" height=\"365\" srcset=\"https:\/\/www.polisrecreio.com.br\/site\/wp-content\/uploads\/2018\/03\/IMG_20180309_135306543-1024x575.jpg 1024w, https:\/\/www.polisrecreio.com.br\/site\/wp-content\/uploads\/2018\/03\/IMG_20180309_135306543-300x168.jpg 300w, https:\/\/www.polisrecreio.com.br\/site\/wp-content\/uploads\/2018\/03\/IMG_20180309_135306543-768x431.jpg 768w\" sizes=\"(max-width: 650px) 100vw, 650px\" \/><\/a><\/p>\n","protected":false},"excerpt":{"rendered":"<p>O \u201cCRAS At\u00e9 Voc\u00ea\u201d, criado em 2017 pelo governo Jos\u00e9 Maria Barros, com objetivo de ofertar servi\u00e7os sociassistenciais ao cidad\u00e3o em locais distantes da sede do Centro de Refer\u00eancia de Assistente Social, como tem sido feito no distrito de Concei\u00e7\u00e3o da Boa Vista, firmou parceria com a E.E Presidente Carlos Luz, da mesma localidade.<\/p>\n","protected":false},"author":3,"featured_media":9117,"comment_status":"open","ping_status":"open","sticky":false,"template":"","format":"standard","meta":[],"categories":[9],"tags":[],"yoast_head":"<!-- This site is optimized with the Yoast SEO plugin v15.6.2 - https:\/\/yoast.com\/wordpress\/plugins\/seo\/ -->\n<meta name=\"robots\" content=\"index, follow, max-snippet:-1, max-image-preview:large, max-video-preview:-1\" \/>\n<link rel=\"canonical\" href=\"https:\/\/www.polisrecreio.com.br\/site\/2018\/03\/09\/cras-ate-voce-firma-parceria-com-e-e-presidente-carlos-luz\/\" \/>\n<meta property=\"og:locale\" content=\"pt_BR\" \/>\n<meta property=\"og:type\" content=\"article\" \/>\n<meta property=\"og:title\" content=\"\u201cCRAS At\u00e9 Voc\u00ea\u201d firma parceria com E.E Presidente Carlos Luz - P\u00f3lis Recreio\" \/>\n<meta property=\"og:description\" content=\"O \u201cCRAS At\u00e9 Voc\u00ea\u201d, criado em 2017 pelo governo Jos\u00e9 Maria Barros, com objetivo de ofertar servi\u00e7os sociassistenciais ao cidad\u00e3o em locais distantes da sede do Centro de Refer\u00eancia de Assistente Social, como tem sido feito no distrito de Concei\u00e7\u00e3o da Boa Vista, firmou parceria com a E.E Presidente Carlos Luz, da mesma localidade.\" \/>\n<meta property=\"og:url\" content=\"https:\/\/www.polisrecreio.com.br\/site\/2018\/03\/09\/cras-ate-voce-firma-parceria-com-e-e-presidente-carlos-luz\/\" \/>\n<meta property=\"og:site_name\" content=\"P\u00f3lis Recreio\" \/>\n<meta property=\"article:publisher\" content=\"https:\/\/www.facebook.com\/Site-P%c3%b3lis-Recreio-MG-181941708571019\/\" \/>\n<meta property=\"article:published_time\" content=\"2018-03-09T23:24:45+00:00\" \/>\n<meta property=\"og:image\" content=\"https:\/\/www.polisrecreio.com.br\/site\/wp-content\/uploads\/2018\/03\/IMG_20180309_132235890-1024x575.jpg\" \/>\n\t<meta property=\"og:image:width\" content=\"1024\" \/>\n\t<meta property=\"og:image:height\" content=\"575\" \/>\n<meta name=\"twitter:card\" content=\"summary_large_image\" \/>\n<meta name=\"twitter:creator\" content=\"@PolisRecreio\" \/>\n<meta name=\"twitter:site\" content=\"@PolisRecreio\" \/>\n<meta name=\"twitter:label1\" content=\"Est. reading time\">\n\t<meta name=\"twitter:data1\" content=\"1 minuto\">\n<script type=\"application\/ld+json\" class=\"yoast-schema-graph\">{\"@context\":\"https:\/\/schema.org\",\"@graph\":[{\"@type\":\"WebSite\",\"@id\":\"https:\/\/www.polisrecreio.com.br\/site\/#website\",\"url\":\"https:\/\/www.polisrecreio.com.br\/site\/\",\"name\":\"P\\u00f3lis Recreio\",\"description\":\"\",\"potentialAction\":[{\"@type\":\"SearchAction\",\"target\":\"https:\/\/www.polisrecreio.com.br\/site\/?s={search_term_string}\",\"query-input\":\"required name=search_term_string\"}],\"inLanguage\":\"pt-BR\"},{\"@type\":\"ImageObject\",\"@id\":\"https:\/\/www.polisrecreio.com.br\/site\/2018\/03\/09\/cras-ate-voce-firma-parceria-com-e-e-presidente-carlos-luz\/#primaryimage\",\"inLanguage\":\"pt-BR\",\"url\":\"https:\/\/www.polisrecreio.com.br\/site\/wp-content\/uploads\/2018\/03\/IMG_20180309_132235890.jpg\",\"width\":4160,\"height\":2336},{\"@type\":\"WebPage\",\"@id\":\"https:\/\/www.polisrecreio.com.br\/site\/2018\/03\/09\/cras-ate-voce-firma-parceria-com-e-e-presidente-carlos-luz\/#webpage\",\"url\":\"https:\/\/www.polisrecreio.com.br\/site\/2018\/03\/09\/cras-ate-voce-firma-parceria-com-e-e-presidente-carlos-luz\/\",\"name\":\"\\u201cCRAS At\\u00e9 Voc\\u00ea\\u201d firma parceria com E.E Presidente Carlos Luz - P\\u00f3lis Recreio\",\"isPartOf\":{\"@id\":\"https:\/\/www.polisrecreio.com.br\/site\/#website\"},\"primaryImageOfPage\":{\"@id\":\"https:\/\/www.polisrecreio.com.br\/site\/2018\/03\/09\/cras-ate-voce-firma-parceria-com-e-e-presidente-carlos-luz\/#primaryimage\"},\"datePublished\":\"2018-03-09T23:24:45+00:00\",\"dateModified\":\"2018-03-09T23:24:45+00:00\",\"author\":{\"@id\":\"https:\/\/www.polisrecreio.com.br\/site\/#\/schema\/person\/3363c1c78e1e28e1329d97adb387638e\"},\"inLanguage\":\"pt-BR\",\"potentialAction\":[{\"@type\":\"ReadAction\",\"target\":[\"https:\/\/www.polisrecreio.com.br\/site\/2018\/03\/09\/cras-ate-voce-firma-parceria-com-e-e-presidente-carlos-luz\/\"]}]},{\"@type\":\"Person\",\"@id\":\"https:\/\/www.polisrecreio.com.br\/site\/#\/schema\/person\/3363c1c78e1e28e1329d97adb387638e\",\"name\":\"Leonardo Ribeiro\",\"image\":{\"@type\":\"ImageObject\",\"@id\":\"https:\/\/www.polisrecreio.com.br\/site\/#personlogo\",\"inLanguage\":\"pt-BR\",\"url\":\"https:\/\/secure.gravatar.com\/avatar\/6ba92a37d621e1a83e23710251178a12?s=96&d=mm&r=g\",\"caption\":\"Leonardo Ribeiro\"},\"sameAs\":[\"http:\/\/www.polisrecreio.com.br\"]}]}<\/script>\n<!-- \/ Yoast SEO plugin. -->","_links":{"self":[{"href":"https:\/\/www.polisrecreio.com.br\/site\/wp-json\/wp\/v2\/posts\/9116"}],"collection":[{"href":"https:\/\/www.polisrecreio.com.br\/site\/wp-json\/wp\/v2\/posts"}],"about":[{"href":"https:\/\/www.polisrecreio.com.br\/site\/wp-json\/wp\/v2\/types\/post"}],"author":[{"embeddable":true,"href":"https:\/\/www.polisrecreio.com.br\/site\/wp-json\/wp\/v2\/users\/3"}],"replies":[{"embeddable":true,"href":"https:\/\/www.polisrecreio.com.br\/site\/wp-json\/wp\/v2\/comments?post=9116"}],"version-history":[{"count":1,"href":"https:\/\/www.polisrecreio.com.br\/site\/wp-json\/wp\/v2\/posts\/9116\/revisions"}],"predecessor-version":[{"id":9122,"href":"https:\/\/www.polisrecreio.com.br\/site\/wp-json\/wp\/v2\/posts\/9116\/revisions\/9122"}],"wp:featuredmedia":[{"embeddable":true,"href":"https:\/\/www.polisrecreio.com.br\/site\/wp-json\/wp\/v2\/media\/9117"}],"wp:attachment":[{"href":"https:\/\/www.polisrecreio.com.br\/site\/wp-json\/wp\/v2\/media?parent=9116"}],"wp:term":[{"taxonomy":"category","embeddable":true,"href":"https:\/\/www.polisrecreio.com.br\/site\/wp-json\/wp\/v2\/categories?post=9116"},{"taxonomy":"post_tag","embeddable":true,"href":"https:\/\/www.polisrecreio.com.br\/site\/wp-json\/wp\/v2\/tags?post=9116"}],"curies":[{"name":"wp","href":"https:\/\/api.w.org\/{rel}","templated":true}]}}