{"id":9123,"date":"2018-03-10T13:32:02","date_gmt":"2018-03-10T16:32:02","guid":{"rendered":"http:\/\/www.polisrecreio.com.br\/site\/?p=9123"},"modified":"2018-03-10T13:49:14","modified_gmt":"2018-03-10T16:49:14","slug":"ministerio-do-turismo-destaca-projeto-do-trem-turistico-e-recreio-e-parte-fundamental","status":"publish","type":"post","link":"https:\/\/www.polisrecreio.com.br\/site\/2018\/03\/10\/ministerio-do-turismo-destaca-projeto-do-trem-turistico-e-recreio-e-parte-fundamental\/","title":{"rendered":"Minist\u00e9rio do Turismo destaca projeto do trem tur\u00edstico e Recreio \u00e9 parte fundamental"},"content":{"rendered":"<p style=\"text-align: justify;\">O maior \u00f3rg\u00e3o tur\u00edstico do Brasil, o Minist\u00e9rio do Turismo, destacou esta semana o projeto do trem tur\u00edstico, Trem Rio-Minas. Recreio \u00e9 parte fundamental na implementa\u00e7\u00e3o da proposta de voltar com o movimento ferrovi\u00e1rio na regi\u00e3o. Al\u00e9m de fazer parte do circuito, a cidade abriga a oficina de reparos e manuten\u00e7\u00e3o de locomotivas e vag\u00f5es.<\/p>\n<p><!--more--><\/p>\n<figure id=\"attachment_9124\" aria-describedby=\"caption-attachment-9124\" style=\"width: 960px\" class=\"wp-caption aligncenter\"><a href=\"http:\/\/www.polisrecreio.com.br\/site\/wp-content\/uploads\/2018\/03\/26904551_1824101147601349_4315733142810700680_n.jpg\"><img loading=\"lazy\" class=\"wp-image-9124 size-full\" src=\"http:\/\/www.polisrecreio.com.br\/site\/wp-content\/uploads\/2018\/03\/26904551_1824101147601349_4315733142810700680_n.jpg\" alt=\"\" width=\"960\" height=\"539\" srcset=\"https:\/\/www.polisrecreio.com.br\/site\/wp-content\/uploads\/2018\/03\/26904551_1824101147601349_4315733142810700680_n.jpg 960w, https:\/\/www.polisrecreio.com.br\/site\/wp-content\/uploads\/2018\/03\/26904551_1824101147601349_4315733142810700680_n-300x168.jpg 300w, https:\/\/www.polisrecreio.com.br\/site\/wp-content\/uploads\/2018\/03\/26904551_1824101147601349_4315733142810700680_n-768x431.jpg 768w\" sizes=\"(max-width: 960px) 100vw, 960px\" \/><\/a><figcaption id=\"caption-attachment-9124\" class=\"wp-caption-text\">Oficina de Recreio.<\/figcaption><\/figure>\n<p style=\"text-align: justify;\">Desde 2017, a ONG Amigos do Trem, idealizadora do projeto, est\u00e1 na oficina de Recreio. Atualmente 15 funcion\u00e1rios participam da fase de recupera\u00e7\u00e3o e caracteriza\u00e7\u00e3o dos carros e das locomotivas com as marcas dos patrocinadores. O espa\u00e7o estava desativado desde 2015 quando a FCA cessou o transporte da bauxita pelas ferrovias.<\/p>\n<p style=\"text-align: justify;\">Ao todo ser\u00e3o 160 km de passeio tur\u00edstico: 120 km entre Cataguases (MG) e Tr\u00eas Rios (RJ), passando por Cataguases, Leopoldina, Recreio, Volta Grande, Al\u00e9m Para\u00edba e Chiador, em Minas Gerais, e Sapucaia, no Estado do Rio; e outros 40 km, previstos entre Recreio e Santo Ant\u00f4nio de P\u00e1dua (RJ), passando por Palma, neste circuito o distrito recreiense de Angaturama estaria inclu\u00eddo.<\/p>\n<p style=\"text-align: justify;\">No site do Minist\u00e9rio do Turismo o presidente da ONG Amigos do Trem, Paulo Henrique Nascimento, disse que \u201ca previs\u00e3o \u00e9 que essa iniciativa contribua com a gera\u00e7\u00e3o de cerca de 500 empregos diretos e indiretos, al\u00e9m de manter preservado o patrim\u00f4nio hist\u00f3rico\u201d.<\/p>\n<p style=\"text-align: justify;\">O Trem Rio-Minas deve come\u00e7ar a circular no segundo semestre deste ano, aos finais de semana e feriados. O projeto conta com apoio das prefeituras do circuito, da iniciativa privada, da concession\u00e1ria da Ferrovia Centro Atl\u00e2ntica e de \u00f3rg\u00e3o federais ligados ao transporte ferrovi\u00e1rio.<\/p>\n<p style=\"text-align: justify;\">Em Recreio, o prefeito Jos\u00e9 Maria Barros, entusiasta da ideia de voltar com o movimento ferrovi\u00e1rio por meio do turismo v\u00ea o projeto como uma \u00f3tima oportunidade de alavancar a economia municipal. &#8220;Nossa cidade \u00e9 origin\u00e1ria da ferrovia, ao final do s\u00e9culo XIX. Vivemos a \u00e9poca \u00e1urea das estradas de ferro e ainda hoje sentimos, tanto economicamente como sentimentalmente, a lacuna deixada pela interrup\u00e7\u00e3o das atividades ferrovi\u00e1rias&#8221;, disse.<\/p>\n<figure id=\"attachment_9127\" aria-describedby=\"caption-attachment-9127\" style=\"width: 750px\" class=\"wp-caption aligncenter\"><a href=\"http:\/\/www.polisrecreio.com.br\/site\/wp-content\/uploads\/2018\/03\/trem11.jpg\"><img loading=\"lazy\" class=\"size-full wp-image-9127\" src=\"http:\/\/www.polisrecreio.com.br\/site\/wp-content\/uploads\/2018\/03\/trem11.jpg\" alt=\"\" width=\"750\" height=\"500\" srcset=\"https:\/\/www.polisrecreio.com.br\/site\/wp-content\/uploads\/2018\/03\/trem11.jpg 750w, https:\/\/www.polisrecreio.com.br\/site\/wp-content\/uploads\/2018\/03\/trem11-300x200.jpg 300w\" sizes=\"(max-width: 750px) 100vw, 750px\" \/><\/a><figcaption id=\"caption-attachment-9127\" class=\"wp-caption-text\">Presidente da ONG Amigos do Trem e prefeito de Recreio.<\/figcaption><\/figure>\n<p><a href=\"http:\/\/www.turismo.gov.br\/%C3%BAltimas-not%C3%ADcias\/10934-trem-tur%C3%ADstico-vai-ligar-minas-gerais-e-rio-de-janeiro.html\" target=\"_blank\" rel=\"noopener\">Confira o Trem-Rio Minas no Minist\u00e9rio do Turismo.<\/a><\/p>\n","protected":false},"excerpt":{"rendered":"<p>O maior \u00f3rg\u00e3o tur\u00edstico do Brasil, o Minist\u00e9rio do Turismo, destacou esta semana o projeto do trem tur\u00edstico, Trem Rio-Minas. Recreio \u00e9 parte fundamental na implementa\u00e7\u00e3o da proposta de voltar com o movimento ferrovi\u00e1rio na regi\u00e3o. Al\u00e9m de fazer parte do circuito, a cidade abriga a oficina de reparos e manuten\u00e7\u00e3o de locomotivas e vag\u00f5es.<\/p>\n","protected":false},"author":3,"featured_media":9124,"comment_status":"open","ping_status":"open","sticky":false,"template":"","format":"standard","meta":[],"categories":[6],"tags":[],"yoast_head":"<!-- This site is optimized with the Yoast SEO plugin v15.6.2 - https:\/\/yoast.com\/wordpress\/plugins\/seo\/ -->\n<meta name=\"robots\" content=\"index, follow, max-snippet:-1, max-image-preview:large, max-video-preview:-1\" \/>\n<link rel=\"canonical\" href=\"http:\/\/www.polisrecreio.com.br\/site\/2018\/03\/10\/ministerio-do-turismo-destaca-projeto-do-trem-turistico-e-recreio-e-parte-fundamental\/\" \/>\n<meta property=\"og:locale\" content=\"pt_BR\" \/>\n<meta property=\"og:type\" content=\"article\" \/>\n<meta property=\"og:title\" content=\"Minist\u00e9rio do Turismo destaca projeto do trem tur\u00edstico e Recreio \u00e9 parte fundamental - P\u00f3lis Recreio\" \/>\n<meta property=\"og:description\" content=\"O maior \u00f3rg\u00e3o tur\u00edstico do Brasil, o Minist\u00e9rio do Turismo, destacou esta semana o projeto do trem tur\u00edstico, Trem Rio-Minas. Recreio \u00e9 parte fundamental na implementa\u00e7\u00e3o da proposta de voltar com o movimento ferrovi\u00e1rio na regi\u00e3o. Al\u00e9m de fazer parte do circuito, a cidade abriga a oficina de reparos e manuten\u00e7\u00e3o de locomotivas e vag\u00f5es.\" \/>\n<meta property=\"og:url\" content=\"http:\/\/www.polisrecreio.com.br\/site\/2018\/03\/10\/ministerio-do-turismo-destaca-projeto-do-trem-turistico-e-recreio-e-parte-fundamental\/\" \/>\n<meta property=\"og:site_name\" content=\"P\u00f3lis Recreio\" \/>\n<meta property=\"article:publisher\" content=\"https:\/\/www.facebook.com\/Site-P%c3%b3lis-Recreio-MG-181941708571019\/\" \/>\n<meta property=\"article:published_time\" content=\"2018-03-10T16:32:02+00:00\" \/>\n<meta property=\"article:modified_time\" content=\"2018-03-10T16:49:14+00:00\" \/>\n<meta property=\"og:image\" content=\"https:\/\/www.polisrecreio.com.br\/site\/wp-content\/uploads\/2018\/03\/26904551_1824101147601349_4315733142810700680_n.jpg\" \/>\n\t<meta property=\"og:image:width\" content=\"960\" \/>\n\t<meta property=\"og:image:height\" content=\"539\" \/>\n<meta name=\"twitter:card\" content=\"summary_large_image\" \/>\n<meta name=\"twitter:creator\" content=\"@PolisRecreio\" \/>\n<meta name=\"twitter:site\" content=\"@PolisRecreio\" \/>\n<meta name=\"twitter:label1\" content=\"Est. reading time\">\n\t<meta name=\"twitter:data1\" content=\"2 minutos\">\n<script type=\"application\/ld+json\" class=\"yoast-schema-graph\">{\"@context\":\"https:\/\/schema.org\",\"@graph\":[{\"@type\":\"WebSite\",\"@id\":\"https:\/\/www.polisrecreio.com.br\/site\/#website\",\"url\":\"https:\/\/www.polisrecreio.com.br\/site\/\",\"name\":\"P\\u00f3lis Recreio\",\"description\":\"\",\"potentialAction\":[{\"@type\":\"SearchAction\",\"target\":\"https:\/\/www.polisrecreio.com.br\/site\/?s={search_term_string}\",\"query-input\":\"required name=search_term_string\"}],\"inLanguage\":\"pt-BR\"},{\"@type\":\"ImageObject\",\"@id\":\"http:\/\/www.polisrecreio.com.br\/site\/2018\/03\/10\/ministerio-do-turismo-destaca-projeto-do-trem-turistico-e-recreio-e-parte-fundamental\/#primaryimage\",\"inLanguage\":\"pt-BR\",\"url\":\"https:\/\/www.polisrecreio.com.br\/site\/wp-content\/uploads\/2018\/03\/26904551_1824101147601349_4315733142810700680_n.jpg\",\"width\":960,\"height\":539},{\"@type\":\"WebPage\",\"@id\":\"http:\/\/www.polisrecreio.com.br\/site\/2018\/03\/10\/ministerio-do-turismo-destaca-projeto-do-trem-turistico-e-recreio-e-parte-fundamental\/#webpage\",\"url\":\"http:\/\/www.polisrecreio.com.br\/site\/2018\/03\/10\/ministerio-do-turismo-destaca-projeto-do-trem-turistico-e-recreio-e-parte-fundamental\/\",\"name\":\"Minist\\u00e9rio do Turismo destaca projeto do trem tur\\u00edstico e Recreio \\u00e9 parte fundamental - P\\u00f3lis Recreio\",\"isPartOf\":{\"@id\":\"https:\/\/www.polisrecreio.com.br\/site\/#website\"},\"primaryImageOfPage\":{\"@id\":\"http:\/\/www.polisrecreio.com.br\/site\/2018\/03\/10\/ministerio-do-turismo-destaca-projeto-do-trem-turistico-e-recreio-e-parte-fundamental\/#primaryimage\"},\"datePublished\":\"2018-03-10T16:32:02+00:00\",\"dateModified\":\"2018-03-10T16:49:14+00:00\",\"author\":{\"@id\":\"https:\/\/www.polisrecreio.com.br\/site\/#\/schema\/person\/3363c1c78e1e28e1329d97adb387638e\"},\"inLanguage\":\"pt-BR\",\"potentialAction\":[{\"@type\":\"ReadAction\",\"target\":[\"http:\/\/www.polisrecreio.com.br\/site\/2018\/03\/10\/ministerio-do-turismo-destaca-projeto-do-trem-turistico-e-recreio-e-parte-fundamental\/\"]}]},{\"@type\":\"Person\",\"@id\":\"https:\/\/www.polisrecreio.com.br\/site\/#\/schema\/person\/3363c1c78e1e28e1329d97adb387638e\",\"name\":\"Leonardo Ribeiro\",\"image\":{\"@type\":\"ImageObject\",\"@id\":\"https:\/\/www.polisrecreio.com.br\/site\/#personlogo\",\"inLanguage\":\"pt-BR\",\"url\":\"https:\/\/secure.gravatar.com\/avatar\/6ba92a37d621e1a83e23710251178a12?s=96&d=mm&r=g\",\"caption\":\"Leonardo Ribeiro\"},\"sameAs\":[\"http:\/\/www.polisrecreio.com.br\"]}]}<\/script>\n<!-- \/ Yoast SEO plugin. -->","_links":{"self":[{"href":"https:\/\/www.polisrecreio.com.br\/site\/wp-json\/wp\/v2\/posts\/9123"}],"collection":[{"href":"https:\/\/www.polisrecreio.com.br\/site\/wp-json\/wp\/v2\/posts"}],"about":[{"href":"https:\/\/www.polisrecreio.com.br\/site\/wp-json\/wp\/v2\/types\/post"}],"author":[{"embeddable":true,"href":"https:\/\/www.polisrecreio.com.br\/site\/wp-json\/wp\/v2\/users\/3"}],"replies":[{"embeddable":true,"href":"https:\/\/www.polisrecreio.com.br\/site\/wp-json\/wp\/v2\/comments?post=9123"}],"version-history":[{"count":4,"href":"https:\/\/www.polisrecreio.com.br\/site\/wp-json\/wp\/v2\/posts\/9123\/revisions"}],"predecessor-version":[{"id":9129,"href":"https:\/\/www.polisrecreio.com.br\/site\/wp-json\/wp\/v2\/posts\/9123\/revisions\/9129"}],"wp:featuredmedia":[{"embeddable":true,"href":"https:\/\/www.polisrecreio.com.br\/site\/wp-json\/wp\/v2\/media\/9124"}],"wp:attachment":[{"href":"https:\/\/www.polisrecreio.com.br\/site\/wp-json\/wp\/v2\/media?parent=9123"}],"wp:term":[{"taxonomy":"category","embeddable":true,"href":"https:\/\/www.polisrecreio.com.br\/site\/wp-json\/wp\/v2\/categories?post=9123"},{"taxonomy":"post_tag","embeddable":true,"href":"https:\/\/www.polisrecreio.com.br\/site\/wp-json\/wp\/v2\/tags?post=9123"}],"curies":[{"name":"wp","href":"https:\/\/api.w.org\/{rel}","templated":true}]}}