{"id":9130,"date":"2018-03-11T11:29:12","date_gmt":"2018-03-11T14:29:12","guid":{"rendered":"http:\/\/www.polisrecreio.com.br\/site\/?p=9130"},"modified":"2018-03-11T11:31:02","modified_gmt":"2018-03-11T14:31:02","slug":"chuvas-causam-alagamentos-em-cidades-da-regiao","status":"publish","type":"post","link":"https:\/\/www.polisrecreio.com.br\/site\/2018\/03\/11\/chuvas-causam-alagamentos-em-cidades-da-regiao\/","title":{"rendered":"Chuvas causam alagamentos em cidades da regi\u00e3o"},"content":{"rendered":"<p style=\"text-align: justify;\">As fortes chuvas dos \u00faltimos dias causaram alagamentos em algumas cidades da regi\u00e3o, como: Muria\u00e9, Mira\u00ed, Guidoval e Ub\u00e1.<\/p>\n<p><!--more--><\/p>\n<figure id=\"attachment_9132\" aria-describedby=\"caption-attachment-9132\" style=\"width: 750px\" class=\"wp-caption aligncenter\"><a href=\"http:\/\/www.polisrecreio.com.br\/site\/wp-content\/uploads\/2018\/03\/20180310234700_248.jpg\"><img loading=\"lazy\" class=\"size-full wp-image-9132\" src=\"http:\/\/www.polisrecreio.com.br\/site\/wp-content\/uploads\/2018\/03\/20180310234700_248.jpg\" alt=\"\" width=\"750\" height=\"566\" srcset=\"https:\/\/www.polisrecreio.com.br\/site\/wp-content\/uploads\/2018\/03\/20180310234700_248.jpg 750w, https:\/\/www.polisrecreio.com.br\/site\/wp-content\/uploads\/2018\/03\/20180310234700_248-300x226.jpg 300w\" sizes=\"(max-width: 750px) 100vw, 750px\" \/><\/a><figcaption id=\"caption-attachment-9132\" class=\"wp-caption-text\">Ub\u00e1.<\/figcaption><\/figure>\n<p style=\"text-align: justify;\">Em Muria\u00e9 (60 km de Recreio) os rios Preto e Muria\u00e9 est\u00e3o com n\u00edvel alto e j\u00e1 alagam algumas ruas dos bairros Barra e S\u00e3o Jos\u00e9. A Defesa Civil j\u00e1 emitiu alertas \u00e0 popula\u00e7\u00e3o. Na cidade de Mira\u00ed (60 km de Recreio) tamb\u00e9m h\u00e1 alagamentos nas \u00e1reas mais baixas. Guidoval, localizada a mais de 100 km de Recreio, o rio Xopot\u00f3 subiu mais de 4 metros e inundou parte da cidade. No munic\u00edpio de Ub\u00e1 (105 km de Recreio) o temporal de s\u00e1bado (10) alagou ruas, arrastou carros e danificou uma ponte, alguns moradores relataram que esta enchente pode ter sido a pior dos \u00faltimos 30 anos.<\/p>\n<p style=\"text-align: justify;\">H\u00e1 previs\u00f5es de chuvas fortes para este domingo (11) conforme informa\u00e7\u00f5es do site Clima Tempo. Confira os dados para estas cidades:<\/p>\n<p style=\"text-align: justify;\">Muria\u00e9&#8230;25 mm&#8230;90%;<\/p>\n<p style=\"text-align: justify;\">Mira\u00ed&#8230;45 mm&#8230;90%;<\/p>\n<p style=\"text-align: justify;\">Guidoval&#8230;45 mm&#8230;90%;<\/p>\n<p style=\"text-align: justify;\">Ub\u00e1&#8230;50 mm&#8230;90%.<\/p>\n<p style=\"text-align: justify;\">Em Recreio, n\u00e3o houve registros de alagamentos, apesar das fortes chuvas dos \u00faltimos dias. Neste domingo a previs\u00e3o \u00e9 de 55 mm com 90% de probabilidade.<\/p>\n<p style=\"text-align: justify;\"><em>Com informa\u00e7\u00f5es e fotos: Site Marcelo Lopes \u2013 Silvan Alves \u2013 Guia Muria\u00e9.<\/em><\/p>\n<figure id=\"attachment_9133\" aria-describedby=\"caption-attachment-9133\" style=\"width: 774px\" class=\"wp-caption aligncenter\"><a href=\"http:\/\/www.polisrecreio.com.br\/site\/wp-content\/uploads\/2018\/03\/FotoSilvanAlves.jpeg\"><img loading=\"lazy\" class=\"size-full wp-image-9133\" src=\"http:\/\/www.polisrecreio.com.br\/site\/wp-content\/uploads\/2018\/03\/FotoSilvanAlves.jpeg\" alt=\"\" width=\"774\" height=\"655\" srcset=\"https:\/\/www.polisrecreio.com.br\/site\/wp-content\/uploads\/2018\/03\/FotoSilvanAlves.jpeg 774w, https:\/\/www.polisrecreio.com.br\/site\/wp-content\/uploads\/2018\/03\/FotoSilvanAlves-300x254.jpeg 300w, https:\/\/www.polisrecreio.com.br\/site\/wp-content\/uploads\/2018\/03\/FotoSilvanAlves-768x650.jpeg 768w\" sizes=\"(max-width: 774px) 100vw, 774px\" \/><\/a><figcaption id=\"caption-attachment-9133\" class=\"wp-caption-text\">Mira\u00ed.<\/figcaption><\/figure>\n<figure id=\"attachment_9134\" aria-describedby=\"caption-attachment-9134\" style=\"width: 750px\" class=\"wp-caption aligncenter\"><a href=\"http:\/\/www.polisrecreio.com.br\/site\/wp-content\/uploads\/2018\/03\/Regiao-da-Prainha-09-03-2018-Foto-Guia-Muriae.jpg\"><img loading=\"lazy\" class=\"wp-image-9134\" src=\"http:\/\/www.polisrecreio.com.br\/site\/wp-content\/uploads\/2018\/03\/Regiao-da-Prainha-09-03-2018-Foto-Guia-Muriae.jpg\" alt=\"\" width=\"750\" height=\"563\" srcset=\"https:\/\/www.polisrecreio.com.br\/site\/wp-content\/uploads\/2018\/03\/Regiao-da-Prainha-09-03-2018-Foto-Guia-Muriae.jpg 600w, https:\/\/www.polisrecreio.com.br\/site\/wp-content\/uploads\/2018\/03\/Regiao-da-Prainha-09-03-2018-Foto-Guia-Muriae-300x225.jpg 300w\" sizes=\"(max-width: 750px) 100vw, 750px\" \/><\/a><figcaption id=\"caption-attachment-9134\" class=\"wp-caption-text\">Muria\u00e9.<\/figcaption><\/figure>\n<figure id=\"attachment_9131\" aria-describedby=\"caption-attachment-9131\" style=\"width: 750px\" class=\"wp-caption aligncenter\"><a href=\"http:\/\/www.polisrecreio.com.br\/site\/wp-content\/uploads\/2018\/03\/29101727_1563869363660866_2170833616695038200_n.jpg\"><img loading=\"lazy\" class=\"wp-image-9131\" src=\"http:\/\/www.polisrecreio.com.br\/site\/wp-content\/uploads\/2018\/03\/29101727_1563869363660866_2170833616695038200_n.jpg\" alt=\"\" width=\"750\" height=\"689\" srcset=\"https:\/\/www.polisrecreio.com.br\/site\/wp-content\/uploads\/2018\/03\/29101727_1563869363660866_2170833616695038200_n.jpg 480w, https:\/\/www.polisrecreio.com.br\/site\/wp-content\/uploads\/2018\/03\/29101727_1563869363660866_2170833616695038200_n-300x276.jpg 300w\" sizes=\"(max-width: 750px) 100vw, 750px\" \/><\/a><figcaption id=\"caption-attachment-9131\" class=\"wp-caption-text\">Guidoval.<\/figcaption><\/figure>\n","protected":false},"excerpt":{"rendered":"<p>As fortes chuvas dos \u00faltimos dias causaram alagamentos em algumas cidades da regi\u00e3o, como: Muria\u00e9, Mira\u00ed, Guidoval e Ub\u00e1.<\/p>\n","protected":false},"author":3,"featured_media":9132,"comment_status":"open","ping_status":"open","sticky":false,"template":"","format":"standard","meta":[],"categories":[8],"tags":[],"yoast_head":"<!-- This site is optimized with the Yoast SEO plugin v15.6.2 - https:\/\/yoast.com\/wordpress\/plugins\/seo\/ -->\n<meta name=\"robots\" content=\"index, follow, max-snippet:-1, max-image-preview:large, max-video-preview:-1\" \/>\n<link rel=\"canonical\" href=\"http:\/\/www.polisrecreio.com.br\/site\/2018\/03\/11\/chuvas-causam-alagamentos-em-cidades-da-regiao\/\" \/>\n<meta property=\"og:locale\" content=\"pt_BR\" \/>\n<meta property=\"og:type\" content=\"article\" \/>\n<meta property=\"og:title\" content=\"Chuvas causam alagamentos em cidades da regi\u00e3o - P\u00f3lis Recreio\" \/>\n<meta property=\"og:description\" content=\"As fortes chuvas dos \u00faltimos dias causaram alagamentos em algumas cidades da regi\u00e3o, como: Muria\u00e9, Mira\u00ed, Guidoval e Ub\u00e1.\" \/>\n<meta property=\"og:url\" content=\"http:\/\/www.polisrecreio.com.br\/site\/2018\/03\/11\/chuvas-causam-alagamentos-em-cidades-da-regiao\/\" \/>\n<meta property=\"og:site_name\" content=\"P\u00f3lis Recreio\" \/>\n<meta property=\"article:publisher\" content=\"https:\/\/www.facebook.com\/Site-P%c3%b3lis-Recreio-MG-181941708571019\/\" \/>\n<meta property=\"article:published_time\" content=\"2018-03-11T14:29:12+00:00\" \/>\n<meta property=\"article:modified_time\" content=\"2018-03-11T14:31:02+00:00\" \/>\n<meta property=\"og:image\" content=\"https:\/\/www.polisrecreio.com.br\/site\/wp-content\/uploads\/2018\/03\/20180310234700_248.jpg\" \/>\n\t<meta property=\"og:image:width\" content=\"750\" \/>\n\t<meta property=\"og:image:height\" content=\"566\" \/>\n<meta name=\"twitter:card\" content=\"summary_large_image\" \/>\n<meta name=\"twitter:creator\" content=\"@PolisRecreio\" \/>\n<meta name=\"twitter:site\" content=\"@PolisRecreio\" \/>\n<meta name=\"twitter:label1\" content=\"Est. reading time\">\n\t<meta name=\"twitter:data1\" content=\"1 minuto\">\n<script type=\"application\/ld+json\" class=\"yoast-schema-graph\">{\"@context\":\"https:\/\/schema.org\",\"@graph\":[{\"@type\":\"WebSite\",\"@id\":\"https:\/\/www.polisrecreio.com.br\/site\/#website\",\"url\":\"https:\/\/www.polisrecreio.com.br\/site\/\",\"name\":\"P\\u00f3lis Recreio\",\"description\":\"\",\"potentialAction\":[{\"@type\":\"SearchAction\",\"target\":\"https:\/\/www.polisrecreio.com.br\/site\/?s={search_term_string}\",\"query-input\":\"required name=search_term_string\"}],\"inLanguage\":\"pt-BR\"},{\"@type\":\"ImageObject\",\"@id\":\"http:\/\/www.polisrecreio.com.br\/site\/2018\/03\/11\/chuvas-causam-alagamentos-em-cidades-da-regiao\/#primaryimage\",\"inLanguage\":\"pt-BR\",\"url\":\"https:\/\/www.polisrecreio.com.br\/site\/wp-content\/uploads\/2018\/03\/20180310234700_248.jpg\",\"width\":750,\"height\":566,\"caption\":\"Ub\\u00e1.\"},{\"@type\":\"WebPage\",\"@id\":\"http:\/\/www.polisrecreio.com.br\/site\/2018\/03\/11\/chuvas-causam-alagamentos-em-cidades-da-regiao\/#webpage\",\"url\":\"http:\/\/www.polisrecreio.com.br\/site\/2018\/03\/11\/chuvas-causam-alagamentos-em-cidades-da-regiao\/\",\"name\":\"Chuvas causam alagamentos em cidades da regi\\u00e3o - P\\u00f3lis Recreio\",\"isPartOf\":{\"@id\":\"https:\/\/www.polisrecreio.com.br\/site\/#website\"},\"primaryImageOfPage\":{\"@id\":\"http:\/\/www.polisrecreio.com.br\/site\/2018\/03\/11\/chuvas-causam-alagamentos-em-cidades-da-regiao\/#primaryimage\"},\"datePublished\":\"2018-03-11T14:29:12+00:00\",\"dateModified\":\"2018-03-11T14:31:02+00:00\",\"author\":{\"@id\":\"https:\/\/www.polisrecreio.com.br\/site\/#\/schema\/person\/3363c1c78e1e28e1329d97adb387638e\"},\"inLanguage\":\"pt-BR\",\"potentialAction\":[{\"@type\":\"ReadAction\",\"target\":[\"http:\/\/www.polisrecreio.com.br\/site\/2018\/03\/11\/chuvas-causam-alagamentos-em-cidades-da-regiao\/\"]}]},{\"@type\":\"Person\",\"@id\":\"https:\/\/www.polisrecreio.com.br\/site\/#\/schema\/person\/3363c1c78e1e28e1329d97adb387638e\",\"name\":\"Leonardo Ribeiro\",\"image\":{\"@type\":\"ImageObject\",\"@id\":\"https:\/\/www.polisrecreio.com.br\/site\/#personlogo\",\"inLanguage\":\"pt-BR\",\"url\":\"https:\/\/secure.gravatar.com\/avatar\/6ba92a37d621e1a83e23710251178a12?s=96&d=mm&r=g\",\"caption\":\"Leonardo Ribeiro\"},\"sameAs\":[\"http:\/\/www.polisrecreio.com.br\"]}]}<\/script>\n<!-- \/ Yoast SEO plugin. -->","_links":{"self":[{"href":"https:\/\/www.polisrecreio.com.br\/site\/wp-json\/wp\/v2\/posts\/9130"}],"collection":[{"href":"https:\/\/www.polisrecreio.com.br\/site\/wp-json\/wp\/v2\/posts"}],"about":[{"href":"https:\/\/www.polisrecreio.com.br\/site\/wp-json\/wp\/v2\/types\/post"}],"author":[{"embeddable":true,"href":"https:\/\/www.polisrecreio.com.br\/site\/wp-json\/wp\/v2\/users\/3"}],"replies":[{"embeddable":true,"href":"https:\/\/www.polisrecreio.com.br\/site\/wp-json\/wp\/v2\/comments?post=9130"}],"version-history":[{"count":4,"href":"https:\/\/www.polisrecreio.com.br\/site\/wp-json\/wp\/v2\/posts\/9130\/revisions"}],"predecessor-version":[{"id":9138,"href":"https:\/\/www.polisrecreio.com.br\/site\/wp-json\/wp\/v2\/posts\/9130\/revisions\/9138"}],"wp:featuredmedia":[{"embeddable":true,"href":"https:\/\/www.polisrecreio.com.br\/site\/wp-json\/wp\/v2\/media\/9132"}],"wp:attachment":[{"href":"https:\/\/www.polisrecreio.com.br\/site\/wp-json\/wp\/v2\/media?parent=9130"}],"wp:term":[{"taxonomy":"category","embeddable":true,"href":"https:\/\/www.polisrecreio.com.br\/site\/wp-json\/wp\/v2\/categories?post=9130"},{"taxonomy":"post_tag","embeddable":true,"href":"https:\/\/www.polisrecreio.com.br\/site\/wp-json\/wp\/v2\/tags?post=9130"}],"curies":[{"name":"wp","href":"https:\/\/api.w.org\/{rel}","templated":true}]}}