{"id":9164,"date":"2018-03-12T12:21:04","date_gmt":"2018-03-12T15:21:04","guid":{"rendered":"http:\/\/www.polisrecreio.com.br\/site\/?p=9164"},"modified":"2018-03-12T12:21:04","modified_gmt":"2018-03-12T15:21:04","slug":"ribeirao-dos-monos-danifica-base-de-predio-no-centro","status":"publish","type":"post","link":"https:\/\/www.polisrecreio.com.br\/site\/2018\/03\/12\/ribeirao-dos-monos-danifica-base-de-predio-no-centro\/","title":{"rendered":"Ribeir\u00e3o dos Monos danifica base de pr\u00e9dio no Centro"},"content":{"rendered":"<p style=\"text-align: justify;\">Com as fortes chuvas de mar\u00e7o o ribeir\u00e3o dos Monos esteve bem acima de seu n\u00edvel normal em v\u00e1rios dias, mas, n\u00e3o chegou a transbordar na \u00e1rea urbana de Recreio. At\u00e9 o domingo (11) n\u00e3o havia sido registrado nenhum transtorno causado pelas cheias, entretanto, na \u00faltima noite parte da base de um pr\u00e9dio na Rua Serafim D\u2019Almeida Coimbra, \u00e0s margens do ribeir\u00e3o, foi danificada.<\/p>\n<p><!--more--><\/p>\n<p><a href=\"http:\/\/www.polisrecreio.com.br\/site\/wp-content\/uploads\/2018\/03\/28927892_1649334055187391_852029023_o.jpg\"><img loading=\"lazy\" class=\"aligncenter size-large wp-image-9165\" src=\"http:\/\/www.polisrecreio.com.br\/site\/wp-content\/uploads\/2018\/03\/28927892_1649334055187391_852029023_o-1024x683.jpg\" alt=\"\" width=\"650\" height=\"434\" srcset=\"https:\/\/www.polisrecreio.com.br\/site\/wp-content\/uploads\/2018\/03\/28927892_1649334055187391_852029023_o-1024x683.jpg 1024w, https:\/\/www.polisrecreio.com.br\/site\/wp-content\/uploads\/2018\/03\/28927892_1649334055187391_852029023_o-300x200.jpg 300w, https:\/\/www.polisrecreio.com.br\/site\/wp-content\/uploads\/2018\/03\/28927892_1649334055187391_852029023_o-768x512.jpg 768w, https:\/\/www.polisrecreio.com.br\/site\/wp-content\/uploads\/2018\/03\/28927892_1649334055187391_852029023_o.jpg 2048w\" sizes=\"(max-width: 650px) 100vw, 650px\" \/><\/a><\/p>\n<p style=\"text-align: justify;\">Segundo informa\u00e7\u00f5es dos moradores, Jo\u00e3o Batista e Tatiana Navarro, a queda da base ocorreu por volta das 22h e o barulho causou um grande susto. A fo\u00e7a da \u00e1gua entrou para dentro do alicerce e causou o desmoronamento de parte da base que sustenta o pr\u00e9dio. O im\u00f3vel fica ao lado da ponte da Rua Serafim D\u2019Almeida Coimbra, no Centro. Al\u00e9m de ser a resid\u00eancia da fam\u00edlia do casal, ali fica a empresa Reyvi Internet, de propriedade dos mesmos.<\/p>\n<p style=\"text-align: justify;\">Na manh\u00e3 desta segunda-feira (12), a Coordenadoria Municipal de Prote\u00e7\u00e3o e Defesa Civil \u201cCOMPDEC\u201d foi acionada e o engenheiro Dr. Luiz Tadeu Rezende esteve no local para realizar inspe\u00e7\u00e3o.<\/p>\n<p style=\"text-align: justify;\">\u201cDe acordo com an\u00e1lise t\u00e9cnica n\u00e3o houve danos que afetaram a funda\u00e7\u00e3o do pr\u00e9dio, por\u00e9m, ser\u00e1 necess\u00e1rio levantar um muro de conten\u00e7\u00e3o provis\u00f3rio para evitar eros\u00f5es no local. Os servi\u00e7os ser\u00e3o executados com m\u00e3o de obra da Prefeitura Municipal. Posteriormente, depois do per\u00edodo chuvoso, o alicerce ser\u00e1 restaurado e um muro definitivo constru\u00eddo\u201d, disse o engenheiro.<\/p>\n<p><a href=\"http:\/\/www.polisrecreio.com.br\/site\/wp-content\/uploads\/2018\/03\/28928783_1649334048520725_429461961_o.jpg\"><img loading=\"lazy\" class=\"aligncenter size-large wp-image-9166\" src=\"http:\/\/www.polisrecreio.com.br\/site\/wp-content\/uploads\/2018\/03\/28928783_1649334048520725_429461961_o-1024x683.jpg\" alt=\"\" width=\"650\" height=\"434\" srcset=\"https:\/\/www.polisrecreio.com.br\/site\/wp-content\/uploads\/2018\/03\/28928783_1649334048520725_429461961_o-1024x683.jpg 1024w, https:\/\/www.polisrecreio.com.br\/site\/wp-content\/uploads\/2018\/03\/28928783_1649334048520725_429461961_o-300x200.jpg 300w, https:\/\/www.polisrecreio.com.br\/site\/wp-content\/uploads\/2018\/03\/28928783_1649334048520725_429461961_o-768x512.jpg 768w, https:\/\/www.polisrecreio.com.br\/site\/wp-content\/uploads\/2018\/03\/28928783_1649334048520725_429461961_o.jpg 2048w\" sizes=\"(max-width: 650px) 100vw, 650px\" \/><\/a><\/p>\n<p><a href=\"http:\/\/www.polisrecreio.com.br\/site\/wp-content\/uploads\/2018\/03\/29066806_441093299662182_997969031711424512_n.jpg\"><img loading=\"lazy\" class=\"aligncenter size-full wp-image-9167\" src=\"http:\/\/www.polisrecreio.com.br\/site\/wp-content\/uploads\/2018\/03\/29066806_441093299662182_997969031711424512_n.jpg\" alt=\"\" width=\"960\" height=\"640\" srcset=\"https:\/\/www.polisrecreio.com.br\/site\/wp-content\/uploads\/2018\/03\/29066806_441093299662182_997969031711424512_n.jpg 960w, https:\/\/www.polisrecreio.com.br\/site\/wp-content\/uploads\/2018\/03\/29066806_441093299662182_997969031711424512_n-300x200.jpg 300w, https:\/\/www.polisrecreio.com.br\/site\/wp-content\/uploads\/2018\/03\/29066806_441093299662182_997969031711424512_n-768x512.jpg 768w\" sizes=\"(max-width: 960px) 100vw, 960px\" \/><\/a><\/p>\n","protected":false},"excerpt":{"rendered":"<p>Com as fortes chuvas de mar\u00e7o o ribeir\u00e3o dos Monos esteve bem acima de seu n\u00edvel normal em v\u00e1rios dias, mas, n\u00e3o chegou a transbordar na \u00e1rea urbana de Recreio. At\u00e9 o domingo (11) n\u00e3o havia sido registrado nenhum transtorno causado pelas cheias, entretanto, na \u00faltima noite parte da base de um pr\u00e9dio na Rua [&hellip;]<\/p>\n","protected":false},"author":3,"featured_media":9165,"comment_status":"open","ping_status":"open","sticky":false,"template":"","format":"standard","meta":[],"categories":[6],"tags":[],"yoast_head":"<!-- This site is optimized with the Yoast SEO plugin v15.6.2 - https:\/\/yoast.com\/wordpress\/plugins\/seo\/ -->\n<meta name=\"robots\" content=\"index, follow, max-snippet:-1, max-image-preview:large, max-video-preview:-1\" \/>\n<link rel=\"canonical\" href=\"https:\/\/www.polisrecreio.com.br\/site\/2018\/03\/12\/ribeirao-dos-monos-danifica-base-de-predio-no-centro\/\" \/>\n<meta property=\"og:locale\" content=\"pt_BR\" \/>\n<meta property=\"og:type\" content=\"article\" \/>\n<meta property=\"og:title\" content=\"Ribeir\u00e3o dos Monos danifica base de pr\u00e9dio no Centro - P\u00f3lis Recreio\" \/>\n<meta property=\"og:description\" content=\"Com as fortes chuvas de mar\u00e7o o ribeir\u00e3o dos Monos esteve bem acima de seu n\u00edvel normal em v\u00e1rios dias, mas, n\u00e3o chegou a transbordar na \u00e1rea urbana de Recreio. At\u00e9 o domingo (11) n\u00e3o havia sido registrado nenhum transtorno causado pelas cheias, entretanto, na \u00faltima noite parte da base de um pr\u00e9dio na Rua [&hellip;]\" \/>\n<meta property=\"og:url\" content=\"https:\/\/www.polisrecreio.com.br\/site\/2018\/03\/12\/ribeirao-dos-monos-danifica-base-de-predio-no-centro\/\" \/>\n<meta property=\"og:site_name\" content=\"P\u00f3lis Recreio\" \/>\n<meta property=\"article:publisher\" content=\"https:\/\/www.facebook.com\/Site-P%c3%b3lis-Recreio-MG-181941708571019\/\" \/>\n<meta property=\"article:published_time\" content=\"2018-03-12T15:21:04+00:00\" \/>\n<meta property=\"og:image\" content=\"https:\/\/www.polisrecreio.com.br\/site\/wp-content\/uploads\/2018\/03\/28927892_1649334055187391_852029023_o.jpg\" \/>\n\t<meta property=\"og:image:width\" content=\"2048\" \/>\n\t<meta property=\"og:image:height\" content=\"1365\" \/>\n<meta name=\"twitter:card\" content=\"summary_large_image\" \/>\n<meta name=\"twitter:creator\" content=\"@PolisRecreio\" \/>\n<meta name=\"twitter:site\" content=\"@PolisRecreio\" \/>\n<meta name=\"twitter:label1\" content=\"Est. reading time\">\n\t<meta name=\"twitter:data1\" content=\"1 minuto\">\n<script type=\"application\/ld+json\" class=\"yoast-schema-graph\">{\"@context\":\"https:\/\/schema.org\",\"@graph\":[{\"@type\":\"WebSite\",\"@id\":\"https:\/\/www.polisrecreio.com.br\/site\/#website\",\"url\":\"https:\/\/www.polisrecreio.com.br\/site\/\",\"name\":\"P\\u00f3lis Recreio\",\"description\":\"\",\"potentialAction\":[{\"@type\":\"SearchAction\",\"target\":\"https:\/\/www.polisrecreio.com.br\/site\/?s={search_term_string}\",\"query-input\":\"required name=search_term_string\"}],\"inLanguage\":\"pt-BR\"},{\"@type\":\"ImageObject\",\"@id\":\"https:\/\/www.polisrecreio.com.br\/site\/2018\/03\/12\/ribeirao-dos-monos-danifica-base-de-predio-no-centro\/#primaryimage\",\"inLanguage\":\"pt-BR\",\"url\":\"https:\/\/www.polisrecreio.com.br\/site\/wp-content\/uploads\/2018\/03\/28927892_1649334055187391_852029023_o.jpg\",\"width\":2048,\"height\":1365},{\"@type\":\"WebPage\",\"@id\":\"https:\/\/www.polisrecreio.com.br\/site\/2018\/03\/12\/ribeirao-dos-monos-danifica-base-de-predio-no-centro\/#webpage\",\"url\":\"https:\/\/www.polisrecreio.com.br\/site\/2018\/03\/12\/ribeirao-dos-monos-danifica-base-de-predio-no-centro\/\",\"name\":\"Ribeir\\u00e3o dos Monos danifica base de pr\\u00e9dio no Centro - P\\u00f3lis Recreio\",\"isPartOf\":{\"@id\":\"https:\/\/www.polisrecreio.com.br\/site\/#website\"},\"primaryImageOfPage\":{\"@id\":\"https:\/\/www.polisrecreio.com.br\/site\/2018\/03\/12\/ribeirao-dos-monos-danifica-base-de-predio-no-centro\/#primaryimage\"},\"datePublished\":\"2018-03-12T15:21:04+00:00\",\"dateModified\":\"2018-03-12T15:21:04+00:00\",\"author\":{\"@id\":\"https:\/\/www.polisrecreio.com.br\/site\/#\/schema\/person\/3363c1c78e1e28e1329d97adb387638e\"},\"inLanguage\":\"pt-BR\",\"potentialAction\":[{\"@type\":\"ReadAction\",\"target\":[\"https:\/\/www.polisrecreio.com.br\/site\/2018\/03\/12\/ribeirao-dos-monos-danifica-base-de-predio-no-centro\/\"]}]},{\"@type\":\"Person\",\"@id\":\"https:\/\/www.polisrecreio.com.br\/site\/#\/schema\/person\/3363c1c78e1e28e1329d97adb387638e\",\"name\":\"Leonardo Ribeiro\",\"image\":{\"@type\":\"ImageObject\",\"@id\":\"https:\/\/www.polisrecreio.com.br\/site\/#personlogo\",\"inLanguage\":\"pt-BR\",\"url\":\"https:\/\/secure.gravatar.com\/avatar\/6ba92a37d621e1a83e23710251178a12?s=96&d=mm&r=g\",\"caption\":\"Leonardo Ribeiro\"},\"sameAs\":[\"http:\/\/www.polisrecreio.com.br\"]}]}<\/script>\n<!-- \/ Yoast SEO plugin. -->","_links":{"self":[{"href":"https:\/\/www.polisrecreio.com.br\/site\/wp-json\/wp\/v2\/posts\/9164"}],"collection":[{"href":"https:\/\/www.polisrecreio.com.br\/site\/wp-json\/wp\/v2\/posts"}],"about":[{"href":"https:\/\/www.polisrecreio.com.br\/site\/wp-json\/wp\/v2\/types\/post"}],"author":[{"embeddable":true,"href":"https:\/\/www.polisrecreio.com.br\/site\/wp-json\/wp\/v2\/users\/3"}],"replies":[{"embeddable":true,"href":"https:\/\/www.polisrecreio.com.br\/site\/wp-json\/wp\/v2\/comments?post=9164"}],"version-history":[{"count":1,"href":"https:\/\/www.polisrecreio.com.br\/site\/wp-json\/wp\/v2\/posts\/9164\/revisions"}],"predecessor-version":[{"id":9168,"href":"https:\/\/www.polisrecreio.com.br\/site\/wp-json\/wp\/v2\/posts\/9164\/revisions\/9168"}],"wp:featuredmedia":[{"embeddable":true,"href":"https:\/\/www.polisrecreio.com.br\/site\/wp-json\/wp\/v2\/media\/9165"}],"wp:attachment":[{"href":"https:\/\/www.polisrecreio.com.br\/site\/wp-json\/wp\/v2\/media?parent=9164"}],"wp:term":[{"taxonomy":"category","embeddable":true,"href":"https:\/\/www.polisrecreio.com.br\/site\/wp-json\/wp\/v2\/categories?post=9164"},{"taxonomy":"post_tag","embeddable":true,"href":"https:\/\/www.polisrecreio.com.br\/site\/wp-json\/wp\/v2\/tags?post=9164"}],"curies":[{"name":"wp","href":"https:\/\/api.w.org\/{rel}","templated":true}]}}