{"id":9191,"date":"2018-03-13T22:04:02","date_gmt":"2018-03-14T01:04:02","guid":{"rendered":"http:\/\/www.polisrecreio.com.br\/site\/?p=9191"},"modified":"2018-03-13T22:04:02","modified_gmt":"2018-03-14T01:04:02","slug":"divulgada-tabela-do-jemg-de-26-a-28-de-marco-em-conceicao-da-boa-vista","status":"publish","type":"post","link":"https:\/\/www.polisrecreio.com.br\/site\/2018\/03\/13\/divulgada-tabela-do-jemg-de-26-a-28-de-marco-em-conceicao-da-boa-vista\/","title":{"rendered":"Divulgada tabela do JEMG, de 26 a 28 de mar\u00e7o, em Concei\u00e7\u00e3o da Boa Vista"},"content":{"rendered":"<p style=\"text-align: justify;\">A Secretaria Municipal de Esportes divulgou a tabela das competi\u00e7\u00f5es da fase municipal dos Jogos Escolares de Minas Gerais \u201cJEMG\u201d que acontecem de 26 a 28 de mar\u00e7o em Concei\u00e7\u00e3o da Boa Vista, na E.E Presidente Carlos Luz. Ser\u00e1 a primeira vez que os jogos ser\u00e3o disputados fora da \u00e1rea urbana de Recreio.<\/p>\n<p><!--more--><\/p>\n<figure id=\"attachment_9066\" aria-describedby=\"caption-attachment-9066\" style=\"width: 960px\" class=\"wp-caption aligncenter\"><a href=\"http:\/\/www.polisrecreio.com.br\/site\/wp-content\/uploads\/2018\/03\/28584521_1637477803039683_1122744036_o.jpg\"><img loading=\"lazy\" class=\"wp-image-9066 size-full\" src=\"http:\/\/www.polisrecreio.com.br\/site\/wp-content\/uploads\/2018\/03\/28584521_1637477803039683_1122744036_o.jpg\" alt=\"\" width=\"960\" height=\"539\" srcset=\"https:\/\/www.polisrecreio.com.br\/site\/wp-content\/uploads\/2018\/03\/28584521_1637477803039683_1122744036_o.jpg 960w, https:\/\/www.polisrecreio.com.br\/site\/wp-content\/uploads\/2018\/03\/28584521_1637477803039683_1122744036_o-300x168.jpg 300w, https:\/\/www.polisrecreio.com.br\/site\/wp-content\/uploads\/2018\/03\/28584521_1637477803039683_1122744036_o-768x431.jpg 768w\" sizes=\"(max-width: 960px) 100vw, 960px\" \/><\/a><figcaption id=\"caption-attachment-9066\" class=\"wp-caption-text\">Quadra da E.E Presidente Carlos Luz.<\/figcaption><\/figure>\n<p style=\"text-align: justify;\">Confira a tabela<\/p>\n<p style=\"text-align: justify;\">26 de mar\u00e7o \u2013 segunda-feira:<\/p>\n<ul>\n<li style=\"text-align: justify;\">7:30h \u2013 abertura oficial dos jogos<\/li>\n<li style=\"text-align: justify;\">8h \u2013 Futsal Feminino I \u2013 E.M Jo\u00e3o Damasceno Ferreira X E.E Presidente Carlos Luz<\/li>\n<li style=\"text-align: justify;\">8:50h \u2013 Futsal Masculino I \u2013 E.M Jo\u00e3o Damasceno Ferreira X E.E Presidente Carlos Luz<\/li>\n<li style=\"text-align: justify;\">9:40h \u2013 Futsal Masculino II \u2013 E.M Jo\u00e3o Damasceno Ferreira X E.E Olavo Bilac<\/li>\n<\/ul>\n<p>27 de mar\u00e7o \u2013 ter\u00e7a-feira:<\/p>\n<ul>\n<li style=\"text-align: justify;\">8h \u2013 Futsal Feminino I \u2013 E.M Jo\u00e3o Damasceno Ferreira X E.M Professora Nice D. A. Muniz<\/li>\n<li style=\"text-align: justify;\">8:50h \u2013 Futsal Masculino I \u2013 E.M Jo\u00e3o Damasceno Ferreira X E.M Professora Nice D. A. Muniz<\/li>\n<li style=\"text-align: justify;\">9:40h \u2013 Futsal Masculino II \u2013 E.M Jo\u00e3o Damasceno Ferreira X E.M Professora Nice D. A. Muniz<\/li>\n<\/ul>\n<p style=\"text-align: justify;\">28 de mar\u00e7o \u2013 quarta-feira:<\/p>\n<ul>\n<li style=\"text-align: justify;\">8h \u2013 Futsal Feminino I \u2013 E.M Professora Nice D. A. Muniz X E.E Presidente Carlos Luz<\/li>\n<li style=\"text-align: justify;\">8:50h \u2013 Futsal Masculino I \u2013 E.M Professora Nice D. A. Muniz X E.E Presidente Carlos Luz<\/li>\n<li style=\"text-align: justify;\">9:40h \u2013 Futsal Feminino II \u2013 E.M Professora Nice D. A Muniz X E.E Olavo Bilac<\/li>\n<li style=\"text-align: justify;\">10:20h \u2013 Futsal Masculino II \u2013 E.M Professora Nice D. A Muniz X E.E Olavo Bilac<\/li>\n<\/ul>\n<p style=\"text-align: justify;\">A escola do distrito, localizada a aproximadamente 5 km do distrito sede, Recreio, passou por uma revitaliza\u00e7\u00e3o nas salas, p\u00e1tio e no refeit\u00f3rio, ao final do ano passado. O material da obra foi adquirido por meio de amigos da escola e a m\u00e3o de obra foi da Prefeitura, cedida pelo prefeito Jos\u00e9 Maria Barros. A quadra poliesportiva foi totalmente reformada a pouco mais de 3 anos pelo Governo Estadual.<\/p>\n<p style=\"text-align: justify;\">O JEMG conta com apoio da Secretaria Municipal de Educa\u00e7\u00e3o e Cultura e parceria das dire\u00e7\u00f5es e dos educadores f\u00edsicos dos col\u00e9gios: E.M Professora Nice Damasceno de Almeida Muniz, E.M Jo\u00e3o Damasceno Ferreira, E.E Olavo Bilac e E.E Presidente Carlos Luz.<\/p>\n","protected":false},"excerpt":{"rendered":"<p>A Secretaria Municipal de Esportes divulgou a tabela das competi\u00e7\u00f5es da fase municipal dos Jogos Escolares de Minas Gerais \u201cJEMG\u201d que acontecem de 26 a 28 de mar\u00e7o em Concei\u00e7\u00e3o da Boa Vista, na E.E Presidente Carlos Luz. Ser\u00e1 a primeira vez que os jogos ser\u00e3o disputados fora da \u00e1rea urbana de Recreio.<\/p>\n","protected":false},"author":3,"featured_media":9066,"comment_status":"open","ping_status":"open","sticky":false,"template":"","format":"standard","meta":[],"categories":[4],"tags":[],"yoast_head":"<!-- This site is optimized with the Yoast SEO plugin v15.6.2 - https:\/\/yoast.com\/wordpress\/plugins\/seo\/ -->\n<meta name=\"robots\" content=\"index, follow, max-snippet:-1, max-image-preview:large, max-video-preview:-1\" \/>\n<link rel=\"canonical\" href=\"http:\/\/www.polisrecreio.com.br\/site\/2018\/03\/13\/divulgada-tabela-do-jemg-de-26-a-28-de-marco-em-conceicao-da-boa-vista\/\" \/>\n<meta property=\"og:locale\" content=\"pt_BR\" \/>\n<meta property=\"og:type\" content=\"article\" \/>\n<meta property=\"og:title\" content=\"Divulgada tabela do JEMG, de 26 a 28 de mar\u00e7o, em Concei\u00e7\u00e3o da Boa Vista - P\u00f3lis Recreio\" \/>\n<meta property=\"og:description\" content=\"A Secretaria Municipal de Esportes divulgou a tabela das competi\u00e7\u00f5es da fase municipal dos Jogos Escolares de Minas Gerais \u201cJEMG\u201d que acontecem de 26 a 28 de mar\u00e7o em Concei\u00e7\u00e3o da Boa Vista, na E.E Presidente Carlos Luz. Ser\u00e1 a primeira vez que os jogos ser\u00e3o disputados fora da \u00e1rea urbana de Recreio.\" \/>\n<meta property=\"og:url\" content=\"http:\/\/www.polisrecreio.com.br\/site\/2018\/03\/13\/divulgada-tabela-do-jemg-de-26-a-28-de-marco-em-conceicao-da-boa-vista\/\" \/>\n<meta property=\"og:site_name\" content=\"P\u00f3lis Recreio\" \/>\n<meta property=\"article:publisher\" content=\"https:\/\/www.facebook.com\/Site-P%c3%b3lis-Recreio-MG-181941708571019\/\" \/>\n<meta property=\"article:published_time\" content=\"2018-03-14T01:04:02+00:00\" \/>\n<meta property=\"og:image\" content=\"https:\/\/www.polisrecreio.com.br\/site\/wp-content\/uploads\/2018\/03\/28584521_1637477803039683_1122744036_o.jpg\" \/>\n\t<meta property=\"og:image:width\" content=\"960\" \/>\n\t<meta property=\"og:image:height\" content=\"539\" \/>\n<meta name=\"twitter:card\" content=\"summary_large_image\" \/>\n<meta name=\"twitter:creator\" content=\"@PolisRecreio\" \/>\n<meta name=\"twitter:site\" content=\"@PolisRecreio\" \/>\n<meta name=\"twitter:label1\" content=\"Est. reading time\">\n\t<meta name=\"twitter:data1\" content=\"2 minutos\">\n<script type=\"application\/ld+json\" class=\"yoast-schema-graph\">{\"@context\":\"https:\/\/schema.org\",\"@graph\":[{\"@type\":\"WebSite\",\"@id\":\"https:\/\/www.polisrecreio.com.br\/site\/#website\",\"url\":\"https:\/\/www.polisrecreio.com.br\/site\/\",\"name\":\"P\\u00f3lis Recreio\",\"description\":\"\",\"potentialAction\":[{\"@type\":\"SearchAction\",\"target\":\"https:\/\/www.polisrecreio.com.br\/site\/?s={search_term_string}\",\"query-input\":\"required name=search_term_string\"}],\"inLanguage\":\"pt-BR\"},{\"@type\":\"ImageObject\",\"@id\":\"http:\/\/www.polisrecreio.com.br\/site\/2018\/03\/13\/divulgada-tabela-do-jemg-de-26-a-28-de-marco-em-conceicao-da-boa-vista\/#primaryimage\",\"inLanguage\":\"pt-BR\",\"url\":\"https:\/\/www.polisrecreio.com.br\/site\/wp-content\/uploads\/2018\/03\/28584521_1637477803039683_1122744036_o.jpg\",\"width\":960,\"height\":539},{\"@type\":\"WebPage\",\"@id\":\"http:\/\/www.polisrecreio.com.br\/site\/2018\/03\/13\/divulgada-tabela-do-jemg-de-26-a-28-de-marco-em-conceicao-da-boa-vista\/#webpage\",\"url\":\"http:\/\/www.polisrecreio.com.br\/site\/2018\/03\/13\/divulgada-tabela-do-jemg-de-26-a-28-de-marco-em-conceicao-da-boa-vista\/\",\"name\":\"Divulgada tabela do JEMG, de 26 a 28 de mar\\u00e7o, em Concei\\u00e7\\u00e3o da Boa Vista - P\\u00f3lis Recreio\",\"isPartOf\":{\"@id\":\"https:\/\/www.polisrecreio.com.br\/site\/#website\"},\"primaryImageOfPage\":{\"@id\":\"http:\/\/www.polisrecreio.com.br\/site\/2018\/03\/13\/divulgada-tabela-do-jemg-de-26-a-28-de-marco-em-conceicao-da-boa-vista\/#primaryimage\"},\"datePublished\":\"2018-03-14T01:04:02+00:00\",\"dateModified\":\"2018-03-14T01:04:02+00:00\",\"author\":{\"@id\":\"https:\/\/www.polisrecreio.com.br\/site\/#\/schema\/person\/3363c1c78e1e28e1329d97adb387638e\"},\"inLanguage\":\"pt-BR\",\"potentialAction\":[{\"@type\":\"ReadAction\",\"target\":[\"http:\/\/www.polisrecreio.com.br\/site\/2018\/03\/13\/divulgada-tabela-do-jemg-de-26-a-28-de-marco-em-conceicao-da-boa-vista\/\"]}]},{\"@type\":\"Person\",\"@id\":\"https:\/\/www.polisrecreio.com.br\/site\/#\/schema\/person\/3363c1c78e1e28e1329d97adb387638e\",\"name\":\"Leonardo Ribeiro\",\"image\":{\"@type\":\"ImageObject\",\"@id\":\"https:\/\/www.polisrecreio.com.br\/site\/#personlogo\",\"inLanguage\":\"pt-BR\",\"url\":\"https:\/\/secure.gravatar.com\/avatar\/6ba92a37d621e1a83e23710251178a12?s=96&d=mm&r=g\",\"caption\":\"Leonardo Ribeiro\"},\"sameAs\":[\"http:\/\/www.polisrecreio.com.br\"]}]}<\/script>\n<!-- \/ Yoast SEO plugin. -->","_links":{"self":[{"href":"https:\/\/www.polisrecreio.com.br\/site\/wp-json\/wp\/v2\/posts\/9191"}],"collection":[{"href":"https:\/\/www.polisrecreio.com.br\/site\/wp-json\/wp\/v2\/posts"}],"about":[{"href":"https:\/\/www.polisrecreio.com.br\/site\/wp-json\/wp\/v2\/types\/post"}],"author":[{"embeddable":true,"href":"https:\/\/www.polisrecreio.com.br\/site\/wp-json\/wp\/v2\/users\/3"}],"replies":[{"embeddable":true,"href":"https:\/\/www.polisrecreio.com.br\/site\/wp-json\/wp\/v2\/comments?post=9191"}],"version-history":[{"count":1,"href":"https:\/\/www.polisrecreio.com.br\/site\/wp-json\/wp\/v2\/posts\/9191\/revisions"}],"predecessor-version":[{"id":9192,"href":"https:\/\/www.polisrecreio.com.br\/site\/wp-json\/wp\/v2\/posts\/9191\/revisions\/9192"}],"wp:featuredmedia":[{"embeddable":true,"href":"https:\/\/www.polisrecreio.com.br\/site\/wp-json\/wp\/v2\/media\/9066"}],"wp:attachment":[{"href":"https:\/\/www.polisrecreio.com.br\/site\/wp-json\/wp\/v2\/media?parent=9191"}],"wp:term":[{"taxonomy":"category","embeddable":true,"href":"https:\/\/www.polisrecreio.com.br\/site\/wp-json\/wp\/v2\/categories?post=9191"},{"taxonomy":"post_tag","embeddable":true,"href":"https:\/\/www.polisrecreio.com.br\/site\/wp-json\/wp\/v2\/tags?post=9191"}],"curies":[{"name":"wp","href":"https:\/\/api.w.org\/{rel}","templated":true}]}}