{"id":9193,"date":"2018-03-14T08:31:38","date_gmt":"2018-03-14T11:31:38","guid":{"rendered":"http:\/\/www.polisrecreio.com.br\/site\/?p=9193"},"modified":"2018-03-14T08:31:38","modified_gmt":"2018-03-14T11:31:38","slug":"apoio-financeiro-aos-municipios-torna-se-lei-mas-repasse-ainda-nao-tem-data","status":"publish","type":"post","link":"https:\/\/www.polisrecreio.com.br\/site\/2018\/03\/14\/apoio-financeiro-aos-municipios-torna-se-lei-mas-repasse-ainda-nao-tem-data\/","title":{"rendered":"Apoio financeiro aos munic\u00edpios torna-se lei, mas, repasse ainda n\u00e3o tem data"},"content":{"rendered":"<p style=\"text-align: justify;\">O AFM \u2013 Apoio Financeiro aos Munic\u00edpios \u2013 prometido pelo Governo Federal desde novembro de 2017, enfim, tornou-se lei. Ser\u00e3o R$ 2 bilh\u00f5es a serem divididos entre as cidades conforme o coeficiente de c\u00e1lculo do Fundo de Participa\u00e7\u00f5es dos Munic\u00edpios \u201cFPM\u201d. Mas, o repasse ainda n\u00e3o tem data.<\/p>\n<p><!--more--><\/p>\n<p><a href=\"http:\/\/www.polisrecreio.com.br\/site\/wp-content\/uploads\/2018\/03\/thumbs.jpg\"><img loading=\"lazy\" class=\"aligncenter size-full wp-image-9194\" src=\"http:\/\/www.polisrecreio.com.br\/site\/wp-content\/uploads\/2018\/03\/thumbs.jpg\" alt=\"\" width=\"750\" height=\"500\" srcset=\"https:\/\/www.polisrecreio.com.br\/site\/wp-content\/uploads\/2018\/03\/thumbs.jpg 750w, https:\/\/www.polisrecreio.com.br\/site\/wp-content\/uploads\/2018\/03\/thumbs-300x200.jpg 300w\" sizes=\"(max-width: 750px) 100vw, 750px\" \/><\/a><\/p>\n<p style=\"text-align: justify;\">A lei 13.633\/2018 foi sancionada pelo presidente da Rep\u00fablica, Michel Temer, na segunda-feira (12) e publicada no Di\u00e1rio Oficial da Uni\u00e3o no dia seguinte. Conforme j\u00e1 havia informado a Confedera\u00e7\u00e3o Nacional de Munic\u00edpios \u201cCNM\u201d, o valor dever ser utilizado nas \u00e1reas de Educa\u00e7\u00e3o, Sa\u00fade e Desenvolvimento Social. A entidade municipalista acredita que os valores sejam pagos em tr\u00eas transfer\u00eancias, um de cada pasta.<\/p>\n<p style=\"text-align: justify;\">Do valor total do repasse ser\u00e3o: R$ 1 milh\u00e3o para a Sa\u00fade, R$ 600 mil para Educa\u00e7\u00e3o e R$ 400 mil para Desenvolvimento Social. O recurso n\u00e3o poder\u00e1 contar para o atingimento dos m\u00ednimos constitucionais de Sa\u00fade e Educa\u00e7\u00e3o. Isso porque n\u00e3o tem origem determinada em impostos, como o FPM.<\/p>\n<p style=\"text-align: justify;\">Conforme dados da CNM, Recreio receber\u00e1 R$ 231.235,74 mil. O coeficiente do Munic\u00edpio para c\u00e1lculo do FPM \u00e9 0,8.<\/p>\n<p><a href=\"http:\/\/grafica.ufes.br\/sites\/grafica.ufes.br\/files\/publicacao_diaria\/2018_03_13_assinado_do1.pdf\" target=\"_blank\" rel=\"noopener\">Confira a lei do AFM.<\/a><\/p>\n","protected":false},"excerpt":{"rendered":"<p>O AFM \u2013 Apoio Financeiro aos Munic\u00edpios \u2013 prometido pelo Governo Federal desde novembro de 2017, enfim, tornou-se lei. Ser\u00e3o R$ 2 bilh\u00f5es a serem divididos entre as cidades conforme o coeficiente de c\u00e1lculo do Fundo de Participa\u00e7\u00f5es dos Munic\u00edpios \u201cFPM\u201d. Mas, o repasse ainda n\u00e3o tem data.<\/p>\n","protected":false},"author":3,"featured_media":9194,"comment_status":"open","ping_status":"open","sticky":false,"template":"","format":"standard","meta":[],"categories":[6],"tags":[],"yoast_head":"<!-- This site is optimized with the Yoast SEO plugin v15.6.2 - https:\/\/yoast.com\/wordpress\/plugins\/seo\/ -->\n<meta name=\"robots\" content=\"index, follow, max-snippet:-1, max-image-preview:large, max-video-preview:-1\" \/>\n<link rel=\"canonical\" href=\"https:\/\/www.polisrecreio.com.br\/site\/2018\/03\/14\/apoio-financeiro-aos-municipios-torna-se-lei-mas-repasse-ainda-nao-tem-data\/\" \/>\n<meta property=\"og:locale\" content=\"pt_BR\" \/>\n<meta property=\"og:type\" content=\"article\" \/>\n<meta property=\"og:title\" content=\"Apoio financeiro aos munic\u00edpios torna-se lei, mas, repasse ainda n\u00e3o tem data - P\u00f3lis Recreio\" \/>\n<meta property=\"og:description\" content=\"O AFM \u2013 Apoio Financeiro aos Munic\u00edpios \u2013 prometido pelo Governo Federal desde novembro de 2017, enfim, tornou-se lei. Ser\u00e3o R$ 2 bilh\u00f5es a serem divididos entre as cidades conforme o coeficiente de c\u00e1lculo do Fundo de Participa\u00e7\u00f5es dos Munic\u00edpios \u201cFPM\u201d. Mas, o repasse ainda n\u00e3o tem data.\" \/>\n<meta property=\"og:url\" content=\"https:\/\/www.polisrecreio.com.br\/site\/2018\/03\/14\/apoio-financeiro-aos-municipios-torna-se-lei-mas-repasse-ainda-nao-tem-data\/\" \/>\n<meta property=\"og:site_name\" content=\"P\u00f3lis Recreio\" \/>\n<meta property=\"article:publisher\" content=\"https:\/\/www.facebook.com\/Site-P%c3%b3lis-Recreio-MG-181941708571019\/\" \/>\n<meta property=\"article:published_time\" content=\"2018-03-14T11:31:38+00:00\" \/>\n<meta property=\"og:image\" content=\"https:\/\/www.polisrecreio.com.br\/site\/wp-content\/uploads\/2018\/03\/thumbs.jpg\" \/>\n\t<meta property=\"og:image:width\" content=\"750\" \/>\n\t<meta property=\"og:image:height\" content=\"500\" \/>\n<meta name=\"twitter:card\" content=\"summary_large_image\" \/>\n<meta name=\"twitter:creator\" content=\"@PolisRecreio\" \/>\n<meta name=\"twitter:site\" content=\"@PolisRecreio\" \/>\n<meta name=\"twitter:label1\" content=\"Est. reading time\">\n\t<meta name=\"twitter:data1\" content=\"1 minuto\">\n<script type=\"application\/ld+json\" class=\"yoast-schema-graph\">{\"@context\":\"https:\/\/schema.org\",\"@graph\":[{\"@type\":\"WebSite\",\"@id\":\"https:\/\/www.polisrecreio.com.br\/site\/#website\",\"url\":\"https:\/\/www.polisrecreio.com.br\/site\/\",\"name\":\"P\\u00f3lis Recreio\",\"description\":\"\",\"potentialAction\":[{\"@type\":\"SearchAction\",\"target\":\"https:\/\/www.polisrecreio.com.br\/site\/?s={search_term_string}\",\"query-input\":\"required name=search_term_string\"}],\"inLanguage\":\"pt-BR\"},{\"@type\":\"ImageObject\",\"@id\":\"https:\/\/www.polisrecreio.com.br\/site\/2018\/03\/14\/apoio-financeiro-aos-municipios-torna-se-lei-mas-repasse-ainda-nao-tem-data\/#primaryimage\",\"inLanguage\":\"pt-BR\",\"url\":\"https:\/\/www.polisrecreio.com.br\/site\/wp-content\/uploads\/2018\/03\/thumbs.jpg\",\"width\":750,\"height\":500},{\"@type\":\"WebPage\",\"@id\":\"https:\/\/www.polisrecreio.com.br\/site\/2018\/03\/14\/apoio-financeiro-aos-municipios-torna-se-lei-mas-repasse-ainda-nao-tem-data\/#webpage\",\"url\":\"https:\/\/www.polisrecreio.com.br\/site\/2018\/03\/14\/apoio-financeiro-aos-municipios-torna-se-lei-mas-repasse-ainda-nao-tem-data\/\",\"name\":\"Apoio financeiro aos munic\\u00edpios torna-se lei, mas, repasse ainda n\\u00e3o tem data - P\\u00f3lis Recreio\",\"isPartOf\":{\"@id\":\"https:\/\/www.polisrecreio.com.br\/site\/#website\"},\"primaryImageOfPage\":{\"@id\":\"https:\/\/www.polisrecreio.com.br\/site\/2018\/03\/14\/apoio-financeiro-aos-municipios-torna-se-lei-mas-repasse-ainda-nao-tem-data\/#primaryimage\"},\"datePublished\":\"2018-03-14T11:31:38+00:00\",\"dateModified\":\"2018-03-14T11:31:38+00:00\",\"author\":{\"@id\":\"https:\/\/www.polisrecreio.com.br\/site\/#\/schema\/person\/3363c1c78e1e28e1329d97adb387638e\"},\"inLanguage\":\"pt-BR\",\"potentialAction\":[{\"@type\":\"ReadAction\",\"target\":[\"https:\/\/www.polisrecreio.com.br\/site\/2018\/03\/14\/apoio-financeiro-aos-municipios-torna-se-lei-mas-repasse-ainda-nao-tem-data\/\"]}]},{\"@type\":\"Person\",\"@id\":\"https:\/\/www.polisrecreio.com.br\/site\/#\/schema\/person\/3363c1c78e1e28e1329d97adb387638e\",\"name\":\"Leonardo Ribeiro\",\"image\":{\"@type\":\"ImageObject\",\"@id\":\"https:\/\/www.polisrecreio.com.br\/site\/#personlogo\",\"inLanguage\":\"pt-BR\",\"url\":\"https:\/\/secure.gravatar.com\/avatar\/6ba92a37d621e1a83e23710251178a12?s=96&d=mm&r=g\",\"caption\":\"Leonardo Ribeiro\"},\"sameAs\":[\"http:\/\/www.polisrecreio.com.br\"]}]}<\/script>\n<!-- \/ Yoast SEO plugin. -->","_links":{"self":[{"href":"https:\/\/www.polisrecreio.com.br\/site\/wp-json\/wp\/v2\/posts\/9193"}],"collection":[{"href":"https:\/\/www.polisrecreio.com.br\/site\/wp-json\/wp\/v2\/posts"}],"about":[{"href":"https:\/\/www.polisrecreio.com.br\/site\/wp-json\/wp\/v2\/types\/post"}],"author":[{"embeddable":true,"href":"https:\/\/www.polisrecreio.com.br\/site\/wp-json\/wp\/v2\/users\/3"}],"replies":[{"embeddable":true,"href":"https:\/\/www.polisrecreio.com.br\/site\/wp-json\/wp\/v2\/comments?post=9193"}],"version-history":[{"count":1,"href":"https:\/\/www.polisrecreio.com.br\/site\/wp-json\/wp\/v2\/posts\/9193\/revisions"}],"predecessor-version":[{"id":9195,"href":"https:\/\/www.polisrecreio.com.br\/site\/wp-json\/wp\/v2\/posts\/9193\/revisions\/9195"}],"wp:featuredmedia":[{"embeddable":true,"href":"https:\/\/www.polisrecreio.com.br\/site\/wp-json\/wp\/v2\/media\/9194"}],"wp:attachment":[{"href":"https:\/\/www.polisrecreio.com.br\/site\/wp-json\/wp\/v2\/media?parent=9193"}],"wp:term":[{"taxonomy":"category","embeddable":true,"href":"https:\/\/www.polisrecreio.com.br\/site\/wp-json\/wp\/v2\/categories?post=9193"},{"taxonomy":"post_tag","embeddable":true,"href":"https:\/\/www.polisrecreio.com.br\/site\/wp-json\/wp\/v2\/tags?post=9193"}],"curies":[{"name":"wp","href":"https:\/\/api.w.org\/{rel}","templated":true}]}}