{"id":9202,"date":"2018-03-14T16:02:04","date_gmt":"2018-03-14T19:02:04","guid":{"rendered":"http:\/\/www.polisrecreio.com.br\/site\/?p=9202"},"modified":"2018-03-14T16:02:04","modified_gmt":"2018-03-14T19:02:04","slug":"entulho-da-rua-quintino-bocaiuva-enfim-e-retirado-2","status":"publish","type":"post","link":"https:\/\/www.polisrecreio.com.br\/site\/2018\/03\/14\/entulho-da-rua-quintino-bocaiuva-enfim-e-retirado-2\/","title":{"rendered":"Entulho da Rua Quintino Bocaiuva, enfim, \u00e9 retirado"},"content":{"rendered":"<p style=\"text-align: justify;\">H\u00e1 aproximadamente tr\u00eas meses um entulho \u2013 terra de encosta e matos \u2013 estava na Rua Quintino Bocaiuva, no Centro. Nesta quinta-feira (14), enfim, m\u00e1quina e caminh\u00e3o dos servi\u00e7os urbanos da Prefeitura retiraram a terra e os matos que estavam misturados.<\/p>\n<p><!--more--><\/p>\n<p><a href=\"http:\/\/www.polisrecreio.com.br\/site\/wp-content\/uploads\/2018\/03\/29177511_442036859567826_1054967658660757504_n.jpg\"><img loading=\"lazy\" class=\"aligncenter size-full wp-image-9197\" src=\"http:\/\/www.polisrecreio.com.br\/site\/wp-content\/uploads\/2018\/03\/29177511_442036859567826_1054967658660757504_n.jpg\" alt=\"\" width=\"750\" height=\"561\" srcset=\"https:\/\/www.polisrecreio.com.br\/site\/wp-content\/uploads\/2018\/03\/29177511_442036859567826_1054967658660757504_n.jpg 750w, https:\/\/www.polisrecreio.com.br\/site\/wp-content\/uploads\/2018\/03\/29177511_442036859567826_1054967658660757504_n-300x224.jpg 300w\" sizes=\"(max-width: 750px) 100vw, 750px\" \/><\/a><\/p>\n<p style=\"text-align: justify;\">Durante quase o dia inteiro os servi\u00e7os foram executados no local. Seis viagens do caminh\u00e3o e quase 7 horas de servi\u00e7os foram necess\u00e1rias para retirar o entulho. Moradores da \u00e1rea haviam solicitado a retirada por v\u00e1rias vezes, mas, at\u00e9 esta quarta-feira eles n\u00e3o haviam sido atendidos.<\/p>\n<p style=\"text-align: justify;\">Devido a mudan\u00e7a de secret\u00e1rio na pasta de Desenvolvimento Urbano, agora sob a responsabilidade de Eder Costa, a Administra\u00e7\u00e3o emitiu um comunicado na p\u00e1gina oficial da <a href=\"https:\/\/www.facebook.com\/prefeituraderecreio\/\" target=\"_blank\" rel=\"noopener\">Prefeitura Municipal de Recreio<\/a> no Facebook pedindo um pouco de paci\u00eancia aos mun\u00edcipes neste momento de adequa\u00e7\u00e3o dos servi\u00e7os urbanos.<\/p>\n","protected":false},"excerpt":{"rendered":"<p>H\u00e1 aproximadamente tr\u00eas meses um entulho \u2013 terra de encosta e matos \u2013 estava na Rua Quintino Bocaiuva, no Centro. Nesta quinta-feira (14), enfim, m\u00e1quina e caminh\u00e3o dos servi\u00e7os urbanos da Prefeitura retiraram a terra e os matos que estavam misturados.<\/p>\n","protected":false},"author":3,"featured_media":9197,"comment_status":"open","ping_status":"open","sticky":false,"template":"","format":"standard","meta":[],"categories":[6],"tags":[],"yoast_head":"<!-- This site is optimized with the Yoast SEO plugin v15.6.2 - https:\/\/yoast.com\/wordpress\/plugins\/seo\/ -->\n<meta name=\"robots\" content=\"index, follow, max-snippet:-1, max-image-preview:large, max-video-preview:-1\" \/>\n<link rel=\"canonical\" href=\"https:\/\/www.polisrecreio.com.br\/site\/2018\/03\/14\/entulho-da-rua-quintino-bocaiuva-enfim-e-retirado-2\/\" \/>\n<meta property=\"og:locale\" content=\"pt_BR\" \/>\n<meta property=\"og:type\" content=\"article\" \/>\n<meta property=\"og:title\" content=\"Entulho da Rua Quintino Bocaiuva, enfim, \u00e9 retirado - P\u00f3lis Recreio\" \/>\n<meta property=\"og:description\" content=\"H\u00e1 aproximadamente tr\u00eas meses um entulho \u2013 terra de encosta e matos \u2013 estava na Rua Quintino Bocaiuva, no Centro. Nesta quinta-feira (14), enfim, m\u00e1quina e caminh\u00e3o dos servi\u00e7os urbanos da Prefeitura retiraram a terra e os matos que estavam misturados.\" \/>\n<meta property=\"og:url\" content=\"https:\/\/www.polisrecreio.com.br\/site\/2018\/03\/14\/entulho-da-rua-quintino-bocaiuva-enfim-e-retirado-2\/\" \/>\n<meta property=\"og:site_name\" content=\"P\u00f3lis Recreio\" \/>\n<meta property=\"article:publisher\" content=\"https:\/\/www.facebook.com\/Site-P%c3%b3lis-Recreio-MG-181941708571019\/\" \/>\n<meta property=\"article:published_time\" content=\"2018-03-14T19:02:04+00:00\" \/>\n<meta property=\"og:image\" content=\"https:\/\/www.polisrecreio.com.br\/site\/wp-content\/uploads\/2018\/03\/29177511_442036859567826_1054967658660757504_n.jpg\" \/>\n\t<meta property=\"og:image:width\" content=\"750\" \/>\n\t<meta property=\"og:image:height\" content=\"561\" \/>\n<meta name=\"twitter:card\" content=\"summary_large_image\" \/>\n<meta name=\"twitter:creator\" content=\"@PolisRecreio\" \/>\n<meta name=\"twitter:site\" content=\"@PolisRecreio\" \/>\n<meta name=\"twitter:label1\" content=\"Est. reading time\">\n\t<meta name=\"twitter:data1\" content=\"1 minuto\">\n<script type=\"application\/ld+json\" class=\"yoast-schema-graph\">{\"@context\":\"https:\/\/schema.org\",\"@graph\":[{\"@type\":\"WebSite\",\"@id\":\"https:\/\/www.polisrecreio.com.br\/site\/#website\",\"url\":\"https:\/\/www.polisrecreio.com.br\/site\/\",\"name\":\"P\\u00f3lis Recreio\",\"description\":\"\",\"potentialAction\":[{\"@type\":\"SearchAction\",\"target\":\"https:\/\/www.polisrecreio.com.br\/site\/?s={search_term_string}\",\"query-input\":\"required name=search_term_string\"}],\"inLanguage\":\"pt-BR\"},{\"@type\":\"ImageObject\",\"@id\":\"https:\/\/www.polisrecreio.com.br\/site\/2018\/03\/14\/entulho-da-rua-quintino-bocaiuva-enfim-e-retirado-2\/#primaryimage\",\"inLanguage\":\"pt-BR\",\"url\":\"https:\/\/www.polisrecreio.com.br\/site\/wp-content\/uploads\/2018\/03\/29177511_442036859567826_1054967658660757504_n.jpg\",\"width\":750,\"height\":561},{\"@type\":\"WebPage\",\"@id\":\"https:\/\/www.polisrecreio.com.br\/site\/2018\/03\/14\/entulho-da-rua-quintino-bocaiuva-enfim-e-retirado-2\/#webpage\",\"url\":\"https:\/\/www.polisrecreio.com.br\/site\/2018\/03\/14\/entulho-da-rua-quintino-bocaiuva-enfim-e-retirado-2\/\",\"name\":\"Entulho da Rua Quintino Bocaiuva, enfim, \\u00e9 retirado - P\\u00f3lis Recreio\",\"isPartOf\":{\"@id\":\"https:\/\/www.polisrecreio.com.br\/site\/#website\"},\"primaryImageOfPage\":{\"@id\":\"https:\/\/www.polisrecreio.com.br\/site\/2018\/03\/14\/entulho-da-rua-quintino-bocaiuva-enfim-e-retirado-2\/#primaryimage\"},\"datePublished\":\"2018-03-14T19:02:04+00:00\",\"dateModified\":\"2018-03-14T19:02:04+00:00\",\"author\":{\"@id\":\"https:\/\/www.polisrecreio.com.br\/site\/#\/schema\/person\/3363c1c78e1e28e1329d97adb387638e\"},\"inLanguage\":\"pt-BR\",\"potentialAction\":[{\"@type\":\"ReadAction\",\"target\":[\"https:\/\/www.polisrecreio.com.br\/site\/2018\/03\/14\/entulho-da-rua-quintino-bocaiuva-enfim-e-retirado-2\/\"]}]},{\"@type\":\"Person\",\"@id\":\"https:\/\/www.polisrecreio.com.br\/site\/#\/schema\/person\/3363c1c78e1e28e1329d97adb387638e\",\"name\":\"Leonardo Ribeiro\",\"image\":{\"@type\":\"ImageObject\",\"@id\":\"https:\/\/www.polisrecreio.com.br\/site\/#personlogo\",\"inLanguage\":\"pt-BR\",\"url\":\"https:\/\/secure.gravatar.com\/avatar\/6ba92a37d621e1a83e23710251178a12?s=96&d=mm&r=g\",\"caption\":\"Leonardo Ribeiro\"},\"sameAs\":[\"http:\/\/www.polisrecreio.com.br\"]}]}<\/script>\n<!-- \/ Yoast SEO plugin. -->","_links":{"self":[{"href":"https:\/\/www.polisrecreio.com.br\/site\/wp-json\/wp\/v2\/posts\/9202"}],"collection":[{"href":"https:\/\/www.polisrecreio.com.br\/site\/wp-json\/wp\/v2\/posts"}],"about":[{"href":"https:\/\/www.polisrecreio.com.br\/site\/wp-json\/wp\/v2\/types\/post"}],"author":[{"embeddable":true,"href":"https:\/\/www.polisrecreio.com.br\/site\/wp-json\/wp\/v2\/users\/3"}],"replies":[{"embeddable":true,"href":"https:\/\/www.polisrecreio.com.br\/site\/wp-json\/wp\/v2\/comments?post=9202"}],"version-history":[{"count":1,"href":"https:\/\/www.polisrecreio.com.br\/site\/wp-json\/wp\/v2\/posts\/9202\/revisions"}],"predecessor-version":[{"id":9203,"href":"https:\/\/www.polisrecreio.com.br\/site\/wp-json\/wp\/v2\/posts\/9202\/revisions\/9203"}],"wp:featuredmedia":[{"embeddable":true,"href":"https:\/\/www.polisrecreio.com.br\/site\/wp-json\/wp\/v2\/media\/9197"}],"wp:attachment":[{"href":"https:\/\/www.polisrecreio.com.br\/site\/wp-json\/wp\/v2\/media?parent=9202"}],"wp:term":[{"taxonomy":"category","embeddable":true,"href":"https:\/\/www.polisrecreio.com.br\/site\/wp-json\/wp\/v2\/categories?post=9202"},{"taxonomy":"post_tag","embeddable":true,"href":"https:\/\/www.polisrecreio.com.br\/site\/wp-json\/wp\/v2\/tags?post=9202"}],"curies":[{"name":"wp","href":"https:\/\/api.w.org\/{rel}","templated":true}]}}