{"id":9204,"date":"2018-03-14T20:20:56","date_gmt":"2018-03-14T23:20:56","guid":{"rendered":"http:\/\/www.polisrecreio.com.br\/site\/?p=9204"},"modified":"2018-03-14T20:22:14","modified_gmt":"2018-03-14T23:22:14","slug":"competicoes-do-jemg-foram-antecipadas-para-20-a-22-de-marco","status":"publish","type":"post","link":"https:\/\/www.polisrecreio.com.br\/site\/2018\/03\/14\/competicoes-do-jemg-foram-antecipadas-para-20-a-22-de-marco\/","title":{"rendered":"Competi\u00e7\u00f5es do JEMG foram antecipadas para 20 a 22 de mar\u00e7o"},"content":{"rendered":"<p style=\"text-align: justify;\">As competi\u00e7\u00f5es dos Jogos Escolares de Minas Gerais \u201cJEMG\u201d \u2013 fase municipal \u2013 foram antecipadas para a pr\u00f3xima semana, 20 a 22 de mar\u00e7o. O local permanece o mesmo, a E.E Presidente Carlos Luz, no distrito de Concei\u00e7\u00e3o da Boa Vista.<\/p>\n<p><!--more--><\/p>\n<p><a href=\"http:\/\/www.polisrecreio.com.br\/site\/wp-content\/uploads\/2018\/03\/1.jpg\"><img loading=\"lazy\" class=\"aligncenter size-full wp-image-9205\" src=\"http:\/\/www.polisrecreio.com.br\/site\/wp-content\/uploads\/2018\/03\/1.jpg\" alt=\"\" width=\"750\" height=\"563\" srcset=\"https:\/\/www.polisrecreio.com.br\/site\/wp-content\/uploads\/2018\/03\/1.jpg 750w, https:\/\/www.polisrecreio.com.br\/site\/wp-content\/uploads\/2018\/03\/1-300x225.jpg 300w\" sizes=\"(max-width: 750px) 100vw, 750px\" \/><\/a><\/p>\n<p style=\"text-align: justify;\">O motivo da antecipa\u00e7\u00e3o \u00e9 o prazo para a inscri\u00e7\u00e3o dos col\u00e9gios classificados para a segunda fase. Segundo o regulamento termina dia 26 de mar\u00e7o.<\/p>\n<p style=\"text-align: justify;\">A abertura oficial dos jogos, com participa\u00e7\u00e3o de autoridades municipais, ser\u00e1 ter\u00e7a-feira (20), a partir das 7:30h.<\/p>\n<p style=\"text-align: justify;\">Confira a tabela:<\/p>\n<p style=\"text-align: justify;\"><strong>20 de mar\u00e7o \u2013 ter\u00e7a-feira:<\/strong><\/p>\n<p style=\"text-align: justify;\">8h \u2013 Futsal Feminino I \u2013 E.M Jo\u00e3o Damasceno Ferreira X E.E Presidente Carlos Luz<\/p>\n<p style=\"text-align: justify;\">8:50h \u2013 Futsal Masculino I \u2013 E.M Jo\u00e3o Damasceno Ferreira X E.E Presidente Carlos Luz<\/p>\n<p style=\"text-align: justify;\">9:40h \u2013 Futsal Masculino II \u2013 E.M Jo\u00e3o Damasceno Ferreira X E.E Olavo Bilac<\/p>\n<p><strong>21 de mar\u00e7o \u2013 quarta-feira:<\/strong><\/p>\n<p style=\"text-align: justify;\">8h \u2013 Futsal Feminino I \u2013 E.M Jo\u00e3o Damasceno Ferreira X E.M Professora Nice D. A. Muniz<\/p>\n<p style=\"text-align: justify;\">8:50h \u2013 Futsal Masculino I \u2013 E.M Jo\u00e3o Damasceno Ferreira X E.M Professora Nice D. A. Muniz<\/p>\n<p style=\"text-align: justify;\">9:40h \u2013 Futsal Masculino II \u2013 E.M Jo\u00e3o Damasceno Ferreira X E.M Professora Nice D. A. Muniz<\/p>\n<p style=\"text-align: justify;\"><strong>22 de mar\u00e7o \u2013 quinta-feira:<\/strong><\/p>\n<p style=\"text-align: justify;\">8h \u2013 Futsal Feminino I \u2013 E.M Professora Nice D. A. Muniz X E.E Presidente Carlos Luz<\/p>\n<p style=\"text-align: justify;\">8:50h \u2013 Futsal Masculino I \u2013 E.M Professora Nice D. A. Muniz X E.E Presidente Carlos Luz<\/p>\n<p style=\"text-align: justify;\">9:40h \u2013 Futsal Feminino II \u2013 E.M Professora Nice D. A Muniz X E.E Olavo Bilac<\/p>\n<p style=\"text-align: justify;\">10:20h \u2013 Futsal Masculino II \u2013 E.M Professora Nice D. A Muniz X E.E Olavo Bilac<\/p>\n","protected":false},"excerpt":{"rendered":"<p>As competi\u00e7\u00f5es dos Jogos Escolares de Minas Gerais \u201cJEMG\u201d \u2013 fase municipal \u2013 foram antecipadas para a pr\u00f3xima semana, 20 a 22 de mar\u00e7o. O local permanece o mesmo, a E.E Presidente Carlos Luz, no distrito de Concei\u00e7\u00e3o da Boa Vista.<\/p>\n","protected":false},"author":3,"featured_media":9205,"comment_status":"open","ping_status":"open","sticky":false,"template":"","format":"standard","meta":[],"categories":[4],"tags":[],"yoast_head":"<!-- This site is optimized with the Yoast SEO plugin v15.6.2 - https:\/\/yoast.com\/wordpress\/plugins\/seo\/ -->\n<meta name=\"robots\" content=\"index, follow, max-snippet:-1, max-image-preview:large, max-video-preview:-1\" \/>\n<link rel=\"canonical\" href=\"https:\/\/www.polisrecreio.com.br\/site\/2018\/03\/14\/competicoes-do-jemg-foram-antecipadas-para-20-a-22-de-marco\/\" \/>\n<meta property=\"og:locale\" content=\"pt_BR\" \/>\n<meta property=\"og:type\" content=\"article\" \/>\n<meta property=\"og:title\" content=\"Competi\u00e7\u00f5es do JEMG foram antecipadas para 20 a 22 de mar\u00e7o - P\u00f3lis Recreio\" \/>\n<meta property=\"og:description\" content=\"As competi\u00e7\u00f5es dos Jogos Escolares de Minas Gerais \u201cJEMG\u201d \u2013 fase municipal \u2013 foram antecipadas para a pr\u00f3xima semana, 20 a 22 de mar\u00e7o. O local permanece o mesmo, a E.E Presidente Carlos Luz, no distrito de Concei\u00e7\u00e3o da Boa Vista.\" \/>\n<meta property=\"og:url\" content=\"https:\/\/www.polisrecreio.com.br\/site\/2018\/03\/14\/competicoes-do-jemg-foram-antecipadas-para-20-a-22-de-marco\/\" \/>\n<meta property=\"og:site_name\" content=\"P\u00f3lis Recreio\" \/>\n<meta property=\"article:publisher\" content=\"https:\/\/www.facebook.com\/Site-P%c3%b3lis-Recreio-MG-181941708571019\/\" \/>\n<meta property=\"article:published_time\" content=\"2018-03-14T23:20:56+00:00\" \/>\n<meta property=\"article:modified_time\" content=\"2018-03-14T23:22:14+00:00\" \/>\n<meta property=\"og:image\" content=\"https:\/\/www.polisrecreio.com.br\/site\/wp-content\/uploads\/2018\/03\/1.jpg\" \/>\n\t<meta property=\"og:image:width\" content=\"750\" \/>\n\t<meta property=\"og:image:height\" content=\"563\" \/>\n<meta name=\"twitter:card\" content=\"summary_large_image\" \/>\n<meta name=\"twitter:creator\" content=\"@PolisRecreio\" \/>\n<meta name=\"twitter:site\" content=\"@PolisRecreio\" \/>\n<meta name=\"twitter:label1\" content=\"Est. reading time\">\n\t<meta name=\"twitter:data1\" content=\"1 minuto\">\n<script type=\"application\/ld+json\" class=\"yoast-schema-graph\">{\"@context\":\"https:\/\/schema.org\",\"@graph\":[{\"@type\":\"WebSite\",\"@id\":\"https:\/\/www.polisrecreio.com.br\/site\/#website\",\"url\":\"https:\/\/www.polisrecreio.com.br\/site\/\",\"name\":\"P\\u00f3lis Recreio\",\"description\":\"\",\"potentialAction\":[{\"@type\":\"SearchAction\",\"target\":\"https:\/\/www.polisrecreio.com.br\/site\/?s={search_term_string}\",\"query-input\":\"required name=search_term_string\"}],\"inLanguage\":\"pt-BR\"},{\"@type\":\"ImageObject\",\"@id\":\"https:\/\/www.polisrecreio.com.br\/site\/2018\/03\/14\/competicoes-do-jemg-foram-antecipadas-para-20-a-22-de-marco\/#primaryimage\",\"inLanguage\":\"pt-BR\",\"url\":\"https:\/\/www.polisrecreio.com.br\/site\/wp-content\/uploads\/2018\/03\/1.jpg\",\"width\":750,\"height\":563},{\"@type\":\"WebPage\",\"@id\":\"https:\/\/www.polisrecreio.com.br\/site\/2018\/03\/14\/competicoes-do-jemg-foram-antecipadas-para-20-a-22-de-marco\/#webpage\",\"url\":\"https:\/\/www.polisrecreio.com.br\/site\/2018\/03\/14\/competicoes-do-jemg-foram-antecipadas-para-20-a-22-de-marco\/\",\"name\":\"Competi\\u00e7\\u00f5es do JEMG foram antecipadas para 20 a 22 de mar\\u00e7o - P\\u00f3lis Recreio\",\"isPartOf\":{\"@id\":\"https:\/\/www.polisrecreio.com.br\/site\/#website\"},\"primaryImageOfPage\":{\"@id\":\"https:\/\/www.polisrecreio.com.br\/site\/2018\/03\/14\/competicoes-do-jemg-foram-antecipadas-para-20-a-22-de-marco\/#primaryimage\"},\"datePublished\":\"2018-03-14T23:20:56+00:00\",\"dateModified\":\"2018-03-14T23:22:14+00:00\",\"author\":{\"@id\":\"https:\/\/www.polisrecreio.com.br\/site\/#\/schema\/person\/3363c1c78e1e28e1329d97adb387638e\"},\"inLanguage\":\"pt-BR\",\"potentialAction\":[{\"@type\":\"ReadAction\",\"target\":[\"https:\/\/www.polisrecreio.com.br\/site\/2018\/03\/14\/competicoes-do-jemg-foram-antecipadas-para-20-a-22-de-marco\/\"]}]},{\"@type\":\"Person\",\"@id\":\"https:\/\/www.polisrecreio.com.br\/site\/#\/schema\/person\/3363c1c78e1e28e1329d97adb387638e\",\"name\":\"Leonardo Ribeiro\",\"image\":{\"@type\":\"ImageObject\",\"@id\":\"https:\/\/www.polisrecreio.com.br\/site\/#personlogo\",\"inLanguage\":\"pt-BR\",\"url\":\"https:\/\/secure.gravatar.com\/avatar\/6ba92a37d621e1a83e23710251178a12?s=96&d=mm&r=g\",\"caption\":\"Leonardo Ribeiro\"},\"sameAs\":[\"http:\/\/www.polisrecreio.com.br\"]}]}<\/script>\n<!-- \/ Yoast SEO plugin. -->","_links":{"self":[{"href":"https:\/\/www.polisrecreio.com.br\/site\/wp-json\/wp\/v2\/posts\/9204"}],"collection":[{"href":"https:\/\/www.polisrecreio.com.br\/site\/wp-json\/wp\/v2\/posts"}],"about":[{"href":"https:\/\/www.polisrecreio.com.br\/site\/wp-json\/wp\/v2\/types\/post"}],"author":[{"embeddable":true,"href":"https:\/\/www.polisrecreio.com.br\/site\/wp-json\/wp\/v2\/users\/3"}],"replies":[{"embeddable":true,"href":"https:\/\/www.polisrecreio.com.br\/site\/wp-json\/wp\/v2\/comments?post=9204"}],"version-history":[{"count":2,"href":"https:\/\/www.polisrecreio.com.br\/site\/wp-json\/wp\/v2\/posts\/9204\/revisions"}],"predecessor-version":[{"id":9207,"href":"https:\/\/www.polisrecreio.com.br\/site\/wp-json\/wp\/v2\/posts\/9204\/revisions\/9207"}],"wp:featuredmedia":[{"embeddable":true,"href":"https:\/\/www.polisrecreio.com.br\/site\/wp-json\/wp\/v2\/media\/9205"}],"wp:attachment":[{"href":"https:\/\/www.polisrecreio.com.br\/site\/wp-json\/wp\/v2\/media?parent=9204"}],"wp:term":[{"taxonomy":"category","embeddable":true,"href":"https:\/\/www.polisrecreio.com.br\/site\/wp-json\/wp\/v2\/categories?post=9204"},{"taxonomy":"post_tag","embeddable":true,"href":"https:\/\/www.polisrecreio.com.br\/site\/wp-json\/wp\/v2\/tags?post=9204"}],"curies":[{"name":"wp","href":"https:\/\/api.w.org\/{rel}","templated":true}]}}