{"id":9208,"date":"2018-03-15T09:29:03","date_gmt":"2018-03-15T12:29:03","guid":{"rendered":"http:\/\/www.polisrecreio.com.br\/site\/?p=9208"},"modified":"2018-03-15T09:32:30","modified_gmt":"2018-03-15T12:32:30","slug":"prefeito-de-recreio-sanciona-lei-de-estagios","status":"publish","type":"post","link":"https:\/\/www.polisrecreio.com.br\/site\/2018\/03\/15\/prefeito-de-recreio-sanciona-lei-de-estagios\/","title":{"rendered":"Prefeito de Recreio sanciona lei de est\u00e1gios"},"content":{"rendered":"<p style=\"text-align: justify;\">O prefeito de Recreio, Jos\u00e9 Maria Barros, sancionou na \u00faltima ter\u00e7a-feira (13) a lei que disp\u00f5e sobre a contrata\u00e7\u00e3o de estagi\u00e1rios na Prefeitura Municipal. O primeiro edital de sele\u00e7\u00e3o para a \u00e1rea de educa\u00e7\u00e3o est\u00e1 sendo montado.<\/p>\n<p><!--more--><\/p>\n<figure id=\"attachment_9209\" aria-describedby=\"caption-attachment-9209\" style=\"width: 960px\" class=\"wp-caption aligncenter\"><a href=\"http:\/\/www.polisrecreio.com.br\/site\/wp-content\/uploads\/2018\/03\/san\u00e7\u00e3o1.jpg\"><img loading=\"lazy\" class=\"size-full wp-image-9209\" src=\"http:\/\/www.polisrecreio.com.br\/site\/wp-content\/uploads\/2018\/03\/san\u00e7\u00e3o1.jpg\" alt=\"\" width=\"960\" height=\"636\" srcset=\"https:\/\/www.polisrecreio.com.br\/site\/wp-content\/uploads\/2018\/03\/san\u00e7\u00e3o1.jpg 960w, https:\/\/www.polisrecreio.com.br\/site\/wp-content\/uploads\/2018\/03\/san\u00e7\u00e3o1-300x199.jpg 300w, https:\/\/www.polisrecreio.com.br\/site\/wp-content\/uploads\/2018\/03\/san\u00e7\u00e3o1-768x509.jpg 768w\" sizes=\"(max-width: 960px) 100vw, 960px\" \/><\/a><figcaption id=\"caption-attachment-9209\" class=\"wp-caption-text\">Prefeito de Recreio, Jos\u00e9 Maria Barros.<\/figcaption><\/figure>\n<p style=\"text-align: justify;\">Ser\u00e3o admitidos para a realiza\u00e7\u00e3o de est\u00e1gio profissionalizante estudantes matriculados e com frequ\u00eancia efetiva em curso de educa\u00e7\u00e3o superior, de educa\u00e7\u00e3o profissional, de ensino m\u00e9dio, da educa\u00e7\u00e3o especial e nos anos finais do ensino fundamental na modalidade profissional da educa\u00e7\u00e3o de jovens e adultos. O est\u00e1gio poder\u00e1 ser remunerado ou n\u00e3o. Se for remunerado o estudante ter\u00e1 uma bolsa-aux\u00edlio de meio sal\u00e1rio m\u00ednimo, atualmente, R$ 477. A carga hor\u00e1ria \u00e9 de 25 horas\/semanais.<\/p>\n<p style=\"text-align: justify;\">Na \u00faltima segunda-feira (12) o projeto de lei dos estagi\u00e1rios de autoria do executivo foi votado e aprovado por unanimidade na C\u00e2mara Municipal. Na ocasi\u00e3o o vereador Pororoca (PSB) destacou que a indica\u00e7\u00e3o para criar este modelo de incentivo aos estudantes \u00e9 de sua autoria e agradeceu o prefeito por acatar a sua proposta.<\/p>\n<p style=\"text-align: justify;\">Segundo a<a href=\"http:\/\/recreio.mg.gov.br\/images\/Leis\/2018\/lei1652.pdf\" target=\"_blank\" rel=\"noopener\"> Lei 1.652\/2018<\/a>, os estagi\u00e1rios poder\u00e3o atuar nos setores administrativos, da sa\u00fade, educa\u00e7\u00e3o e nas demais \u00e1reas de servi\u00e7os municipais. A contrata\u00e7\u00e3o obedecer\u00e1 \u00e0s normas definidas na lei e na legisla\u00e7\u00e3o federal aplic\u00e1vel.<\/p>\n<p style=\"text-align: justify;\">De acordo com informa\u00e7\u00f5es da equipe administrativa do prefeito Jos\u00e9 Maria Barros o primeiro edital para sele\u00e7\u00e3o de estagi\u00e1rios est\u00e1 sendo montado, ser\u00e1 para a \u00e1rea de educa\u00e7\u00e3o. A secret\u00e1ria de Educa\u00e7\u00e3o e Cultura, Maria Jos\u00e9 Lacerda \u201cZez\u00e9\u201d, j\u00e1 havia informado na sess\u00e3o da C\u00e2mara Municipal a ideia de contratar estudantes do magist\u00e9rio para atuarem no Centro Educacional Municipal Crian\u00e7a Feliz.<\/p>\n<p style=\"text-align: justify;\">Todas as contrata\u00e7\u00f5es ser\u00e3o mediante editais de sele\u00e7\u00e3o por setores da Prefeitura.<\/p>\n","protected":false},"excerpt":{"rendered":"<p>O prefeito de Recreio, Jos\u00e9 Maria Barros, sancionou na \u00faltima ter\u00e7a-feira (13) a lei que disp\u00f5e sobre a contrata\u00e7\u00e3o de estagi\u00e1rios na Prefeitura Municipal. O primeiro edital de sele\u00e7\u00e3o para a \u00e1rea de educa\u00e7\u00e3o est\u00e1 sendo montado.<\/p>\n","protected":false},"author":3,"featured_media":9209,"comment_status":"open","ping_status":"open","sticky":false,"template":"","format":"standard","meta":[],"categories":[6],"tags":[],"yoast_head":"<!-- This site is optimized with the Yoast SEO plugin v15.6.2 - https:\/\/yoast.com\/wordpress\/plugins\/seo\/ -->\n<meta name=\"robots\" content=\"index, follow, max-snippet:-1, max-image-preview:large, max-video-preview:-1\" \/>\n<link rel=\"canonical\" href=\"https:\/\/www.polisrecreio.com.br\/site\/2018\/03\/15\/prefeito-de-recreio-sanciona-lei-de-estagios\/\" \/>\n<meta property=\"og:locale\" content=\"pt_BR\" \/>\n<meta property=\"og:type\" content=\"article\" \/>\n<meta property=\"og:title\" content=\"Prefeito de Recreio sanciona lei de est\u00e1gios - P\u00f3lis Recreio\" \/>\n<meta property=\"og:description\" content=\"O prefeito de Recreio, Jos\u00e9 Maria Barros, sancionou na \u00faltima ter\u00e7a-feira (13) a lei que disp\u00f5e sobre a contrata\u00e7\u00e3o de estagi\u00e1rios na Prefeitura Municipal. O primeiro edital de sele\u00e7\u00e3o para a \u00e1rea de educa\u00e7\u00e3o est\u00e1 sendo montado.\" \/>\n<meta property=\"og:url\" content=\"https:\/\/www.polisrecreio.com.br\/site\/2018\/03\/15\/prefeito-de-recreio-sanciona-lei-de-estagios\/\" \/>\n<meta property=\"og:site_name\" content=\"P\u00f3lis Recreio\" \/>\n<meta property=\"article:publisher\" content=\"https:\/\/www.facebook.com\/Site-P%c3%b3lis-Recreio-MG-181941708571019\/\" \/>\n<meta property=\"article:published_time\" content=\"2018-03-15T12:29:03+00:00\" \/>\n<meta property=\"article:modified_time\" content=\"2018-03-15T12:32:30+00:00\" \/>\n<meta property=\"og:image\" content=\"https:\/\/www.polisrecreio.com.br\/site\/wp-content\/uploads\/2018\/03\/san\u00e7\u00e3o1.jpg\" \/>\n\t<meta property=\"og:image:width\" content=\"960\" \/>\n\t<meta property=\"og:image:height\" content=\"636\" \/>\n<meta name=\"twitter:card\" content=\"summary_large_image\" \/>\n<meta name=\"twitter:creator\" content=\"@PolisRecreio\" \/>\n<meta name=\"twitter:site\" content=\"@PolisRecreio\" \/>\n<meta name=\"twitter:label1\" content=\"Est. reading time\">\n\t<meta name=\"twitter:data1\" content=\"2 minutos\">\n<script type=\"application\/ld+json\" class=\"yoast-schema-graph\">{\"@context\":\"https:\/\/schema.org\",\"@graph\":[{\"@type\":\"WebSite\",\"@id\":\"https:\/\/www.polisrecreio.com.br\/site\/#website\",\"url\":\"https:\/\/www.polisrecreio.com.br\/site\/\",\"name\":\"P\\u00f3lis Recreio\",\"description\":\"\",\"potentialAction\":[{\"@type\":\"SearchAction\",\"target\":\"https:\/\/www.polisrecreio.com.br\/site\/?s={search_term_string}\",\"query-input\":\"required name=search_term_string\"}],\"inLanguage\":\"pt-BR\"},{\"@type\":\"ImageObject\",\"@id\":\"https:\/\/www.polisrecreio.com.br\/site\/2018\/03\/15\/prefeito-de-recreio-sanciona-lei-de-estagios\/#primaryimage\",\"inLanguage\":\"pt-BR\",\"url\":\"https:\/\/www.polisrecreio.com.br\/site\/wp-content\/uploads\/2018\/03\/san\\u00e7\\u00e3o1.jpg\",\"width\":960,\"height\":636,\"caption\":\"Prefeito de Recreio, Jos\\u00e9 Maria Barros.\"},{\"@type\":\"WebPage\",\"@id\":\"https:\/\/www.polisrecreio.com.br\/site\/2018\/03\/15\/prefeito-de-recreio-sanciona-lei-de-estagios\/#webpage\",\"url\":\"https:\/\/www.polisrecreio.com.br\/site\/2018\/03\/15\/prefeito-de-recreio-sanciona-lei-de-estagios\/\",\"name\":\"Prefeito de Recreio sanciona lei de est\\u00e1gios - P\\u00f3lis Recreio\",\"isPartOf\":{\"@id\":\"https:\/\/www.polisrecreio.com.br\/site\/#website\"},\"primaryImageOfPage\":{\"@id\":\"https:\/\/www.polisrecreio.com.br\/site\/2018\/03\/15\/prefeito-de-recreio-sanciona-lei-de-estagios\/#primaryimage\"},\"datePublished\":\"2018-03-15T12:29:03+00:00\",\"dateModified\":\"2018-03-15T12:32:30+00:00\",\"author\":{\"@id\":\"https:\/\/www.polisrecreio.com.br\/site\/#\/schema\/person\/3363c1c78e1e28e1329d97adb387638e\"},\"inLanguage\":\"pt-BR\",\"potentialAction\":[{\"@type\":\"ReadAction\",\"target\":[\"https:\/\/www.polisrecreio.com.br\/site\/2018\/03\/15\/prefeito-de-recreio-sanciona-lei-de-estagios\/\"]}]},{\"@type\":\"Person\",\"@id\":\"https:\/\/www.polisrecreio.com.br\/site\/#\/schema\/person\/3363c1c78e1e28e1329d97adb387638e\",\"name\":\"Leonardo Ribeiro\",\"image\":{\"@type\":\"ImageObject\",\"@id\":\"https:\/\/www.polisrecreio.com.br\/site\/#personlogo\",\"inLanguage\":\"pt-BR\",\"url\":\"https:\/\/secure.gravatar.com\/avatar\/6ba92a37d621e1a83e23710251178a12?s=96&d=mm&r=g\",\"caption\":\"Leonardo Ribeiro\"},\"sameAs\":[\"http:\/\/www.polisrecreio.com.br\"]}]}<\/script>\n<!-- \/ Yoast SEO plugin. -->","_links":{"self":[{"href":"https:\/\/www.polisrecreio.com.br\/site\/wp-json\/wp\/v2\/posts\/9208"}],"collection":[{"href":"https:\/\/www.polisrecreio.com.br\/site\/wp-json\/wp\/v2\/posts"}],"about":[{"href":"https:\/\/www.polisrecreio.com.br\/site\/wp-json\/wp\/v2\/types\/post"}],"author":[{"embeddable":true,"href":"https:\/\/www.polisrecreio.com.br\/site\/wp-json\/wp\/v2\/users\/3"}],"replies":[{"embeddable":true,"href":"https:\/\/www.polisrecreio.com.br\/site\/wp-json\/wp\/v2\/comments?post=9208"}],"version-history":[{"count":2,"href":"https:\/\/www.polisrecreio.com.br\/site\/wp-json\/wp\/v2\/posts\/9208\/revisions"}],"predecessor-version":[{"id":9211,"href":"https:\/\/www.polisrecreio.com.br\/site\/wp-json\/wp\/v2\/posts\/9208\/revisions\/9211"}],"wp:featuredmedia":[{"embeddable":true,"href":"https:\/\/www.polisrecreio.com.br\/site\/wp-json\/wp\/v2\/media\/9209"}],"wp:attachment":[{"href":"https:\/\/www.polisrecreio.com.br\/site\/wp-json\/wp\/v2\/media?parent=9208"}],"wp:term":[{"taxonomy":"category","embeddable":true,"href":"https:\/\/www.polisrecreio.com.br\/site\/wp-json\/wp\/v2\/categories?post=9208"},{"taxonomy":"post_tag","embeddable":true,"href":"https:\/\/www.polisrecreio.com.br\/site\/wp-json\/wp\/v2\/tags?post=9208"}],"curies":[{"name":"wp","href":"https:\/\/api.w.org\/{rel}","templated":true}]}}