{"id":9212,"date":"2018-03-15T20:00:09","date_gmt":"2018-03-15T23:00:09","guid":{"rendered":"http:\/\/www.polisrecreio.com.br\/site\/?p=9212"},"modified":"2018-03-15T20:00:09","modified_gmt":"2018-03-15T23:00:09","slug":"isabelly-sera-operada-nesta-sexta-feira-16","status":"publish","type":"post","link":"https:\/\/www.polisrecreio.com.br\/site\/2018\/03\/15\/isabelly-sera-operada-nesta-sexta-feira-16\/","title":{"rendered":"Isabelly ser\u00e1 operada nesta sexta-feira (16)"},"content":{"rendered":"<p style=\"text-align: justify;\">Depois de uma longa espera, Isabelly, de 7 meses, moradora da Vila S\u00e3o Jo\u00e3o da Sapucaia (Laranjal), a 38 km de Recreio, ser\u00e1 operada nesta sexta-feira (16) no Hospital Albert Sabin, em Juiz de Fora.\u00a0O caso da menina ganhou repercuss\u00e3o na regi\u00e3o h\u00e1 um m\u00eas.<\/p>\n<p><!--more--><\/p>\n<p><a href=\"http:\/\/www.polisrecreio.com.br\/site\/wp-content\/uploads\/2018\/03\/e24a3ec86ced49249285dc7c9e7cd03b.jpg\"><img loading=\"lazy\" class=\"aligncenter size-full wp-image-9213\" src=\"http:\/\/www.polisrecreio.com.br\/site\/wp-content\/uploads\/2018\/03\/e24a3ec86ced49249285dc7c9e7cd03b.jpg\" alt=\"\" width=\"900\" height=\"500\" srcset=\"https:\/\/www.polisrecreio.com.br\/site\/wp-content\/uploads\/2018\/03\/e24a3ec86ced49249285dc7c9e7cd03b.jpg 900w, https:\/\/www.polisrecreio.com.br\/site\/wp-content\/uploads\/2018\/03\/e24a3ec86ced49249285dc7c9e7cd03b-300x167.jpg 300w, https:\/\/www.polisrecreio.com.br\/site\/wp-content\/uploads\/2018\/03\/e24a3ec86ced49249285dc7c9e7cd03b-768x427.jpg 768w\" sizes=\"(max-width: 900px) 100vw, 900px\" \/><\/a><\/p>\n<p style=\"text-align: justify;\">Em fevereiro diversas m\u00eddias sociais divulgaram a entrevista da m\u00e3e de Isabelly, ap\u00f3s reportagem do site O Vigilante Online publicar a informa\u00e7\u00e3o. Jussandra dos Santos Fernandes Lancini, de 34 anos, contou que dois dias depois que suas filhas g\u00eameas Isabelly e Nicolly nasceram, foi descoberta a defici\u00eancia de Isabelly, que tem m\u00e1 forma\u00e7\u00e3o de intestino, \u00e2nus imperfurado e persist\u00eancia de cloaca. Com 4 dias de vida, Isabelly passou por uma opera\u00e7\u00e3o de colostomia em Juiz de Fora, no Hospital Jo\u00e3o Penido.<\/p>\n<p style=\"text-align: justify;\">Os m\u00e9dicos disseram aos pais que devido aos problemas, Isabelly precisaria passar por 3 ou 4 cirurgias corretivas. Jussandra explicou que a filha teria que fazer a corre\u00e7\u00e3o no canal da uretra e passar por avalia\u00e7\u00f5es para se saber quais os outros procedimentos seriam adotados<em>.\u00a0<\/em>&#8220;As cirurgias podem ser feitas em Juiz de Fora, no Hospital Albert Sabin, por\u00e9m, teremos que pagar por elas&#8221;<em>,<\/em> informou. Para conseguir realizar a opera\u00e7\u00e3o pelo Sistema \u00danico de Sa\u00fade (SUS), a fam\u00edlia teria que ingressar na Justi\u00e7a. Procuraram a Secretaria Municipal de Sa\u00fade de Laranjal e o prefeito daquele munic\u00edpio, mas, igualmente o caminho tamb\u00e9m seria pela Justi\u00e7a, o que demoraria.<\/p>\n<p>Ap\u00f3s uma grande mobiliza\u00e7\u00e3o regional, a fam\u00edlia de Isabelly conseguiu os recursos para a cirurgia.\u00a0&#8220;Iremos para Juiz de Fora na madrugada desta sexta (16), pois \u00e0s 6:30h precisamos estar no hospital. A cirurgia principal ser\u00e1 realizada \u00e0s 7:30h&#8221;. Jussandra agradeceu a todos que ajudaram na mobiliza\u00e7\u00e3o, apoiando a campanha para o tratamento de sua filha<strong>:<\/strong>\u00a0&#8220;A meta foi alcan\u00e7ada com sucesso. Pe\u00e7o a todos que fiquem em ora\u00e7\u00e3o para a nossa pequena Isabelly&#8221;.<\/p>\n<p>Relembre: <a href=\"http:\/\/www.polisrecreio.com.br\/site\/2018\/02\/15\/familia-de-laranjal-pede-ajuda-para-cirurgia-de-filha-de-6-meses\/\" target=\"_blank\" rel=\"noopener\">Fam\u00edlia de Laranjal pede ajuda para cirurgia de filha de 6 meses.<\/a><\/p>\n<p><em>Com informa\u00e7\u00f5es: O Vigilante Online.<\/em><\/p>\n","protected":false},"excerpt":{"rendered":"<p>Depois de uma longa espera, Isabelly, de 7 meses, moradora da Vila S\u00e3o Jo\u00e3o da Sapucaia (Laranjal), a 38 km de Recreio, ser\u00e1 operada nesta sexta-feira (16) no Hospital Albert Sabin, em Juiz de Fora.\u00a0O caso da menina ganhou repercuss\u00e3o na regi\u00e3o h\u00e1 um m\u00eas.<\/p>\n","protected":false},"author":3,"featured_media":9213,"comment_status":"open","ping_status":"open","sticky":false,"template":"","format":"standard","meta":[],"categories":[8],"tags":[],"yoast_head":"<!-- This site is optimized with the Yoast SEO plugin v15.6.2 - https:\/\/yoast.com\/wordpress\/plugins\/seo\/ -->\n<meta name=\"robots\" content=\"index, follow, max-snippet:-1, max-image-preview:large, max-video-preview:-1\" \/>\n<link rel=\"canonical\" href=\"https:\/\/www.polisrecreio.com.br\/site\/2018\/03\/15\/isabelly-sera-operada-nesta-sexta-feira-16\/\" \/>\n<meta property=\"og:locale\" content=\"pt_BR\" \/>\n<meta property=\"og:type\" content=\"article\" \/>\n<meta property=\"og:title\" content=\"Isabelly ser\u00e1 operada nesta sexta-feira (16) - P\u00f3lis Recreio\" \/>\n<meta property=\"og:description\" content=\"Depois de uma longa espera, Isabelly, de 7 meses, moradora da Vila S\u00e3o Jo\u00e3o da Sapucaia (Laranjal), a 38 km de Recreio, ser\u00e1 operada nesta sexta-feira (16) no Hospital Albert Sabin, em Juiz de Fora.\u00a0O caso da menina ganhou repercuss\u00e3o na regi\u00e3o h\u00e1 um m\u00eas.\" \/>\n<meta property=\"og:url\" content=\"https:\/\/www.polisrecreio.com.br\/site\/2018\/03\/15\/isabelly-sera-operada-nesta-sexta-feira-16\/\" \/>\n<meta property=\"og:site_name\" content=\"P\u00f3lis Recreio\" \/>\n<meta property=\"article:publisher\" content=\"https:\/\/www.facebook.com\/Site-P%c3%b3lis-Recreio-MG-181941708571019\/\" \/>\n<meta property=\"article:published_time\" content=\"2018-03-15T23:00:09+00:00\" \/>\n<meta property=\"og:image\" content=\"https:\/\/www.polisrecreio.com.br\/site\/wp-content\/uploads\/2018\/03\/e24a3ec86ced49249285dc7c9e7cd03b.jpg\" \/>\n\t<meta property=\"og:image:width\" content=\"900\" \/>\n\t<meta property=\"og:image:height\" content=\"500\" \/>\n<meta name=\"twitter:card\" content=\"summary_large_image\" \/>\n<meta name=\"twitter:creator\" content=\"@PolisRecreio\" \/>\n<meta name=\"twitter:site\" content=\"@PolisRecreio\" \/>\n<meta name=\"twitter:label1\" content=\"Est. reading time\">\n\t<meta name=\"twitter:data1\" content=\"2 minutos\">\n<script type=\"application\/ld+json\" class=\"yoast-schema-graph\">{\"@context\":\"https:\/\/schema.org\",\"@graph\":[{\"@type\":\"WebSite\",\"@id\":\"https:\/\/www.polisrecreio.com.br\/site\/#website\",\"url\":\"https:\/\/www.polisrecreio.com.br\/site\/\",\"name\":\"P\\u00f3lis Recreio\",\"description\":\"\",\"potentialAction\":[{\"@type\":\"SearchAction\",\"target\":\"https:\/\/www.polisrecreio.com.br\/site\/?s={search_term_string}\",\"query-input\":\"required name=search_term_string\"}],\"inLanguage\":\"pt-BR\"},{\"@type\":\"ImageObject\",\"@id\":\"https:\/\/www.polisrecreio.com.br\/site\/2018\/03\/15\/isabelly-sera-operada-nesta-sexta-feira-16\/#primaryimage\",\"inLanguage\":\"pt-BR\",\"url\":\"https:\/\/www.polisrecreio.com.br\/site\/wp-content\/uploads\/2018\/03\/e24a3ec86ced49249285dc7c9e7cd03b.jpg\",\"width\":900,\"height\":500},{\"@type\":\"WebPage\",\"@id\":\"https:\/\/www.polisrecreio.com.br\/site\/2018\/03\/15\/isabelly-sera-operada-nesta-sexta-feira-16\/#webpage\",\"url\":\"https:\/\/www.polisrecreio.com.br\/site\/2018\/03\/15\/isabelly-sera-operada-nesta-sexta-feira-16\/\",\"name\":\"Isabelly ser\\u00e1 operada nesta sexta-feira (16) - P\\u00f3lis Recreio\",\"isPartOf\":{\"@id\":\"https:\/\/www.polisrecreio.com.br\/site\/#website\"},\"primaryImageOfPage\":{\"@id\":\"https:\/\/www.polisrecreio.com.br\/site\/2018\/03\/15\/isabelly-sera-operada-nesta-sexta-feira-16\/#primaryimage\"},\"datePublished\":\"2018-03-15T23:00:09+00:00\",\"dateModified\":\"2018-03-15T23:00:09+00:00\",\"author\":{\"@id\":\"https:\/\/www.polisrecreio.com.br\/site\/#\/schema\/person\/3363c1c78e1e28e1329d97adb387638e\"},\"inLanguage\":\"pt-BR\",\"potentialAction\":[{\"@type\":\"ReadAction\",\"target\":[\"https:\/\/www.polisrecreio.com.br\/site\/2018\/03\/15\/isabelly-sera-operada-nesta-sexta-feira-16\/\"]}]},{\"@type\":\"Person\",\"@id\":\"https:\/\/www.polisrecreio.com.br\/site\/#\/schema\/person\/3363c1c78e1e28e1329d97adb387638e\",\"name\":\"Leonardo Ribeiro\",\"image\":{\"@type\":\"ImageObject\",\"@id\":\"https:\/\/www.polisrecreio.com.br\/site\/#personlogo\",\"inLanguage\":\"pt-BR\",\"url\":\"https:\/\/secure.gravatar.com\/avatar\/6ba92a37d621e1a83e23710251178a12?s=96&d=mm&r=g\",\"caption\":\"Leonardo Ribeiro\"},\"sameAs\":[\"http:\/\/www.polisrecreio.com.br\"]}]}<\/script>\n<!-- \/ Yoast SEO plugin. -->","_links":{"self":[{"href":"https:\/\/www.polisrecreio.com.br\/site\/wp-json\/wp\/v2\/posts\/9212"}],"collection":[{"href":"https:\/\/www.polisrecreio.com.br\/site\/wp-json\/wp\/v2\/posts"}],"about":[{"href":"https:\/\/www.polisrecreio.com.br\/site\/wp-json\/wp\/v2\/types\/post"}],"author":[{"embeddable":true,"href":"https:\/\/www.polisrecreio.com.br\/site\/wp-json\/wp\/v2\/users\/3"}],"replies":[{"embeddable":true,"href":"https:\/\/www.polisrecreio.com.br\/site\/wp-json\/wp\/v2\/comments?post=9212"}],"version-history":[{"count":1,"href":"https:\/\/www.polisrecreio.com.br\/site\/wp-json\/wp\/v2\/posts\/9212\/revisions"}],"predecessor-version":[{"id":9214,"href":"https:\/\/www.polisrecreio.com.br\/site\/wp-json\/wp\/v2\/posts\/9212\/revisions\/9214"}],"wp:featuredmedia":[{"embeddable":true,"href":"https:\/\/www.polisrecreio.com.br\/site\/wp-json\/wp\/v2\/media\/9213"}],"wp:attachment":[{"href":"https:\/\/www.polisrecreio.com.br\/site\/wp-json\/wp\/v2\/media?parent=9212"}],"wp:term":[{"taxonomy":"category","embeddable":true,"href":"https:\/\/www.polisrecreio.com.br\/site\/wp-json\/wp\/v2\/categories?post=9212"},{"taxonomy":"post_tag","embeddable":true,"href":"https:\/\/www.polisrecreio.com.br\/site\/wp-json\/wp\/v2\/tags?post=9212"}],"curies":[{"name":"wp","href":"https:\/\/api.w.org\/{rel}","templated":true}]}}