{"id":9215,"date":"2018-03-16T08:25:49","date_gmt":"2018-03-16T11:25:49","guid":{"rendered":"http:\/\/www.polisrecreio.com.br\/site\/?p=9215"},"modified":"2018-03-16T08:25:49","modified_gmt":"2018-03-16T11:25:49","slug":"cantor-gospel-lanca-cd-neste-sabado-17-em-recreio","status":"publish","type":"post","link":"https:\/\/www.polisrecreio.com.br\/site\/2018\/03\/16\/cantor-gospel-lanca-cd-neste-sabado-17-em-recreio\/","title":{"rendered":"Cantor gospel lan\u00e7a CD neste s\u00e1bado (17) em Recreio"},"content":{"rendered":"<p style=\"text-align: justify;\">Neste s\u00e1bado (17), o cantor gospel, L\u00e9o Gama, lan\u00e7a em Recreio na Assembleia de Deus \u2013 Minist\u00e9rio de Madureira \u2013 o CD \u201cCoitado do Gigante\u201d.<\/p>\n<p><!--more--><\/p>\n<figure id=\"attachment_9216\" aria-describedby=\"caption-attachment-9216\" style=\"width: 750px\" class=\"wp-caption aligncenter\"><a href=\"http:\/\/www.polisrecreio.com.br\/site\/wp-content\/uploads\/2018\/03\/26112260_1368684059897915_6748348521588754758_n.jpg\"><img loading=\"lazy\" class=\"size-full wp-image-9216\" src=\"http:\/\/www.polisrecreio.com.br\/site\/wp-content\/uploads\/2018\/03\/26112260_1368684059897915_6748348521588754758_n.jpg\" alt=\"\" width=\"750\" height=\"627\" srcset=\"https:\/\/www.polisrecreio.com.br\/site\/wp-content\/uploads\/2018\/03\/26112260_1368684059897915_6748348521588754758_n.jpg 750w, https:\/\/www.polisrecreio.com.br\/site\/wp-content\/uploads\/2018\/03\/26112260_1368684059897915_6748348521588754758_n-300x251.jpg 300w\" sizes=\"(max-width: 750px) 100vw, 750px\" \/><\/a><figcaption id=\"caption-attachment-9216\" class=\"wp-caption-text\">Cantor gospel, L\u00e9o Gama.<\/figcaption><\/figure>\n<p style=\"text-align: justify;\">Este ser\u00e1 o segundo trabalho musical do cantor recreiense que atualmente reside em Rio das Ostras (RJ). Para adquirir o CD, valor de R$ 10, o interessado pode entrar em contato com pelo <a href=\"https:\/\/www.facebook.com\/profile.php?id=100008064468738\" target=\"_blank\" rel=\"noopener\">Facebook L\u00e9o Gama<\/a> ou pelo telefone (22) 9.9916-2696.<\/p>\n<p style=\"text-align: justify;\">O evento est\u00e1 marcado para come\u00e7ar \u00e0s 19h. A igreja evang\u00e9lica fica no Largo Santo Ant\u00f4nio \u2013 102,\u00a0bairro Botafogo.<\/p>\n<figure id=\"attachment_9218\" aria-describedby=\"caption-attachment-9218\" style=\"width: 750px\" class=\"wp-caption aligncenter\"><a href=\"http:\/\/www.polisrecreio.com.br\/site\/wp-content\/uploads\/2018\/03\/29133388_2092308037714658_3189691710443618304_n.jpg\"><img loading=\"lazy\" class=\"size-full wp-image-9218\" src=\"http:\/\/www.polisrecreio.com.br\/site\/wp-content\/uploads\/2018\/03\/29133388_2092308037714658_3189691710443618304_n.jpg\" alt=\"\" width=\"750\" height=\"563\" srcset=\"https:\/\/www.polisrecreio.com.br\/site\/wp-content\/uploads\/2018\/03\/29133388_2092308037714658_3189691710443618304_n.jpg 750w, https:\/\/www.polisrecreio.com.br\/site\/wp-content\/uploads\/2018\/03\/29133388_2092308037714658_3189691710443618304_n-300x225.jpg 300w\" sizes=\"(max-width: 750px) 100vw, 750px\" \/><\/a><figcaption id=\"caption-attachment-9218\" class=\"wp-caption-text\">Ensaios com a banda.<\/figcaption><\/figure>\n<figure id=\"attachment_9217\" aria-describedby=\"caption-attachment-9217\" style=\"width: 750px\" class=\"wp-caption aligncenter\"><a href=\"http:\/\/www.polisrecreio.com.br\/site\/wp-content\/uploads\/2018\/03\/27540672_1528947790552149_6388210187035923226_n.jpg\"><img loading=\"lazy\" class=\"size-full wp-image-9217\" src=\"http:\/\/www.polisrecreio.com.br\/site\/wp-content\/uploads\/2018\/03\/27540672_1528947790552149_6388210187035923226_n.jpg\" alt=\"\" width=\"750\" height=\"394\" srcset=\"https:\/\/www.polisrecreio.com.br\/site\/wp-content\/uploads\/2018\/03\/27540672_1528947790552149_6388210187035923226_n.jpg 750w, https:\/\/www.polisrecreio.com.br\/site\/wp-content\/uploads\/2018\/03\/27540672_1528947790552149_6388210187035923226_n-300x158.jpg 300w\" sizes=\"(max-width: 750px) 100vw, 750px\" \/><\/a><figcaption id=\"caption-attachment-9217\" class=\"wp-caption-text\">CD &#8220;Coitado do Gigante&#8221;.<\/figcaption><\/figure>\n","protected":false},"excerpt":{"rendered":"<p>Neste s\u00e1bado (17), o cantor gospel, L\u00e9o Gama, lan\u00e7a em Recreio na Assembleia de Deus \u2013 Minist\u00e9rio de Madureira \u2013 o CD \u201cCoitado do Gigante\u201d.<\/p>\n","protected":false},"author":3,"featured_media":9216,"comment_status":"open","ping_status":"open","sticky":false,"template":"","format":"standard","meta":[],"categories":[6],"tags":[],"yoast_head":"<!-- This site is optimized with the Yoast SEO plugin v15.6.2 - https:\/\/yoast.com\/wordpress\/plugins\/seo\/ -->\n<meta name=\"robots\" content=\"index, follow, max-snippet:-1, max-image-preview:large, max-video-preview:-1\" \/>\n<link rel=\"canonical\" href=\"http:\/\/www.polisrecreio.com.br\/site\/2018\/03\/16\/cantor-gospel-lanca-cd-neste-sabado-17-em-recreio\/\" \/>\n<meta property=\"og:locale\" content=\"pt_BR\" \/>\n<meta property=\"og:type\" content=\"article\" \/>\n<meta property=\"og:title\" content=\"Cantor gospel lan\u00e7a CD neste s\u00e1bado (17) em Recreio - P\u00f3lis Recreio\" \/>\n<meta property=\"og:description\" content=\"Neste s\u00e1bado (17), o cantor gospel, L\u00e9o Gama, lan\u00e7a em Recreio na Assembleia de Deus \u2013 Minist\u00e9rio de Madureira \u2013 o CD \u201cCoitado do Gigante\u201d.\" \/>\n<meta property=\"og:url\" content=\"http:\/\/www.polisrecreio.com.br\/site\/2018\/03\/16\/cantor-gospel-lanca-cd-neste-sabado-17-em-recreio\/\" \/>\n<meta property=\"og:site_name\" content=\"P\u00f3lis Recreio\" \/>\n<meta property=\"article:publisher\" content=\"https:\/\/www.facebook.com\/Site-P%c3%b3lis-Recreio-MG-181941708571019\/\" \/>\n<meta property=\"article:published_time\" content=\"2018-03-16T11:25:49+00:00\" \/>\n<meta property=\"og:image\" content=\"https:\/\/www.polisrecreio.com.br\/site\/wp-content\/uploads\/2018\/03\/26112260_1368684059897915_6748348521588754758_n.jpg\" \/>\n\t<meta property=\"og:image:width\" content=\"750\" \/>\n\t<meta property=\"og:image:height\" content=\"627\" \/>\n<meta name=\"twitter:card\" content=\"summary_large_image\" \/>\n<meta name=\"twitter:creator\" content=\"@PolisRecreio\" \/>\n<meta name=\"twitter:site\" content=\"@PolisRecreio\" \/>\n<meta name=\"twitter:label1\" content=\"Est. reading time\">\n\t<meta name=\"twitter:data1\" content=\"1 minuto\">\n<script type=\"application\/ld+json\" class=\"yoast-schema-graph\">{\"@context\":\"https:\/\/schema.org\",\"@graph\":[{\"@type\":\"WebSite\",\"@id\":\"https:\/\/www.polisrecreio.com.br\/site\/#website\",\"url\":\"https:\/\/www.polisrecreio.com.br\/site\/\",\"name\":\"P\\u00f3lis Recreio\",\"description\":\"\",\"potentialAction\":[{\"@type\":\"SearchAction\",\"target\":\"https:\/\/www.polisrecreio.com.br\/site\/?s={search_term_string}\",\"query-input\":\"required name=search_term_string\"}],\"inLanguage\":\"pt-BR\"},{\"@type\":\"ImageObject\",\"@id\":\"http:\/\/www.polisrecreio.com.br\/site\/2018\/03\/16\/cantor-gospel-lanca-cd-neste-sabado-17-em-recreio\/#primaryimage\",\"inLanguage\":\"pt-BR\",\"url\":\"https:\/\/www.polisrecreio.com.br\/site\/wp-content\/uploads\/2018\/03\/26112260_1368684059897915_6748348521588754758_n.jpg\",\"width\":750,\"height\":627,\"caption\":\"Cantor gospel, L\\u00e9o Gama.\"},{\"@type\":\"WebPage\",\"@id\":\"http:\/\/www.polisrecreio.com.br\/site\/2018\/03\/16\/cantor-gospel-lanca-cd-neste-sabado-17-em-recreio\/#webpage\",\"url\":\"http:\/\/www.polisrecreio.com.br\/site\/2018\/03\/16\/cantor-gospel-lanca-cd-neste-sabado-17-em-recreio\/\",\"name\":\"Cantor gospel lan\\u00e7a CD neste s\\u00e1bado (17) em Recreio - P\\u00f3lis Recreio\",\"isPartOf\":{\"@id\":\"https:\/\/www.polisrecreio.com.br\/site\/#website\"},\"primaryImageOfPage\":{\"@id\":\"http:\/\/www.polisrecreio.com.br\/site\/2018\/03\/16\/cantor-gospel-lanca-cd-neste-sabado-17-em-recreio\/#primaryimage\"},\"datePublished\":\"2018-03-16T11:25:49+00:00\",\"dateModified\":\"2018-03-16T11:25:49+00:00\",\"author\":{\"@id\":\"https:\/\/www.polisrecreio.com.br\/site\/#\/schema\/person\/3363c1c78e1e28e1329d97adb387638e\"},\"inLanguage\":\"pt-BR\",\"potentialAction\":[{\"@type\":\"ReadAction\",\"target\":[\"http:\/\/www.polisrecreio.com.br\/site\/2018\/03\/16\/cantor-gospel-lanca-cd-neste-sabado-17-em-recreio\/\"]}]},{\"@type\":\"Person\",\"@id\":\"https:\/\/www.polisrecreio.com.br\/site\/#\/schema\/person\/3363c1c78e1e28e1329d97adb387638e\",\"name\":\"Leonardo Ribeiro\",\"image\":{\"@type\":\"ImageObject\",\"@id\":\"https:\/\/www.polisrecreio.com.br\/site\/#personlogo\",\"inLanguage\":\"pt-BR\",\"url\":\"https:\/\/secure.gravatar.com\/avatar\/6ba92a37d621e1a83e23710251178a12?s=96&d=mm&r=g\",\"caption\":\"Leonardo Ribeiro\"},\"sameAs\":[\"http:\/\/www.polisrecreio.com.br\"]}]}<\/script>\n<!-- \/ Yoast SEO plugin. -->","_links":{"self":[{"href":"https:\/\/www.polisrecreio.com.br\/site\/wp-json\/wp\/v2\/posts\/9215"}],"collection":[{"href":"https:\/\/www.polisrecreio.com.br\/site\/wp-json\/wp\/v2\/posts"}],"about":[{"href":"https:\/\/www.polisrecreio.com.br\/site\/wp-json\/wp\/v2\/types\/post"}],"author":[{"embeddable":true,"href":"https:\/\/www.polisrecreio.com.br\/site\/wp-json\/wp\/v2\/users\/3"}],"replies":[{"embeddable":true,"href":"https:\/\/www.polisrecreio.com.br\/site\/wp-json\/wp\/v2\/comments?post=9215"}],"version-history":[{"count":1,"href":"https:\/\/www.polisrecreio.com.br\/site\/wp-json\/wp\/v2\/posts\/9215\/revisions"}],"predecessor-version":[{"id":9219,"href":"https:\/\/www.polisrecreio.com.br\/site\/wp-json\/wp\/v2\/posts\/9215\/revisions\/9219"}],"wp:featuredmedia":[{"embeddable":true,"href":"https:\/\/www.polisrecreio.com.br\/site\/wp-json\/wp\/v2\/media\/9216"}],"wp:attachment":[{"href":"https:\/\/www.polisrecreio.com.br\/site\/wp-json\/wp\/v2\/media?parent=9215"}],"wp:term":[{"taxonomy":"category","embeddable":true,"href":"https:\/\/www.polisrecreio.com.br\/site\/wp-json\/wp\/v2\/categories?post=9215"},{"taxonomy":"post_tag","embeddable":true,"href":"https:\/\/www.polisrecreio.com.br\/site\/wp-json\/wp\/v2\/tags?post=9215"}],"curies":[{"name":"wp","href":"https:\/\/api.w.org\/{rel}","templated":true}]}}